{"id":7572,"date":"2019-01-04T08:55:10","date_gmt":"2019-01-04T08:55:10","guid":{"rendered":"http:\/\/www.cssr.news\/spanish\/?p=7572"},"modified":"2019-01-04T08:58:26","modified_gmt":"2019-01-04T08:58:26","slug":"ser-sacerdote-para-servir-a-un-pueblo-que-sufre-nicaragua","status":"publish","type":"post","link":"http:\/\/www.cssr.news\/spanish\/2019\/01\/ser-sacerdote-para-servir-a-un-pueblo-que-sufre-nicaragua\/","title":{"rendered":"Ser sacerdote para servir a un pueblo que sufre: Nicaragua"},"content":{"rendered":"<p style=\"text-align: justify;\">(Managua, Nicaragua) &#8211; En una celebraci\u00f3n eucar\u00edstica que cont\u00f3 con la participaci\u00f3n de m\u00e1s de 300 fieles cat\u00f3licos, la parroquia del Sant\u00edsimo Redentor ha festejado la alegr\u00eda de la ordenaci\u00f3n sacerdotal de Oscar Danilo Orozco Mart\u00ednez, de la congregaci\u00f3n redentorista.<br \/>\nEl obispo auxiliar de Managua, Monse\u00f1or Jos\u00e9 Silvio B\u00e1ez, ha presidido la celebraci\u00f3n en la cual enfatiz\u00f3 su mensaje: los sacerdotes se deben entregar a la gente, porque el sacerdote siempre debe estar &#8220;inclinado por el bienestar de la gente que lo necesita&#8221;.<\/p>\n<p style=\"text-align: justify;\"><a href=\"http:\/\/www.cssr.news\/spanish\/wp-content\/uploads\/sites\/3\/2019\/01\/ordenacion-cssr-2.jpg\"><img class=\"aligncenter size-full wp-image-7575\" src=\"http:\/\/www.cssr.news\/spanish\/wp-content\/uploads\/sites\/3\/2019\/01\/ordenacion-cssr-2.jpg\" alt=\"\" width=\"960\" height=\"720\" srcset=\"http:\/\/www.cssr.news\/spanish\/wp-content\/uploads\/sites\/3\/2019\/01\/ordenacion-cssr-2.jpg 960w, http:\/\/www.cssr.news\/spanish\/wp-content\/uploads\/sites\/3\/2019\/01\/ordenacion-cssr-2-300x225.jpg 300w, http:\/\/www.cssr.news\/spanish\/wp-content\/uploads\/sites\/3\/2019\/01\/ordenacion-cssr-2-768x576.jpg 768w, http:\/\/www.cssr.news\/spanish\/wp-content\/uploads\/sites\/3\/2019\/01\/ordenacion-cssr-2-80x60.jpg 80w, http:\/\/www.cssr.news\/spanish\/wp-content\/uploads\/sites\/3\/2019\/01\/ordenacion-cssr-2-265x198.jpg 265w, http:\/\/www.cssr.news\/spanish\/wp-content\/uploads\/sites\/3\/2019\/01\/ordenacion-cssr-2-696x522.jpg 696w, http:\/\/www.cssr.news\/spanish\/wp-content\/uploads\/sites\/3\/2019\/01\/ordenacion-cssr-2-560x420.jpg 560w\" sizes=\"(max-width: 960px) 100vw, 960px\" \/><\/a><br \/>\nMons. B\u00e1ez expres\u00f3 que \u201cDios env\u00eda a hablar en nombre de \u00c9l sin temor\u201d, a pesar de que en la actualidad esto se vuelva un riesgo.<br \/>\nDurante la homil\u00eda de este s\u00e1bado 29 de diciembre 2018 en la parroquia Sant\u00edsimo Redentor, Mons. B\u00e1ez invit\u00f3 a los sacerdotes a que pierdan el miedo ante &#8220;una sociedad como la nuestra: dolida, herida y sangrante&#8221;.<\/p>\n<p style=\"text-align: justify;\"><a href=\"http:\/\/www.cssr.news\/spanish\/wp-content\/uploads\/sites\/3\/2019\/01\/ordenacion-cssr-4.jpg\"><img class=\"aligncenter size-full wp-image-7573\" src=\"http:\/\/www.cssr.news\/spanish\/wp-content\/uploads\/sites\/3\/2019\/01\/ordenacion-cssr-4.jpg\" alt=\"\" width=\"750\" height=\"588\" srcset=\"http:\/\/www.cssr.news\/spanish\/wp-content\/uploads\/sites\/3\/2019\/01\/ordenacion-cssr-4.jpg 750w, http:\/\/www.cssr.news\/spanish\/wp-content\/uploads\/sites\/3\/2019\/01\/ordenacion-cssr-4-300x235.jpg 300w, http:\/\/www.cssr.news\/spanish\/wp-content\/uploads\/sites\/3\/2019\/01\/ordenacion-cssr-4-696x546.jpg 696w, http:\/\/www.cssr.news\/spanish\/wp-content\/uploads\/sites\/3\/2019\/01\/ordenacion-cssr-4-536x420.jpg 536w\" sizes=\"(max-width: 750px) 100vw, 750px\" \/><\/a><\/p>\n<p style=\"text-align: justify;\">Luego a\u00f1adi\u00f3 que no se debe temer para &#8220;anunciar y denunciar las fuerzas oscuras, hay necesidad de sacerdotes samaritanos que sepan llorar con los que lloran. El sacerdocio no es una profesi\u00f3n, sino una misi\u00f3n que hay que vivir, una entrega amorosa hacia la gente&#8221;, concluy\u00f3.<\/p>\n<p style=\"text-align: justify;\">Los comunidad de sacerdotes redentoristas, por medio del provincial de Centroam\u00e9rica, Nery M\u00e9ndez, de Guatemala, mostraron todo el apoyo al pueblo de Nicaragua y aseguran que siguen orando para que llegue la paz al pa\u00eds.<br \/>\nLas \u00faltimas palabras de la celebraci\u00f3n fueron del padre R\u00f3ger Mart\u00ednez CSsR, p\u00e1rroco de la parroquia Sant\u00edsimo Redentor, quien agradeci\u00f3 la cercan\u00eda de Monse\u00f1or B\u00e1ez con el pueblo de Nicaragua.<\/p>\n<p style=\"text-align: justify;\"><a href=\"http:\/\/www.cssr.news\/spanish\/wp-content\/uploads\/sites\/3\/2019\/01\/ordenacion-cssr-3.jpg\"><img class=\"aligncenter size-full wp-image-7574\" src=\"http:\/\/www.cssr.news\/spanish\/wp-content\/uploads\/sites\/3\/2019\/01\/ordenacion-cssr-3.jpg\" alt=\"\" width=\"960\" height=\"960\" srcset=\"http:\/\/www.cssr.news\/spanish\/wp-content\/uploads\/sites\/3\/2019\/01\/ordenacion-cssr-3.jpg 960w, http:\/\/www.cssr.news\/spanish\/wp-content\/uploads\/sites\/3\/2019\/01\/ordenacion-cssr-3-150x150.jpg 150w, http:\/\/www.cssr.news\/spanish\/wp-content\/uploads\/sites\/3\/2019\/01\/ordenacion-cssr-3-300x300.jpg 300w, http:\/\/www.cssr.news\/spanish\/wp-content\/uploads\/sites\/3\/2019\/01\/ordenacion-cssr-3-768x768.jpg 768w, http:\/\/www.cssr.news\/spanish\/wp-content\/uploads\/sites\/3\/2019\/01\/ordenacion-cssr-3-696x696.jpg 696w, http:\/\/www.cssr.news\/spanish\/wp-content\/uploads\/sites\/3\/2019\/01\/ordenacion-cssr-3-420x420.jpg 420w\" sizes=\"(max-width: 960px) 100vw, 960px\" \/><\/a>&#8220;Hoy 29 de diciembre tuve la alegr\u00eda de conferir la ordenaci\u00f3n sacerdotal al religioso redentorista nicarag\u00fcense Oscar Danilo Orozco Mart\u00ednez. \u00a1Felicidades al P. \u00d3scar Danilo y a toda la familia de padres misioneros redentoristas! Que el Se\u00f1or haga muy fecundo el ministerio de este nuevo sacerdote nicarag\u00fcense&#8221;, escribi\u00f3 Mons. B\u00e1ez en su perfil Twitter.<\/p>\n<p style=\"text-align: justify;\">Scala News<\/p>\n","protected":false},"excerpt":{"rendered":"<p>(Managua, Nicaragua) &#8211; En una celebraci\u00f3n eucar\u00edstica que cont\u00f3 con la participaci\u00f3n de m\u00e1s de 300 fieles cat\u00f3licos, la parroquia del Sant\u00edsimo Redentor ha festejado la alegr\u00eda de la ordenaci\u00f3n sacerdotal de Oscar Danilo Orozco Mart\u00ednez, de la congregaci\u00f3n redentorista. El obispo auxiliar de Managua, Monse\u00f1or Jos\u00e9 Silvio B\u00e1ez, ha presidido la celebraci\u00f3n en la [&hellip;]<\/p>\n","protected":false},"author":3,"featured_media":7576,"comment_status":"closed","ping_status":"closed","sticky":false,"template":"","format":"standard","meta":[],"categories":[15],"tags":[],"_links":{"self":[{"href":"http:\/\/www.cssr.news\/spanish\/wp-json\/wp\/v2\/posts\/7572"}],"collection":[{"href":"http:\/\/www.cssr.news\/spanish\/wp-json\/wp\/v2\/posts"}],"about":[{"href":"http:\/\/www.cssr.news\/spanish\/wp-json\/wp\/v2\/types\/post"}],"author":[{"embeddable":true,"href":"http:\/\/www.cssr.news\/spanish\/wp-json\/wp\/v2\/users\/3"}],"replies":[{"embeddable":true,"href":"http:\/\/www.cssr.news\/spanish\/wp-json\/wp\/v2\/comments?post=7572"}],"version-history":[{"count":5,"href":"http:\/\/www.cssr.news\/spanish\/wp-json\/wp\/v2\/posts\/7572\/revisions"}],"predecessor-version":[{"id":7581,"href":"http:\/\/www.cssr.news\/spanish\/wp-json\/wp\/v2\/posts\/7572\/revisions\/7581"}],"wp:featuredmedia":[{"embeddable":true,"href":"http:\/\/www.cssr.news\/spanish\/wp-json\/wp\/v2\/media\/7576"}],"wp:attachment":[{"href":"http:\/\/www.cssr.news\/spanish\/wp-json\/wp\/v2\/media?parent=7572"}],"wp:term":[{"taxonomy":"category","embeddable":true,"href":"http:\/\/www.cssr.news\/spanish\/wp-json\/wp\/v2\/categories?post=7572"},{"taxonomy":"post_tag","embeddable":true,"href":"http:\/\/www.cssr.news\/spanish\/wp-json\/wp\/v2\/tags?post=7572"}],"curies":[{"name":"wp","href":"https:\/\/api.w.org\/{rel}","templated":true}]}}