{"id":7582,"date":"2019-01-07T11:15:14","date_gmt":"2019-01-07T11:15:14","guid":{"rendered":"http:\/\/www.cssr.news\/spanish\/?p=7582"},"modified":"2019-01-17T12:27:17","modified_gmt":"2019-01-17T12:27:17","slug":"eslovaquia-las-misiones-populares-redentoristas-se-realizaran-en-25-ciudades-en-2019","status":"publish","type":"post","link":"http:\/\/www.cssr.news\/spanish\/2019\/01\/eslovaquia-las-misiones-populares-redentoristas-se-realizaran-en-25-ciudades-en-2019\/","title":{"rendered":"Eslovaquia: las misiones populares redentoristas se realizar\u00e1n en 25 ciudades en 2019"},"content":{"rendered":"<p style=\"text-align: justify;\">(Bratislava, Eslovaquia) &#8211; Las misiones populares redentoristas se llevar\u00e1n a cabo en 25 ciudades y municipios eslovacos en el a\u00f1o 2019.<\/p>\n<p style=\"text-align: justify;\">Las misiones se llevar\u00e1n a cabo guiadas por los grupos de misioneros preparados por el P. Michala Zamkovsk\u00e9ho (comunidad de Podolinec), el P. Ivana Flimela (comunidad de Kostoln\u00e1-Z\u00e1rie\u010die) y la unidad de Bratislava-Pushkin.<\/p>\n<p style=\"text-align: justify;\">Las primeras misiones populares para el 2019 comenzar\u00e1n el 12 de enero en Beleja, cerca de Varina, bajo la direcci\u00f3n del Padre Michala Zamkovsk\u00e9ho. El a\u00f1o pasado, una de las misiones en Prese\u013eany ya se hab\u00eda llevado a cabo, dirigida por el equipo del P. Ivan Flimel, que termin\u00f3 el 8 de diciembre. Las misiones son una forma extraordinaria de proclamar el Evangelio en la Iglesia.<\/p>\n<p style=\"text-align: justify;\">Su gran importancia fue recordada por Benedicto XVI y luego alentada por el Papa Francisco. Un momento especial de este tipo de anuncio fue el A\u00f1o de la Misericordia. El padre Michala Zamkovsk\u00e9ho afirma: &#8220;Las misiones redentoristas deben ayudar a crear el modelo de posguerra de la Iglesia, donde las comunidades juegan un papel importante. Existe el espacio donde el creyente puede madurar su fe, donde con esperanza, puede extenderse la pr\u00e1ctica del amor cristiano. Tambi\u00e9n se ve el despertar del celo y la responsabilidad misionera de difundir el reino de Dios. La Misi\u00f3n popular requiere una buena preparaci\u00f3n de la parroquia, los grupos de oraci\u00f3n y el compromiso del equipo misionero &#8220;.<\/p>\n<p style=\"text-align: justify;\"><a href=\"http:\/\/www.cssr.news\/spanish\/wp-content\/uploads\/sites\/3\/2019\/01\/croce_cssr_sl.jpg\"><img class=\"aligncenter wp-image-7583 size-full\" src=\"http:\/\/www.cssr.news\/spanish\/wp-content\/uploads\/sites\/3\/2019\/01\/croce_cssr_sl.jpg\" alt=\"\" width=\"960\" height=\"720\" srcset=\"http:\/\/www.cssr.news\/spanish\/wp-content\/uploads\/sites\/3\/2019\/01\/croce_cssr_sl.jpg 960w, http:\/\/www.cssr.news\/spanish\/wp-content\/uploads\/sites\/3\/2019\/01\/croce_cssr_sl-300x225.jpg 300w, http:\/\/www.cssr.news\/spanish\/wp-content\/uploads\/sites\/3\/2019\/01\/croce_cssr_sl-768x576.jpg 768w, http:\/\/www.cssr.news\/spanish\/wp-content\/uploads\/sites\/3\/2019\/01\/croce_cssr_sl-80x60.jpg 80w, http:\/\/www.cssr.news\/spanish\/wp-content\/uploads\/sites\/3\/2019\/01\/croce_cssr_sl-265x198.jpg 265w, http:\/\/www.cssr.news\/spanish\/wp-content\/uploads\/sites\/3\/2019\/01\/croce_cssr_sl-696x522.jpg 696w, http:\/\/www.cssr.news\/spanish\/wp-content\/uploads\/sites\/3\/2019\/01\/croce_cssr_sl-560x420.jpg 560w\" sizes=\"(max-width: 960px) 100vw, 960px\" \/><\/a><\/p>\n<p style=\"text-align: justify;\">La actividad misionera de la Iglesia se lleva a cabo de manera especial a trav\u00e9s del servicio de misioneros individuales (sacerdotes y laicos) que la Iglesia env\u00eda a trav\u00e9s de un obispo o un responsable eclesial. Los misioneros de todos los tiempos reviven la conciencia de que son enviados por la Iglesia, no hacen su trabajo por la propia voluntad y con su fuerza, sino que detr\u00e1s de ellos est\u00e1 el misterioso cuerpo de Cristo. La iglesia no solo los env\u00eda, sino que los sostiene con oraciones y sacrificios, especialmente con las de los enfermos y los que sufren. Por las misiones populares de los Redentoristas, rezan especialmente las hermanas religiosas y los Redentoristas. Dado que las misiones est\u00e1n arraigadas en la misi\u00f3n de la Iglesia, es necesario invitar al administrador de la parroquia con el consentimiento del obispo diocesano para su implementaci\u00f3n en la parroquia. Tambi\u00e9n son importantes las reuniones con los misioneros redentoristas, las peregrinaciones (especialmente Gaboltov), \u200b\u200bel primer domingo en Podol\u00edn, etc.<\/p>\n<p style=\"text-align: justify;\">Padre Rastislav Dluhy CSsR<br \/>\nCoordinador de Medios de Bratislava<\/p>\n","protected":false},"excerpt":{"rendered":"<p>(Bratislava, Eslovaquia) &#8211; Las misiones populares redentoristas se llevar\u00e1n a cabo en 25 ciudades y municipios eslovacos en el a\u00f1o 2019. Las misiones se llevar\u00e1n a cabo guiadas por los grupos de misioneros preparados por el P. Michala Zamkovsk\u00e9ho (comunidad de Podolinec), el P. Ivana Flimela (comunidad de Kostoln\u00e1-Z\u00e1rie\u010die) y la unidad de Bratislava-Pushkin. Las [&hellip;]<\/p>\n","protected":false},"author":3,"featured_media":7584,"comment_status":"closed","ping_status":"closed","sticky":false,"template":"","format":"standard","meta":[],"categories":[9],"tags":[],"_links":{"self":[{"href":"http:\/\/www.cssr.news\/spanish\/wp-json\/wp\/v2\/posts\/7582"}],"collection":[{"href":"http:\/\/www.cssr.news\/spanish\/wp-json\/wp\/v2\/posts"}],"about":[{"href":"http:\/\/www.cssr.news\/spanish\/wp-json\/wp\/v2\/types\/post"}],"author":[{"embeddable":true,"href":"http:\/\/www.cssr.news\/spanish\/wp-json\/wp\/v2\/users\/3"}],"replies":[{"embeddable":true,"href":"http:\/\/www.cssr.news\/spanish\/wp-json\/wp\/v2\/comments?post=7582"}],"version-history":[{"count":2,"href":"http:\/\/www.cssr.news\/spanish\/wp-json\/wp\/v2\/posts\/7582\/revisions"}],"predecessor-version":[{"id":7639,"href":"http:\/\/www.cssr.news\/spanish\/wp-json\/wp\/v2\/posts\/7582\/revisions\/7639"}],"wp:featuredmedia":[{"embeddable":true,"href":"http:\/\/www.cssr.news\/spanish\/wp-json\/wp\/v2\/media\/7584"}],"wp:attachment":[{"href":"http:\/\/www.cssr.news\/spanish\/wp-json\/wp\/v2\/media?parent=7582"}],"wp:term":[{"taxonomy":"category","embeddable":true,"href":"http:\/\/www.cssr.news\/spanish\/wp-json\/wp\/v2\/categories?post=7582"},{"taxonomy":"post_tag","embeddable":true,"href":"http:\/\/www.cssr.news\/spanish\/wp-json\/wp\/v2\/tags?post=7582"}],"curies":[{"name":"wp","href":"https:\/\/api.w.org\/{rel}","templated":true}]}}