{"id":7587,"date":"2019-01-08T13:07:25","date_gmt":"2019-01-08T13:07:25","guid":{"rendered":"http:\/\/www.cssr.news\/spanish\/?p=7587"},"modified":"2019-08-26T15:12:39","modified_gmt":"2019-08-26T15:12:39","slug":"en-varsovia-en-el-poder-del-espiritu-el-ano-2019-dedicado-a-san-gerardo-maiella","status":"publish","type":"post","link":"http:\/\/www.cssr.news\/spanish\/2019\/01\/en-varsovia-en-el-poder-del-espiritu-el-ano-2019-dedicado-a-san-gerardo-maiella\/","title":{"rendered":"En Varsovia: en el poder del Esp\u00edritu, el a\u00f1o 2019 dedicado a San Gerardo Maiella"},"content":{"rendered":"<p style=\"text-align: justify\">(Varsovia, Polonia) &#8211; Del 1 de enero al 31 de diciembre de 2019, en todas las iglesias, comunidades e instituciones de la Provincia Redentorista de Varsovia, celebraremos el a\u00f1o de San Gerardo Maiella.<\/p>\n<p style=\"text-align: justify\">A trav\u00e9s de diversos eventos, iniciativas pastorales y publicaciones, queremos acercar a los fieles a la figura de nuestro hermano santo, quien es venerado como el patr\u00f3n de las madres que esperan el nacimiento de un ni\u00f1o y defienden los matrimonios pidiendo el regalo de la descendencia. Tambi\u00e9n es el patr\u00f3n de una buena confesi\u00f3n.<\/p>\n<p style=\"text-align: justify\">El 2 de enero de este a\u00f1o, en una entrevista con Radio Maryja en el programa &#8220;Noticias del d\u00eda&#8221;, el Padre Sylwester Caba\u0142a, C.Ss.R., present\u00f3 un panorama de la vida y el perfil espiritual de San Gerardo Maiella. Tambi\u00e9n mencion\u00f3 los esfuerzos que se est\u00e1n haciendo para iniciar a revivir el culto de San Gerardo entre los grupos de fieles.<\/p>\n<p style=\"text-align: justify\">San Gerardo Majella, redentorista (1726-1755), es un hermano carism\u00e1tico. Su vida fiel abund\u00f3 en muchos milagros y acontecimientos extraordinarios. Super\u00f3 las situaciones dif\u00edciles simplemente confiando en Cristo y gui\u00f3 a las personas a descubrir el amor de Dios.<\/p>\n<p style=\"text-align: justify\">(www.redemptor.pl)<\/p>\n","protected":false},"excerpt":{"rendered":"<p>(Varsovia, Polonia) &#8211; Del 1 de enero al 31 de diciembre de 2019, en todas las iglesias, comunidades e instituciones de la Provincia Redentorista de Varsovia, celebraremos el a\u00f1o de San Gerardo Maiella. A trav\u00e9s de diversos eventos, iniciativas pastorales y publicaciones, queremos acercar a los fieles a la figura de nuestro hermano santo, quien [&hellip;]<\/p>\n","protected":false},"author":3,"featured_media":7588,"comment_status":"closed","ping_status":"closed","sticky":false,"template":"","format":"standard","meta":[],"categories":[12],"tags":[],"_links":{"self":[{"href":"http:\/\/www.cssr.news\/spanish\/wp-json\/wp\/v2\/posts\/7587"}],"collection":[{"href":"http:\/\/www.cssr.news\/spanish\/wp-json\/wp\/v2\/posts"}],"about":[{"href":"http:\/\/www.cssr.news\/spanish\/wp-json\/wp\/v2\/types\/post"}],"author":[{"embeddable":true,"href":"http:\/\/www.cssr.news\/spanish\/wp-json\/wp\/v2\/users\/3"}],"replies":[{"embeddable":true,"href":"http:\/\/www.cssr.news\/spanish\/wp-json\/wp\/v2\/comments?post=7587"}],"version-history":[{"count":2,"href":"http:\/\/www.cssr.news\/spanish\/wp-json\/wp\/v2\/posts\/7587\/revisions"}],"predecessor-version":[{"id":9146,"href":"http:\/\/www.cssr.news\/spanish\/wp-json\/wp\/v2\/posts\/7587\/revisions\/9146"}],"wp:featuredmedia":[{"embeddable":true,"href":"http:\/\/www.cssr.news\/spanish\/wp-json\/wp\/v2\/media\/7588"}],"wp:attachment":[{"href":"http:\/\/www.cssr.news\/spanish\/wp-json\/wp\/v2\/media?parent=7587"}],"wp:term":[{"taxonomy":"category","embeddable":true,"href":"http:\/\/www.cssr.news\/spanish\/wp-json\/wp\/v2\/categories?post=7587"},{"taxonomy":"post_tag","embeddable":true,"href":"http:\/\/www.cssr.news\/spanish\/wp-json\/wp\/v2\/tags?post=7587"}],"curies":[{"name":"wp","href":"https:\/\/api.w.org\/{rel}","templated":true}]}}