{"id":7590,"date":"2019-01-08T10:41:06","date_gmt":"2019-01-08T10:41:06","guid":{"rendered":"http:\/\/www.cssr.news\/spanish\/?p=7590"},"modified":"2019-01-09T10:53:02","modified_gmt":"2019-01-09T10:53:02","slug":"beato-pedro-donders-profeta-de-justicia-y-liberacion","status":"publish","type":"post","link":"http:\/\/www.cssr.news\/spanish\/2019\/01\/beato-pedro-donders-profeta-de-justicia-y-liberacion\/","title":{"rendered":"Beato Pedro Donders: Profeta de justicia y liberaci\u00f3n"},"content":{"rendered":"<p style=\"text-align: justify;\">El 14 de enero celebramos la fiesta del Beato Pedro Donders. Fue proclamado Beato por Juan Pablo II el 23 de mayo de 1982. Como podemos imaginar, hay muchos elementos t\u00e9cnicos en el proceso de canonizaci\u00f3n. Adem\u00e1s de los milagros aprobados, un elemento importante en el proceso de canonizaci\u00f3n es el de la devoci\u00f3n popular a la persona. Creo que este programa de promoci\u00f3n de la devoci\u00f3n popular es uno de los que todos, como Familia Redentorista, debemos emprender, no solo para promover a uno de los nuestros, sino tambi\u00e9n por la valiosa contribuci\u00f3n e inspiraci\u00f3n que la vida de Pedro Donders ofrece a la sociedad y a la Iglesia.<\/p>\n<p style=\"text-align: justify;\"><a href=\"http:\/\/www.cssr.news\/spanish\/wp-content\/uploads\/sites\/3\/2019\/01\/Peter-Donders-image.jpeg\"><img class=\"alignleft wp-image-7592 size-medium\" src=\"http:\/\/www.cssr.news\/spanish\/wp-content\/uploads\/sites\/3\/2019\/01\/Peter-Donders-image-236x300.jpeg\" alt=\"\" width=\"236\" height=\"300\" srcset=\"http:\/\/www.cssr.news\/spanish\/wp-content\/uploads\/sites\/3\/2019\/01\/Peter-Donders-image-236x300.jpeg 236w, http:\/\/www.cssr.news\/spanish\/wp-content\/uploads\/sites\/3\/2019\/01\/Peter-Donders-image-768x977.jpeg 768w, http:\/\/www.cssr.news\/spanish\/wp-content\/uploads\/sites\/3\/2019\/01\/Peter-Donders-image-805x1024.jpeg 805w, http:\/\/www.cssr.news\/spanish\/wp-content\/uploads\/sites\/3\/2019\/01\/Peter-Donders-image-696x885.jpeg 696w, http:\/\/www.cssr.news\/spanish\/wp-content\/uploads\/sites\/3\/2019\/01\/Peter-Donders-image-330x420.jpeg 330w, http:\/\/www.cssr.news\/spanish\/wp-content\/uploads\/sites\/3\/2019\/01\/Peter-Donders-image.jpeg 1000w\" sizes=\"(max-width: 236px) 100vw, 236px\" \/><\/a>Mientras le\u00eda el volumen de Espiritualidad redentorista (n. 9, en espa\u00f1ol) sobre Pedro Donders, me sorprendi\u00f3 una dimensi\u00f3n que podemos usar, y que tambi\u00e9n lo menciona el coordinador de este volumen, Padre, ahora obispo, Noel Londo\u00f1o, C. .R., es el llamado cristiano del bautismo de ser profetas en medio de las realidades humanas.<\/p>\n<p style=\"text-align: justify;\">A lo largo de las d\u00e9cadas y a\u00f1os posteriores al contacto europeo, Am\u00e9rica Latina ha sufrido grandes cambios culturales y pol\u00edticos que habr\u00edan llevado a los movimientos de independencia del siglo XIX y los trastornos sociales del siglo XX.<\/p>\n<p style=\"text-align: justify;\">Pedro Donders naci\u00f3 en 1809, a principios del siglo XIX. Lleg\u00f3 como misionero a la colonia holandesa de Suriname en 1842 y trajo consigo el pensamiento pol\u00edtico, social, moral y eclesial actual de aquellos tiempos en Europa, donde la justicia y la liberaci\u00f3n eran ciertamente temas centrales.<\/p>\n<p style=\"text-align: justify;\">Popularmente, solemos limitar nuestras referencias a Pedro Donders como ap\u00f3stol de los leprosos, lo cual est\u00e1 justificado ya que trabaj\u00f3 durante 28 a\u00f1os, con algunas interrupciones, en el lugar llamado Batavia, creado espec\u00edficamente para recibir a los leprosos en la regi\u00f3n. Muri\u00f3 entre los leprosos el 14 de enero de 1887.<\/p>\n<p style=\"text-align: justify;\">Pero Pedro Donders tambi\u00e9n estaba en contacto con varios grupos humanos de personas explotadas y esclavizadas, incluidos unos 40,000 esclavos concentrados en 400 asentamientos coloniales. En sus esfuerzos de evangelizaci\u00f3n, a menudo se enfrent\u00f3 a la resistencia de los colonizadores &#8220;cristianos&#8221; que obstacularon su entrada a las plantaciones, incluso para administrar los sacramentos. De hecho, antes de su muerte (1887), la esclavitud en Suriname fue abolida en 1863.<\/p>\n<p style=\"text-align: justify;\">Pedro Donders tambi\u00e9n se dedic\u00f3 a la evangelizaci\u00f3n de los pueblos ind\u00edgenas que fueron marcadamente afectados por el alcohol y otras enfermedades, como la viruela importada de los europeos. Estos pueblos eran tribus araucas, warros y guarn\u00ed. Como otros evangelizadores, Pedro Donders encontr\u00f3 innumerables dificultades con los Caribes, tambi\u00e9n conocidos como &#8220;las pieles rojas del sur&#8221;. Es interesante observar que el Vicario apost\u00f3lico durante su visita a Suriname durante el per\u00edodo de Pedro Donders coment\u00f3 que en ese momento la mayor\u00eda de la poblaci\u00f3n ind\u00edgena de Suriname era cat\u00f3lica debido y gracias a la labor incansable y pionera de Pedro Donders, &#8220;el ap\u00f3stol de los nativos &#8220;.<\/p>\n<p style=\"text-align: justify;\">Lo que estos hechos hist\u00f3ricos misioneros y ministeriales subrayan es la importancia de la liberaci\u00f3n y la justicia humana en el trabajo de evangelizaci\u00f3n. Pedro Donders fue a menudo el portavoz de la comunidad redentorista a favor de todos aquellos que fueron explotados, esclavizados y marginados. Estos inclu\u00edan, adem\u00e1s de los leprosos abandonados y marginados, los nativos y los esclavos.<\/p>\n<p style=\"text-align: justify;\"><a href=\"http:\/\/www.cssr.news\/spanish\/wp-content\/uploads\/sites\/3\/2019\/01\/Romero.jpg\"><img class=\"aligncenter size-full wp-image-7593\" src=\"http:\/\/www.cssr.news\/spanish\/wp-content\/uploads\/sites\/3\/2019\/01\/Romero.jpg\" alt=\"\" width=\"478\" height=\"640\" srcset=\"http:\/\/www.cssr.news\/spanish\/wp-content\/uploads\/sites\/3\/2019\/01\/Romero.jpg 478w, http:\/\/www.cssr.news\/spanish\/wp-content\/uploads\/sites\/3\/2019\/01\/Romero-224x300.jpg 224w, http:\/\/www.cssr.news\/spanish\/wp-content\/uploads\/sites\/3\/2019\/01\/Romero-314x420.jpg 314w\" sizes=\"(max-width: 478px) 100vw, 478px\" \/><\/a><\/p>\n<p style=\"text-align: justify;\">Me parece que un fuerte inter\u00e9s para promover la devoci\u00f3n y el reconocimiento de Pedro Donders es ubicarlo entre las figuras de los movimientos hist\u00f3ricos de la justicia y la liberaci\u00f3n en Am\u00e9rica Latina, donde es pionero junto con a otros en la lista de figuras prof\u00e9ticas canonizadas que culminan en el siglo XX con Obispo Oscar Arnulfo Romero (canonizado el 15 de octubre de 2018).<\/p>\n<p style=\"text-align: justify;\">Un ejemplo de la voz prof\u00e9tica de Pedro Donders son sus cartas, que el coordinador del volumen de Espiritualidad Redentorista dedicada a Donders, indica que puede ubicarse entre las antolog\u00edas de los testigos prof\u00e9ticos de la Iglesia en Am\u00e9rica Latina. En sus cartas, Pedro Donders refleja los siguientes elementos prof\u00e9ticos tradicionales: una visi\u00f3n prof\u00e9tica de la realidad de Suriname, la denuncia de los responsables, la reacci\u00f3n prof\u00e9tica a estas injusticias, la esperanza de liberaci\u00f3n y la imposibilidad de una aut\u00e9ntica evangelizaci\u00f3n sin este precedente: la liberaci\u00f3n.<\/p>\n<p style=\"text-align: justify;\">Para citar solo un ejemplo de esto, tenemos una carta escrita en 1846 en defensa de los esclavos. Despu\u00e9s de mencionar si en Surinam hab\u00eda al menos tantos tratamientos para los oprimidos y explotados que en Europa para las mascotas, las cosas ser\u00edan mucho mejores, escribe Pedro Donders, y cito:<\/p>\n<p style=\"text-align: justify; padding-left: 30px;\">&#8220;\u00a1Ay! \u00a1Ay de Surinam en el gran d\u00eda del juicio! \u00a1Ay! \u00a1Ay! S\u00ed, mil veces! Problemas a causa de los europeos, los due\u00f1os de los esclavos en las plantaciones, los administradores, los directores y los guardias (de todos los que dominan a los esclavos). \u00a1Ay de aquellos que est\u00e1n enriquecidos con el sudor y la sangre de los pobres esclavos, que ya no tienen otro defensor sino Dios!&#8221;<\/p>\n<p style=\"text-align: justify;\">Estas fueron palabras fuertes en su tiempo como lo ser\u00edan tambi\u00e9n hoy.<\/p>\n<p style=\"text-align: justify;\">Que Pedro Donders sea nuestra inspiraci\u00f3n para estar lleno de su esp\u00edritu prof\u00e9tico y para romper las barreras de miedo y ansiedad que nos impiden vivir la dimensi\u00f3n prof\u00e9tica a la que nuestro carisma nos llama como seguidores del Redentor.<\/p>\n<p style=\"text-align: justify;\">Manuel Rodr\u00edguez Delgado, C.Ss.R.<\/p>\n","protected":false},"excerpt":{"rendered":"<p>El 14 de enero celebramos la fiesta del Beato Pedro Donders. Fue proclamado Beato por Juan Pablo II el 23 de mayo de 1982. Como podemos imaginar, hay muchos elementos t\u00e9cnicos en el proceso de canonizaci\u00f3n. Adem\u00e1s de los milagros aprobados, un elemento importante en el proceso de canonizaci\u00f3n es el de la devoci\u00f3n popular [&hellip;]<\/p>\n","protected":false},"author":3,"featured_media":7591,"comment_status":"closed","ping_status":"closed","sticky":false,"template":"","format":"standard","meta":[],"categories":[30],"tags":[],"_links":{"self":[{"href":"http:\/\/www.cssr.news\/spanish\/wp-json\/wp\/v2\/posts\/7590"}],"collection":[{"href":"http:\/\/www.cssr.news\/spanish\/wp-json\/wp\/v2\/posts"}],"about":[{"href":"http:\/\/www.cssr.news\/spanish\/wp-json\/wp\/v2\/types\/post"}],"author":[{"embeddable":true,"href":"http:\/\/www.cssr.news\/spanish\/wp-json\/wp\/v2\/users\/3"}],"replies":[{"embeddable":true,"href":"http:\/\/www.cssr.news\/spanish\/wp-json\/wp\/v2\/comments?post=7590"}],"version-history":[{"count":3,"href":"http:\/\/www.cssr.news\/spanish\/wp-json\/wp\/v2\/posts\/7590\/revisions"}],"predecessor-version":[{"id":7596,"href":"http:\/\/www.cssr.news\/spanish\/wp-json\/wp\/v2\/posts\/7590\/revisions\/7596"}],"wp:featuredmedia":[{"embeddable":true,"href":"http:\/\/www.cssr.news\/spanish\/wp-json\/wp\/v2\/media\/7591"}],"wp:attachment":[{"href":"http:\/\/www.cssr.news\/spanish\/wp-json\/wp\/v2\/media?parent=7590"}],"wp:term":[{"taxonomy":"category","embeddable":true,"href":"http:\/\/www.cssr.news\/spanish\/wp-json\/wp\/v2\/categories?post=7590"},{"taxonomy":"post_tag","embeddable":true,"href":"http:\/\/www.cssr.news\/spanish\/wp-json\/wp\/v2\/tags?post=7590"}],"curies":[{"name":"wp","href":"https:\/\/api.w.org\/{rel}","templated":true}]}}