{"id":7612,"date":"2019-01-10T10:07:47","date_gmt":"2019-01-10T10:07:47","guid":{"rendered":"http:\/\/www.cssr.news\/spanish\/?p=7612"},"modified":"2019-01-10T10:10:39","modified_gmt":"2019-01-10T10:10:39","slug":"oblatas-del-s-r-encuentro-de-junioras-en-un-clima-de-gratitud-y-esperanza","status":"publish","type":"post","link":"http:\/\/www.cssr.news\/spanish\/2019\/01\/oblatas-del-s-r-encuentro-de-junioras-en-un-clima-de-gratitud-y-esperanza\/","title":{"rendered":"Oblatas del S.R., encuentro de junioras en un clima de \u201cgratitud y esperanza\u201d"},"content":{"rendered":"<p style=\"text-align: justify;\">(Madrid, Hermanas Oblatas del Sant\u00edsimo Redentor) &#8211; Despu\u00e9s de algo m\u00e1s de 20 d\u00edas de encuentro en Ciempozuelos, las junioras vuelven a sus comunidades con\u00a0<strong>\u201csentimientos de gratitud y esperanza\u201d por todo lo vivido.<\/strong>\u00a0Han sido d\u00edas intensos que, a trav\u00e9s de distintas tem\u00e1ticas, han ayudado a las m\u00e1s j\u00f3venes de la congregaci\u00f3n a \u201cprofundizar\u201d en sus ra\u00edces como oblatas, as\u00ed como a \u201cbeber de nuestras fuentes carism\u00e1ticas\u201d para \u201cfortalecer el amor y sentido de pertenencia como nuevas generaciones oblatas\u201d.<\/p>\n<p style=\"text-align: justify;\">Durante este encuentro formativo\u00a0<strong>se han abordado temas muy diversos,<\/strong>\u00a0trabajando desde din\u00e1micas de desarrollo y conocimiento personal y c\u00f3mo se relaciona esto con la opci\u00f3n religiosa, hasta c\u00f3mo la realidad social del configura el propio estilo de vida y c\u00f3mo encajar la consagraci\u00f3n en el mundo actual.<\/p>\n<p style=\"text-align: justify;\">Se ha prestado especial atenci\u00f3n tambi\u00e9n al\u00a0<strong>carisma e identidad oblata<\/strong>\u00a0haciendo un recorrido por su historia, las caracter\u00edsticas que lo configuran y la manera de practicar, bajo este mismo carisma, la vida en comunidad de una forma fraterna.<\/p>\n<p style=\"text-align: justify;\">Entre las actividades realizadas, cabe destacar la\u00a0<strong>visita al archivo hist\u00f3rico y al museo congregacional<\/strong>\u00a0de la mano de la hermana Ana Mar\u00eda Barandari\u00e1n, as\u00ed como la excursi\u00f3n a San Lorenzo del Escorial la tarde del 5 de enero, donde pudieron presenciar la cabalgata de Reyes.<\/p>\n<p style=\"text-align: justify;\">Lourdes Perramon, superiora general, acudi\u00f3 al encuentro en la festividad de la Epifan\u00eda del Se\u00f1or para reflexionar acerca de<strong>\u00a0los aportes de las junioras en relaci\u00f3n al pr\u00f3ximo Cap\u00edtulo General,<\/strong>\u00a0que se celebrar\u00e1 entre el 19 de julio y el 4 de agosto de este a\u00f1o. Las j\u00f3venes expresan que,\u00a0al presentar su contribuci\u00f3n al Cap\u00edtulo, \u201centramos en sinton\u00eda y nos sentimos canales de la manifestaci\u00f3n del Esp\u00edritu\u201d.<\/p>\n<p style=\"text-align: justify;\">Al cerrar el encuentro, manifiestan que sienten renovadas sus \u201cesperanzas, deseos, sue\u00f1os, anhelos y aspiraciones\u201d, sinti\u00e9ndose\u00a0\u201cenviadas a continuar viviendo desde nuestras ra\u00edces y fuentes carism\u00e1ticas\u201d.<\/p>\n<p style=\"text-align: justify;\">(www.hermanasoblatas.org)<\/p>\n","protected":false},"excerpt":{"rendered":"<p>(Madrid, Hermanas Oblatas del Sant\u00edsimo Redentor) &#8211; Despu\u00e9s de algo m\u00e1s de 20 d\u00edas de encuentro en Ciempozuelos, las junioras vuelven a sus comunidades con\u00a0\u201csentimientos de gratitud y esperanza\u201d por todo lo vivido.\u00a0Han sido d\u00edas intensos que, a trav\u00e9s de distintas tem\u00e1ticas, han ayudado a las m\u00e1s j\u00f3venes de la congregaci\u00f3n a \u201cprofundizar\u201d en sus [&hellip;]<\/p>\n","protected":false},"author":3,"featured_media":7613,"comment_status":"closed","ping_status":"closed","sticky":false,"template":"","format":"standard","meta":[],"categories":[22],"tags":[],"_links":{"self":[{"href":"http:\/\/www.cssr.news\/spanish\/wp-json\/wp\/v2\/posts\/7612"}],"collection":[{"href":"http:\/\/www.cssr.news\/spanish\/wp-json\/wp\/v2\/posts"}],"about":[{"href":"http:\/\/www.cssr.news\/spanish\/wp-json\/wp\/v2\/types\/post"}],"author":[{"embeddable":true,"href":"http:\/\/www.cssr.news\/spanish\/wp-json\/wp\/v2\/users\/3"}],"replies":[{"embeddable":true,"href":"http:\/\/www.cssr.news\/spanish\/wp-json\/wp\/v2\/comments?post=7612"}],"version-history":[{"count":3,"href":"http:\/\/www.cssr.news\/spanish\/wp-json\/wp\/v2\/posts\/7612\/revisions"}],"predecessor-version":[{"id":7616,"href":"http:\/\/www.cssr.news\/spanish\/wp-json\/wp\/v2\/posts\/7612\/revisions\/7616"}],"wp:featuredmedia":[{"embeddable":true,"href":"http:\/\/www.cssr.news\/spanish\/wp-json\/wp\/v2\/media\/7613"}],"wp:attachment":[{"href":"http:\/\/www.cssr.news\/spanish\/wp-json\/wp\/v2\/media?parent=7612"}],"wp:term":[{"taxonomy":"category","embeddable":true,"href":"http:\/\/www.cssr.news\/spanish\/wp-json\/wp\/v2\/categories?post=7612"},{"taxonomy":"post_tag","embeddable":true,"href":"http:\/\/www.cssr.news\/spanish\/wp-json\/wp\/v2\/tags?post=7612"}],"curies":[{"name":"wp","href":"https:\/\/api.w.org\/{rel}","templated":true}]}}