{"id":7617,"date":"2019-01-10T15:20:44","date_gmt":"2019-01-10T15:20:44","guid":{"rendered":"http:\/\/www.cssr.news\/spanish\/?p=7617"},"modified":"2019-01-10T15:20:44","modified_gmt":"2019-01-10T15:20:44","slug":"declaracion-del-cardenal-tobin-sobre-los-discursos-de-inmigracion","status":"publish","type":"post","link":"http:\/\/www.cssr.news\/spanish\/2019\/01\/declaracion-del-cardenal-tobin-sobre-los-discursos-de-inmigracion\/","title":{"rendered":"Declaraci\u00f3n del cardenal Tobin sobre los discursos de inmigraci\u00f3n"},"content":{"rendered":"<p style=\"text-align: center;\"><strong>Declaraci\u00f3n del cardenal Tobin sobre los discursos de inmigraci\u00f3n<\/strong><\/p>\n<p style=\"text-align: justify;\">9 de enero de 2019<br \/>\nEscuch\u00e9 con profunda decepci\u00f3n las palabras deshumanizadoras utilizadas para describir a nuestros hermanos y hermanas inmigrantes (*). Estos hombres, mujeres y ni\u00f1os no son ni n\u00fameros ni estad\u00edsticas criminales, sino personas de carne y hueso con sus propias experiencias e historias. La mayor\u00eda huyen de la miseria humana y la violencia brutal que amenaza sus vidas. Las caricaturas falsas y llenas de miedo buscan provocar una especie de amnesia que har\u00eda que esta gran naci\u00f3n niegue nuestras ra\u00edces en los inmigrantes y refugiados.<\/p>\n<p style=\"text-align: justify;\">El pasado mes de junio, el Papa Francisco dijo en un discurso en una conferencia sobre migraci\u00f3n internacional: &#8220;Debemos dejar de considerar a los dem\u00e1s como amenazas a nuestra comodidad a valorarlos como personas cuya experiencia y valores de vida pueden contribuir en gran medida al enriquecimiento de nuestra sociedad&#8221;. Los que llegan a nuestras fronteras en busca de asilo o escapan de la terrible pobreza no son n\u00fameros en un debate pol\u00edtico, sino que son los extranjeros y pr\u00f3jimos que nuestras Escrituras nos piden constantemente que acojamos. Como Pastor del Pueblo de Dios en el norte de Nueva Jersey, les pido a todos nuestros l\u00edderes legislativos que se unan por el bien com\u00fan. Que trabajen a trav\u00e9s de las diferencias para el bien de todos. Estas vidas dependen literalmente de ello.<\/p>\n<p style=\"text-align: justify;\">(tomado del sitio web de la arquidiocesis de Newark)<\/p>\n<p style=\"text-align: justify;\">(*) Donald Trump, Presidente de Estados Unidos, emiti\u00f3 el martes por la noche un mensaje en cadena nacional sobre el tema de los migrantes en la frontera. En su mensaje el mandatario estadounidense arremeti\u00f3 contra migrantes centroamericanos que buscan ingresar al pa\u00eds.\u00a0Asegur\u00f3 que la frontera sur es una via por donde entran drogas ilegales, que causar\u00edan m\u00e1s muertes que &#8216;en toda la guerra de Vietnam&#8217;.<br \/>\nLa propuesta de crear un muro en la frontera con M\u00e9xico ayudar\u00eda a detener el narcotr\u00e1fico, enfatiz\u00f3. La Casa Blanca present\u00f3 al Congreso una propuesta para enfrentar &#8220;la crisis humanitaria y de seguridad nacional&#8221; que se vive en la frontera, se\u00f1al\u00f3 el presidente.<\/p>\n","protected":false},"excerpt":{"rendered":"<p>Declaraci\u00f3n del cardenal Tobin sobre los discursos de inmigraci\u00f3n 9 de enero de 2019 Escuch\u00e9 con profunda decepci\u00f3n las palabras deshumanizadoras utilizadas para describir a nuestros hermanos y hermanas inmigrantes (*). Estos hombres, mujeres y ni\u00f1os no son ni n\u00fameros ni estad\u00edsticas criminales, sino personas de carne y hueso con sus propias experiencias e historias. [&hellip;]<\/p>\n","protected":false},"author":3,"featured_media":3703,"comment_status":"closed","ping_status":"closed","sticky":false,"template":"","format":"standard","meta":[],"categories":[15,12],"tags":[],"_links":{"self":[{"href":"http:\/\/www.cssr.news\/spanish\/wp-json\/wp\/v2\/posts\/7617"}],"collection":[{"href":"http:\/\/www.cssr.news\/spanish\/wp-json\/wp\/v2\/posts"}],"about":[{"href":"http:\/\/www.cssr.news\/spanish\/wp-json\/wp\/v2\/types\/post"}],"author":[{"embeddable":true,"href":"http:\/\/www.cssr.news\/spanish\/wp-json\/wp\/v2\/users\/3"}],"replies":[{"embeddable":true,"href":"http:\/\/www.cssr.news\/spanish\/wp-json\/wp\/v2\/comments?post=7617"}],"version-history":[{"count":1,"href":"http:\/\/www.cssr.news\/spanish\/wp-json\/wp\/v2\/posts\/7617\/revisions"}],"predecessor-version":[{"id":7618,"href":"http:\/\/www.cssr.news\/spanish\/wp-json\/wp\/v2\/posts\/7617\/revisions\/7618"}],"wp:featuredmedia":[{"embeddable":true,"href":"http:\/\/www.cssr.news\/spanish\/wp-json\/wp\/v2\/media\/3703"}],"wp:attachment":[{"href":"http:\/\/www.cssr.news\/spanish\/wp-json\/wp\/v2\/media?parent=7617"}],"wp:term":[{"taxonomy":"category","embeddable":true,"href":"http:\/\/www.cssr.news\/spanish\/wp-json\/wp\/v2\/categories?post=7617"},{"taxonomy":"post_tag","embeddable":true,"href":"http:\/\/www.cssr.news\/spanish\/wp-json\/wp\/v2\/tags?post=7617"}],"curies":[{"name":"wp","href":"https:\/\/api.w.org\/{rel}","templated":true}]}}