{"id":8239,"date":"2019-04-23T07:18:01","date_gmt":"2019-04-23T07:18:01","guid":{"rendered":"http:\/\/www.cssr.news\/spanish\/?p=8239"},"modified":"2019-04-23T07:18:01","modified_gmt":"2019-04-23T07:18:01","slug":"dentro-de-poco-un-nuevo-volumen-sobre-la-reconciliacion-editado-por-los-profesores-de-la-academia-alfonsiana","status":"publish","type":"post","link":"http:\/\/www.cssr.news\/spanish\/2019\/04\/dentro-de-poco-un-nuevo-volumen-sobre-la-reconciliacion-editado-por-los-profesores-de-la-academia-alfonsiana\/","title":{"rendered":"Dentro de poco un nuevo volumen sobre la reconciliaci\u00f3n editado por los profesores de la Academia Alfonsiana."},"content":{"rendered":"<p style=\"text-align: justify;\"><strong>(Roma)<\/strong> &#8211; Hoy el sacramento de la reconciliaci\u00f3n est\u00e1 en crisis y el poco afecto por el confesionario es v\u00e1lido tanto para el confesor como para el penitente. Una crisis que se debe rastrear en m\u00faltiples factores: la palabra pecado que para muchas personas ya no dice nada, que ha cargado a la celebraci\u00f3n de este sacramento con un significado negativo, el riesgo de que el sacerdote tome posesi\u00f3n del sacramento que impide que la gracia de Dios act\u00fae en el corazones.<\/p>\n<p style=\"text-align: justify;\"><a href=\"http:\/\/www.cssr.news\/spanish\/wp-content\/uploads\/sites\/3\/2019\/04\/volume_riconciliazione.jpg\"><img class=\"alignleft wp-image-8241 size-medium\" src=\"http:\/\/www.cssr.news\/spanish\/wp-content\/uploads\/sites\/3\/2019\/04\/volume_riconciliazione-200x300.jpg\" alt=\"\" width=\"200\" height=\"300\" srcset=\"http:\/\/www.cssr.news\/spanish\/wp-content\/uploads\/sites\/3\/2019\/04\/volume_riconciliazione-200x300.jpg 200w, http:\/\/www.cssr.news\/spanish\/wp-content\/uploads\/sites\/3\/2019\/04\/volume_riconciliazione-281x420.jpg 281w, http:\/\/www.cssr.news\/spanish\/wp-content\/uploads\/sites\/3\/2019\/04\/volume_riconciliazione.jpg 576w\" sizes=\"(max-width: 200px) 100vw, 200px\" \/><\/a>Presentamos un texto en el que los profesores de la Academia Alfonsiana, de manera interdisciplinaria y transdisciplinaria, reflexionan sobre la pr\u00e1ctica de este sacramento. De hecho, partiendo de un marco b\u00edblico, hist\u00f3rico y dogm\u00e1tico general, y guiados por las indicaciones de la Exhortaci\u00f3n Apost\u00f3lica <em>Veritatis Gadium<\/em>, los autores reflexionan sobre posibles caminos pastorales, para la iglesia en salida, aptos para responder a las dificultades que el sacramento de la reconciliaci\u00f3n encuentra en nuestro contexto y c\u00f3mo este sacramento puede ser vivido en la praxis pastoral desde una perspectiva pascual y al mismo tiempo insertarlo en la diaconia sacerdotal para la formaci\u00f3n de las conciencias de los fieles para su plena madurez en Cristo.<\/p>\n<p><strong>Editores del volumen:<\/strong><\/p>\n<p>A.V. Amarante \u2013 F. Sacco (edd.)<br \/>\nRiconciliazione sacramentale. Morale e prassi pastorale<br \/>\nMessaggero, Padova 2019<\/p>\n<p><a href=\"https:\/\/www.studiamoralia.org\/2019\/04\/16\/in-arrivo-il-nuovo-volume-curato-dai-docenti-dellaccademia-alfonsiana\/\">www.studiamoralia.org<\/a><\/p>\n","protected":false},"excerpt":{"rendered":"<p>(Roma) &#8211; Hoy el sacramento de la reconciliaci\u00f3n est\u00e1 en crisis y el poco afecto por el confesionario es v\u00e1lido tanto para el confesor como para el penitente. Una crisis que se debe rastrear en m\u00faltiples factores: la palabra pecado que para muchas personas ya no dice nada, que ha cargado a la celebraci\u00f3n de [&hellip;]<\/p>\n","protected":false},"author":3,"featured_media":8240,"comment_status":"closed","ping_status":"closed","sticky":false,"template":"","format":"standard","meta":[],"categories":[28],"tags":[],"_links":{"self":[{"href":"http:\/\/www.cssr.news\/spanish\/wp-json\/wp\/v2\/posts\/8239"}],"collection":[{"href":"http:\/\/www.cssr.news\/spanish\/wp-json\/wp\/v2\/posts"}],"about":[{"href":"http:\/\/www.cssr.news\/spanish\/wp-json\/wp\/v2\/types\/post"}],"author":[{"embeddable":true,"href":"http:\/\/www.cssr.news\/spanish\/wp-json\/wp\/v2\/users\/3"}],"replies":[{"embeddable":true,"href":"http:\/\/www.cssr.news\/spanish\/wp-json\/wp\/v2\/comments?post=8239"}],"version-history":[{"count":1,"href":"http:\/\/www.cssr.news\/spanish\/wp-json\/wp\/v2\/posts\/8239\/revisions"}],"predecessor-version":[{"id":8242,"href":"http:\/\/www.cssr.news\/spanish\/wp-json\/wp\/v2\/posts\/8239\/revisions\/8242"}],"wp:featuredmedia":[{"embeddable":true,"href":"http:\/\/www.cssr.news\/spanish\/wp-json\/wp\/v2\/media\/8240"}],"wp:attachment":[{"href":"http:\/\/www.cssr.news\/spanish\/wp-json\/wp\/v2\/media?parent=8239"}],"wp:term":[{"taxonomy":"category","embeddable":true,"href":"http:\/\/www.cssr.news\/spanish\/wp-json\/wp\/v2\/categories?post=8239"},{"taxonomy":"post_tag","embeddable":true,"href":"http:\/\/www.cssr.news\/spanish\/wp-json\/wp\/v2\/tags?post=8239"}],"curies":[{"name":"wp","href":"https:\/\/api.w.org\/{rel}","templated":true}]}}