{"id":11405,"date":"2020-03-02T10:54:43","date_gmt":"2020-03-02T10:54:43","guid":{"rendered":"http:\/\/www.cssr.news\/italian\/?p=11405"},"modified":"2020-03-02T10:56:55","modified_gmt":"2020-03-02T10:56:55","slug":"immersi-nella-biosfera-e-nella-mediasfera","status":"publish","type":"post","link":"https:\/\/www.cssr.news\/italian\/2020\/03\/immersi-nella-biosfera-e-nella-mediasfera\/","title":{"rendered":"Immersi nella biosfera e nella mediasfera"},"content":{"rendered":"<p style=\"text-align: justify;\">\u00abTodo est\u00e1 conectado\u00bb. Questo \u00e8 il titolo del libro del prof. Mart\u00edn Cabajo Nu\u00f1ez, OFM presentato gioved\u00ec 27 febbraio presso l\u2019Aula Magna dell\u2019Accademia Alfonsiana. Ricordava il prof. Jules Mimeault, C.Ss.R., vicepreside dell\u2019Accademia, che questo titolo esprime non soltanto un tema oggi di moda, ma anche un impegno che ci fa pensare alla tematica ecologica.<\/p>\n<figure id=\"attachment_11408\" aria-describedby=\"caption-attachment-11408\" style=\"width: 550px\" class=\"wp-caption aligncenter\"><a href=\"http:\/\/www.cssr.news\/italian\/wp-content\/uploads\/sites\/2\/2020\/03\/49595842146_8bf44b8f58_c.jpg\"><img class=\"wp-image-11408\" src=\"http:\/\/www.cssr.news\/italian\/wp-content\/uploads\/sites\/2\/2020\/03\/49595842146_8bf44b8f58_c-300x225.jpg\" alt=\"\" width=\"550\" height=\"413\" srcset=\"https:\/\/www.cssr.news\/italian\/wp-content\/uploads\/sites\/2\/2020\/03\/49595842146_8bf44b8f58_c-300x225.jpg 300w, https:\/\/www.cssr.news\/italian\/wp-content\/uploads\/sites\/2\/2020\/03\/49595842146_8bf44b8f58_c-768x576.jpg 768w, https:\/\/www.cssr.news\/italian\/wp-content\/uploads\/sites\/2\/2020\/03\/49595842146_8bf44b8f58_c-80x60.jpg 80w, https:\/\/www.cssr.news\/italian\/wp-content\/uploads\/sites\/2\/2020\/03\/49595842146_8bf44b8f58_c-265x198.jpg 265w, https:\/\/www.cssr.news\/italian\/wp-content\/uploads\/sites\/2\/2020\/03\/49595842146_8bf44b8f58_c-696x522.jpg 696w, https:\/\/www.cssr.news\/italian\/wp-content\/uploads\/sites\/2\/2020\/03\/49595842146_8bf44b8f58_c-560x420.jpg 560w, https:\/\/www.cssr.news\/italian\/wp-content\/uploads\/sites\/2\/2020\/03\/49595842146_8bf44b8f58_c.jpg 800w\" sizes=\"(max-width: 550px) 100vw, 550px\" \/><\/a><figcaption id=\"caption-attachment-11408\" class=\"wp-caption-text\">Da sinistra a destra: Prof. M. Boies C.Ss.R., Fr. J. Campos O.F.M., Prof. M. Faggioni O.F.M., Prof. M. Cabajo Nu\u00f1ez O.F.M., Prof. A. Amarante C.Ss.R., Prof. J. Mimeault C.Ss.R.<\/figcaption><\/figure>\n<p style=\"text-align: justify;\">Il prof. Mario Boies, C.Ss.R., moderatore dell\u2019incontro, ha parlato della gioia di essere in rete, tema sollevato da questo nuovo scritto. Il prof. Maurizio Faggioni, OFM, e Fr. Jaime Campos, OFM, sono stati i due relatori intervenuti alla presentazione. Fr. Campos, OFM, ha mostrato l\u2019esperienza di una pagina <em>Facebook<\/em> che opera nel web per il bene di tutta la rete, cio\u00e8 un <em>social media<\/em> che diventa un luogo privilegiato per diminuire le distanze e favorire il dialogo. Si tratta di un gruppo di giovani in rete denominato JPIC (Giustizia, Pace e Integrit\u00e0 del Creato). Ogni giovane di questo gruppo tramite internet promuove \u00abla vita della rete e la rete della vita\u00bb, secondo le parole del prof. Maurizio Faggioni.<\/p>\n<p style=\"text-align: justify;\">Sempre Faggioni ha affermato che il libro in questione ci offre l\u2019occasione di riflettere su due realt\u00e0 ben diverse fra loro: la biosfera e la \u201c<em>mediasfera<\/em>\u201d. In altre parole, questo libro ci invita a pensare alle due modalit\u00e0 che strutturano l\u2019esistenza umana. Il <em>network<\/em>, ha ricordato ancora Faggioni, \u00e8 una forma di agire umano, un modo di essere con l\u2019altro. Il punto di partenza \u00e8 l\u2019ottica francescana: la comunione e l\u2019armonia, quindi una visione olistica della realt\u00e0. In questo senso, ha detto ancora Faggioni, \u00abla consapevolezza diventa prendersi cura con responsabilit\u00e0 di se stessi e del rapporto con gli altri, dell\u2019altro e della natura\u00bb. Il libro \u00e8 il secondo di una trilogia, iniziata con <em>Sorella Madre Terra <\/em>e conclusasi con <em>San Francesco nell\u2019era digitale<\/em>. Il testo oggetto della presentazione \u00e8 composto di tre parti, che corrispondono al metodo: \u201cvedere, giudicare e agire\u201d. Ogni parte \u00e8 divisa in due capitoli, ciascuno quadripartito in sezioni (Dio, s\u00e9, l\u2019altro, la natura).<\/p>\n<figure id=\"attachment_11407\" aria-describedby=\"caption-attachment-11407\" style=\"width: 550px\" class=\"wp-caption aligncenter\"><a href=\"http:\/\/www.cssr.news\/italian\/wp-content\/uploads\/sites\/2\/2020\/03\/49595844211_67f43440e9_c.jpg\"><img class=\"wp-image-11407\" src=\"http:\/\/www.cssr.news\/italian\/wp-content\/uploads\/sites\/2\/2020\/03\/49595844211_67f43440e9_c-300x200.jpg\" alt=\"\" width=\"550\" height=\"367\" srcset=\"https:\/\/www.cssr.news\/italian\/wp-content\/uploads\/sites\/2\/2020\/03\/49595844211_67f43440e9_c-300x200.jpg 300w, https:\/\/www.cssr.news\/italian\/wp-content\/uploads\/sites\/2\/2020\/03\/49595844211_67f43440e9_c-768x512.jpg 768w, https:\/\/www.cssr.news\/italian\/wp-content\/uploads\/sites\/2\/2020\/03\/49595844211_67f43440e9_c-696x464.jpg 696w, https:\/\/www.cssr.news\/italian\/wp-content\/uploads\/sites\/2\/2020\/03\/49595844211_67f43440e9_c-630x420.jpg 630w, https:\/\/www.cssr.news\/italian\/wp-content\/uploads\/sites\/2\/2020\/03\/49595844211_67f43440e9_c.jpg 799w\" sizes=\"(max-width: 550px) 100vw, 550px\" \/><\/a><figcaption id=\"caption-attachment-11407\" class=\"wp-caption-text\">Gli studenti della Accademia<\/figcaption><\/figure>\n<p style=\"text-align: justify;\">Si tratta di un\u2019ottima lettura francescana del tema ecologico in dialogo con le scienze della comunicazione. Alla fine il prof. Jules Mimeault ha giustamente affermato che \u00abquesto libro, pi\u00f9 che portare una realt\u00e0 alla moda, ci aiuta a pensare\u00bb. Concludiamo con un invito a leggere questo pregevole lavoro: <em>Todo est\u00e1 conectado<\/em>. <em>Ecologia integral y comunicacion en la era digital<\/em>.<\/p>\n<p style=\"text-align: justify;\">Luiz Albertus Sleutjes<\/p>\n<p style=\"text-align: justify;\">\n","protected":false},"excerpt":{"rendered":"<p>\u00abTodo est\u00e1 conectado\u00bb. Questo \u00e8 il titolo del libro del prof. Mart\u00edn Cabajo Nu\u00f1ez, OFM presentato gioved\u00ec 27 febbraio presso l\u2019Aula Magna dell\u2019Accademia Alfonsiana. Ricordava il prof. Jules Mimeault, C.Ss.R., vicepreside dell\u2019Accademia, che questo titolo esprime non soltanto un tema oggi di moda, ma anche un impegno che ci fa pensare alla tematica ecologica. Il [&hellip;]<\/p>\n","protected":false},"author":23,"featured_media":11406,"comment_status":"closed","ping_status":"closed","sticky":false,"template":"","format":"standard","meta":{"_mi_skip_tracking":false},"categories":[28],"tags":[],"_links":{"self":[{"href":"https:\/\/www.cssr.news\/italian\/wp-json\/wp\/v2\/posts\/11405"}],"collection":[{"href":"https:\/\/www.cssr.news\/italian\/wp-json\/wp\/v2\/posts"}],"about":[{"href":"https:\/\/www.cssr.news\/italian\/wp-json\/wp\/v2\/types\/post"}],"author":[{"embeddable":true,"href":"https:\/\/www.cssr.news\/italian\/wp-json\/wp\/v2\/users\/23"}],"replies":[{"embeddable":true,"href":"https:\/\/www.cssr.news\/italian\/wp-json\/wp\/v2\/comments?post=11405"}],"version-history":[{"count":2,"href":"https:\/\/www.cssr.news\/italian\/wp-json\/wp\/v2\/posts\/11405\/revisions"}],"predecessor-version":[{"id":11410,"href":"https:\/\/www.cssr.news\/italian\/wp-json\/wp\/v2\/posts\/11405\/revisions\/11410"}],"wp:featuredmedia":[{"embeddable":true,"href":"https:\/\/www.cssr.news\/italian\/wp-json\/wp\/v2\/media\/11406"}],"wp:attachment":[{"href":"https:\/\/www.cssr.news\/italian\/wp-json\/wp\/v2\/media?parent=11405"}],"wp:term":[{"taxonomy":"category","embeddable":true,"href":"https:\/\/www.cssr.news\/italian\/wp-json\/wp\/v2\/categories?post=11405"},{"taxonomy":"post_tag","embeddable":true,"href":"https:\/\/www.cssr.news\/italian\/wp-json\/wp\/v2\/tags?post=11405"}],"curies":[{"name":"wp","href":"https:\/\/api.w.org\/{rel}","templated":true}]}}