{"id":13271,"date":"2020-10-30T06:42:38","date_gmt":"2020-10-30T06:42:38","guid":{"rendered":"http:\/\/www.cssr.news\/italian\/?p=13271"},"modified":"2020-10-28T08:47:14","modified_gmt":"2020-10-28T08:47:14","slug":"patto-educativo-globale-il-ruolo-delluniversita-parte-1-2","status":"publish","type":"post","link":"https:\/\/www.cssr.news\/italian\/2020\/10\/patto-educativo-globale-il-ruolo-delluniversita-parte-1-2\/","title":{"rendered":"Patto educativo globale: il ruolo dell\u2019universit\u00e0 (Parte 1\/2)"},"content":{"rendered":"<p style=\"text-align: right;\">(dal Blog dell&#8217;Accademia Alfonsiana)<\/p>\n<p style=\"text-align: justify;\">L\u2019evento \u201cin presenza\u201d del Patto educativo globale (<a href=\"https:\/\/www.educationglobalcompact.org\"><em>Global Compact on Education<\/em><\/a>), voluto da Papa Francesco, era previsto per il 14 maggio 2020, ma \u00e8 stato rinviato a causa della pandemia Covid-19. Da allora, una serie di seminari tematici continuano a svolgersi in diverse istituzioni accademiche. Recentemente, <strong>il 15 ottobre 2020, il papa ha dato nuovo impulso all\u2019iniziativa con un <\/strong><a href=\"https:\/\/www.vaticannews.va\/it\/papa\/news\/2020-10\/papa-francesco-lateranense-global-compact-patto-educativo.html\">videomessaggio<\/a><strong> sul tema che \u00e8 stato tramesso nel corso di un evento organizzato alla Pontificia Universit\u00e0 Lateranense. <\/strong><\/p>\n<p style=\"text-align: justify;\">La pubblicazione, il 4 ottobre 2020, dell\u2019enciclica <a href=\"http:\/\/www.vatican.va\/content\/francesco\/it\/encyclicals\/documents\/papa-francesco_20201003_enciclica-fratelli-tutti.html\"><em>Fratelli tutti<\/em><\/a> [FT] ha riavviato il bisogno di unire gli sforzi per avanzare insieme verso la fraternit\u00e0 e l\u2019amicizia sociale a tutti i livelli. Questo non sar\u00e0 possibile senza \u201cun\u2019educazione alla fraternit\u00e0 e al dialogo\u201d (FT 103) che ci permetta pure di percepire sia il grido dei poveri sia il grido della terra, perch\u00e9 \u201ctutti siamo connessi\u201d (<em>Fratelli tutti<\/em>) e \u201ctutto \u00e8 connesso\u201d (<a href=\"http:\/\/www.vatican.va\/content\/francesco\/it\/encyclicals\/documents\/papa-francesco_20150524_enciclica-laudato-si.html\"><em>Laudato si\u2019<\/em><\/a>) nella casa comune.<\/p>\n<p style=\"text-align: justify;\"><strong>L\u2019universit\u00e0 e la formazione integrale<\/strong><\/p>\n<p style=\"text-align: justify;\">L\u2019universit\u00e0 pu\u00f2 svolgere un ruolo importante in questo cammino educativo se riesce a <strong>integrare armonicamente l\u2019apprendimento e il servizio sociale alla comunit\u00e0 (<em>service learning<\/em>). <\/strong>Le idee e le conoscenze, da sole, non bastano. Invece di limitarsi a esercitare una funzione meramente strumentale e trasmissiva, l\u2019universit\u00e0 deve potenziare la visione olistica della realt\u00e0 e i rapporti famigliari nella casa comune. Anche a livello interno, la qualit\u00e0 della relazione tra docenti e studenti determina il livello di successo delle iniziative formative. Infatti, <strong>\u201cUn\u2019educazione fruttuosa non dipende primariamente n\u00e9 dalla preparazione dell\u2019insegnante n\u00e9 dalle abilit\u00e0 degli allievi, ma dalla qualit\u00e0 della relazione che si instaura tra loro\u201d.<\/strong> (<a href=\"https:\/\/www.educationglobalcompact.org\/resources\/Risorse\/instrumentum-laboris-it.pdf\">Congregazione per l\u2019Educazione Cattolica, \u00abPatto educativo Globale. Instrumentum laboris\u00bb, [<em>PEG<\/em>], n. 3.2<\/a>).<\/p>\n<p style=\"text-align: justify;\">L\u2019educazione \u00e8 imprescindibile per poter cambiare la mentalit\u00e0 individualistica che sta alla base del paradigma tecnocratico imperante. A questo scopo, l\u2019universit\u00e0 dovr\u00e0 collaborare con altri ambiti educativi. Tra essi, l\u2019enciclica <em>Laudato si<\/em>\u2019 [LS] cita \u201cla scuola, la famiglia, i mezzi di comunicazione e la catechesi\u201d (LS 213). \u201cUna buona educazione scolastica nell\u2019infanzia e nell\u2019adolescenza pone semi che possono produrre effetti lungo tutta la vita\u201d (LS 213).<\/p>\n<p style=\"text-align: justify;\">Continuando questa formazione, l\u2019universit\u00e0 deve promuovere la ricerca per contribuire a migliorare la conoscenza dei problemi ambientali e il modo di affrontarli. Cos\u00ec facendo far\u00e0 progredire le relazioni tra le persone e rafforzer\u00e0 il ruolo decisivo della comunit\u00e0 nella formazione umana<strong>. Non pu\u00f2 limitarsi a trasmettere informazioni tecniche e scientifiche. Deve favorire e garantire una formazione integrale, orientata a trasformare il cuore e la mente per creare una cittadinanza ecologica e solidale. <\/strong><\/p>\n<p style=\"text-align: justify;\"><strong>Un\u2019educazione poliedrica, perch\u00e9 \u201ctutto \u00e8 collegato\u201d<\/strong><\/p>\n<p style=\"text-align: justify;\">La ricerca dell\u2019unit\u00e0 nella diversit\u00e0, tipica della vita familiare autentica, deve continuare nella formazione universitaria. <strong>\u201cIl modello \u00e8 il poliedro, che riflette la confluenza di tutte le parzialit\u00e0 che in esso mantengono la loro originalit\u00e0\u201d (<\/strong><a href=\"http:\/\/www.vatican.va\/content\/francesco\/it\/apost_exhortations\/documents\/papa-francesco_esortazione-ap_20131124_evangelii-gaudium.html\"><em>Evangelii Gaudium<\/em><\/a><strong> [<em>EG<\/em>] 236). Questo approccio multidimensionale, dice Papa Francesco, mira a \u201ccostruire un \u00abvillaggio dell\u2019educazione\u00bb dove, nella diversit\u00e0, si condivida l\u2019impegno di generare una rete di relazioni umane e aperte\u201d. Purtroppo, pi\u00f9 di 230 milioni di bambini non hanno ancora accesso all\u2019educazione. <\/strong><\/p>\n<p style=\"text-align: justify;\">\u201cIl vero servizio dell\u2019educazione \u00e8 l\u2019educazione al servizio\u201d o, meglio ancora, \u201cl\u2019educazione come servizio\u201d (<em>PEG <\/em>4.3). Gli studenti, i professori e i ricercatori devono sfruttare al meglio i loro talenti non tanto per autopromuoversi, quanto piuttosto per restituire alla propria comunit\u00e0 ci\u00f2 che gratuitamente hanno ricevuto da Dio e dalla societ\u00e0. Pertanto, l\u2019universit\u00e0 non dovr\u00e0 ridursi a una mera funzione trasmissiva, ma piuttosto dovr\u00e0 formare persone disposte a servire la comunit\u00e0. Inoltre, deve potenziare la societ\u00e0 cognitiva e la cittadinanza planetaria, perseguendo \u201cun bene comune che veramente incorpora tutti\u201d (<em>EG<\/em> 236).<\/p>\n<p style=\"text-align: justify;\"><strong>Questa educazione inclusiva e interdisciplinare favorisce una visione olistica della realt\u00e0 che non si riduce alla somma delle singole parti. Infatti, \u201cil tutto \u00e8 superiore alla parte\u201d (LS 141), \u201cl\u2019unit\u00e0 \u00e8 superiore al conflitto\u201d (LS 198), e \u201cil tempo \u00e8 superiore allo spazio\u201d (LS 178). <\/strong><\/p>\n<p style=\"text-align: justify;\">Papa Francesco riconosce \u201cche non disponiamo ancora della cultura necessaria per affrontare\u201d l\u2019attuale crisi socioambientale (LS 53). Siamo in \u201cuna cultura ossessivamente centrata sulla sovranit\u00e0 dell\u2019uomo \u2014 in quanto specie e in quanto individuo \u2014 rispetto alla realt\u00e0\u201d.<\/p>\n<p style=\"text-align: justify;\">Cercando di colmare questo vuoto, la costituzione apostolica <a href=\"https:\/\/press.vatican.va\/content\/salastampa\/it\/bollettino\/pubblico\/2018\/01\/29\/0083\/00155.html\"><em>Veritatis Gaudium<\/em><\/a> [VG] chiede alle universit\u00e0 ecclesiastiche di essere \u201claboratori culturali\u201d che, \u201csul livello culturale della formazione accademica e dell\u2019indagine scientifica\u201d, si impegnino in modo \u201cgeneroso e convergente verso un radicale cambio di paradigma\u201d e verso \u201cuna coraggiosa rivoluzione culturale\u201d, soprattutto per quanto riguarda il metodo utilizzato. Infatti, <strong>invita ad assumere \u201cl\u2019inter- e la trans-disciplinariet\u00e0 esercitate con sapienza e creativit\u00e0\u201d (<em>VG<\/em> pr. 4c), affinch\u00e9 possano nascere nuovi modelli di progresso e di sviluppo possano nascere (LS 194).<\/strong><\/p>\n<p style=\"text-align: justify;\"><em>(Seguir\u00e0 a breve seconda parte)<\/em><\/p>\n<p style=\"text-align: justify;\"><em>Padre Mart\u00edn Carbajo N\u00fa\u00f1ez, OFM<\/em><\/p>\n<p style=\"text-align: justify;\"><em>\u00a0<\/em><\/p>\n","protected":false},"excerpt":{"rendered":"<p>(dal Blog dell&#8217;Accademia Alfonsiana) L\u2019evento \u201cin presenza\u201d del Patto educativo globale (Global Compact on Education), voluto da Papa Francesco, era previsto per il 14 maggio 2020, ma \u00e8 stato rinviato a causa della pandemia Covid-19. Da allora, una serie di seminari tematici continuano a svolgersi in diverse istituzioni accademiche. Recentemente, il 15 ottobre 2020, il [&hellip;]<\/p>\n","protected":false},"author":3,"featured_media":13272,"comment_status":"closed","ping_status":"closed","sticky":false,"template":"","format":"standard","meta":{"_mi_skip_tracking":false},"categories":[29],"tags":[],"_links":{"self":[{"href":"https:\/\/www.cssr.news\/italian\/wp-json\/wp\/v2\/posts\/13271"}],"collection":[{"href":"https:\/\/www.cssr.news\/italian\/wp-json\/wp\/v2\/posts"}],"about":[{"href":"https:\/\/www.cssr.news\/italian\/wp-json\/wp\/v2\/types\/post"}],"author":[{"embeddable":true,"href":"https:\/\/www.cssr.news\/italian\/wp-json\/wp\/v2\/users\/3"}],"replies":[{"embeddable":true,"href":"https:\/\/www.cssr.news\/italian\/wp-json\/wp\/v2\/comments?post=13271"}],"version-history":[{"count":1,"href":"https:\/\/www.cssr.news\/italian\/wp-json\/wp\/v2\/posts\/13271\/revisions"}],"predecessor-version":[{"id":13273,"href":"https:\/\/www.cssr.news\/italian\/wp-json\/wp\/v2\/posts\/13271\/revisions\/13273"}],"wp:featuredmedia":[{"embeddable":true,"href":"https:\/\/www.cssr.news\/italian\/wp-json\/wp\/v2\/media\/13272"}],"wp:attachment":[{"href":"https:\/\/www.cssr.news\/italian\/wp-json\/wp\/v2\/media?parent=13271"}],"wp:term":[{"taxonomy":"category","embeddable":true,"href":"https:\/\/www.cssr.news\/italian\/wp-json\/wp\/v2\/categories?post=13271"},{"taxonomy":"post_tag","embeddable":true,"href":"https:\/\/www.cssr.news\/italian\/wp-json\/wp\/v2\/tags?post=13271"}],"curies":[{"name":"wp","href":"https:\/\/api.w.org\/{rel}","templated":true}]}}