{"id":13355,"date":"2020-11-09T11:03:44","date_gmt":"2020-11-09T11:03:44","guid":{"rendered":"http:\/\/www.cssr.news\/italian\/?p=13355"},"modified":"2020-11-09T11:22:56","modified_gmt":"2020-11-09T11:22:56","slug":"288-anniversario-della-congregazione-redentorista","status":"publish","type":"post","link":"https:\/\/www.cssr.news\/italian\/2020\/11\/288-anniversario-della-congregazione-redentorista\/","title":{"rendered":"288 anniversario della Congregazione Redentorista"},"content":{"rendered":"<p style=\"text-align: justify;\">Il 9 novembre 1732, nella sua amata Scala, Sant&#8217;Alfonso Liguori fond\u00f2 la Congregazione del Santissimo Redentore per seguire l&#8217;esempio del nostro Salvatore Ges\u00f9 Cristo che annuncia la Buona Novella ai poveri. Aveva 36 anni. La sua vita divenne una vita di missione e di servizio ai pi\u00f9 abbandonati. Papa Benedetto XIV approv\u00f2 la Congregazione il 25 febbraio 1749.<\/p>\n<p style=\"text-align: justify;\"><a href=\"http:\/\/www.cssr.news\/italian\/2020\/11\/chiamati-a-testimoniare-il-redentore\/\">Qui il messaggio di p. Michael Brehl, C.Ss.R., Superiore Generale, in occasione della Giornata Vocazionale Missionaria Redentorista e della Giornata della Fondazione<\/a>.<\/p>\n<p style=\"text-align: justify;\">Alfonso, con i suoi compagni, tra i quali spiccava san Gerardo Majella, si sforz\u00f2 di venire in soccorso ai bisogni spirituali, in quel tempo, dei poveri delle contrade. Questi ha cercato di assistere, soprattutto per mezzo di missioni, esercizi spirituali e rinnovamenti, alla maniera di San Paolo (At 15,36). \u2013 cos\u00ec sono descritte le origini della Congregazione nella prefazione storica alle Costituzioni e negli Statuti dei Redentoristi.<\/p>\n<p style=\"text-align: justify;\">I Missionari Redentoristi continuano il carisma di Alfonso nella Chiesa e nella societ\u00e0. &#8220;Forti nella fede, lieti nella speranza, ferventi nella carit\u00e0, ardenti nello zelo, coscienti della propria debolezza, perseveranti nella preghiera, i Redentoristi, da uomini apostolici e veri figli di sant\u2019Alfonso, seguendo con gioia il Salvatore Ges\u00f9, partecipano del suo mistero, lo annunziano con semplicit\u00e0 evangelica di vita e di parola e, rinnegando se stessi, sono sempre pronti ad affrontare ogni prova per portare agli uomini l\u2019abbondanza della Redenzione&#8221;. (Const. n.20)<\/p>\n<p style=\"text-align: justify;\">I Redentoristi vivono in comunit\u00e0 missionarie, accoglienti e oranti, come Maria di Nazareth. Attraverso missioni, ritiri, ministero parrocchiale, apostolati ecumenici, il ministero della riconciliazione e l\u2019insegnamento della teologia morale, proclamano l\u2019amore di Dio nostro Padre che in Ges\u00f9 \u201cabitava tra noi\u201d per diventare misericordia profonda e Parola di vita che nutre il cuore dell\u2019uomo e d\u00e0 senso alla vita per viverlo al massimo in libert\u00e0 e solidariet\u00e0 con gli altri. Come Alfonso, i Redentoristi fanno una manifesta opzione per i poveri, affermando la loro dignit\u00e0 e grandezza davanti a Dio e credendo che la Buona Novella di Nostro Signore sia intesa in modo speciale per loro.<\/p>\n<p style=\"text-align: justify;\">Al giorno d\u2019oggi ci sono quasi 4.800 Redentoristi, 64 vescovi, oltre 3600 sacerdoti e circa 330 fratelli. Lavorano in 82 paesi in tutti i 5 continenti, aiutati da molti uomini e donne che collaborano alla loro missione e formano la Famiglia Redentorista. \u201cNostra Signora del Perpetuo Soccorso\u201d \u00e8 l\u2019icona missionaria della Congregazione.<\/p>\n<p style=\"text-align: justify;\">Oltre a Sant\u2019Alfonso de Liguori, sono stati canonizzati altri tre Redentoristi: San Gerardo Majella, San Clemente Hofbauer e San Giovanni Neumann. Quindici Redentoristi sono stati beatificati: Gennaro Sarnelli, Peter Donders, Gaspar Stanggassinger, Francesco Saverio Seelos, Domenico Metodio Tr\u010dka, Vasyl Velychkovskyi, Zynoviy Kovalyk, Mykolay Charnetskyi, Ivan Ziatyk, Javier Gorosterratzu, Ciriaco Olartezo, Miguel Go\u00f1i Victoriano Calvo. La Congregazione Vaticana ha riconosciuto diversi confratelli come servi di Dio in vista di una futura beatificazione.<\/p>\n<p style=\"text-align: justify;\">Scala News<\/p>\n","protected":false},"excerpt":{"rendered":"<p>Il 9 novembre 1732, nella sua amata Scala, Sant&#8217;Alfonso Liguori fond\u00f2 la Congregazione del Santissimo Redentore per seguire l&#8217;esempio del nostro Salvatore Ges\u00f9 Cristo che annuncia la Buona Novella ai poveri. Aveva 36 anni. La sua vita divenne una vita di missione e di servizio ai pi\u00f9 abbandonati. Papa Benedetto XIV approv\u00f2 la Congregazione il [&hellip;]<\/p>\n","protected":false},"author":3,"featured_media":4985,"comment_status":"closed","ping_status":"closed","sticky":false,"template":"","format":"standard","meta":{"_mi_skip_tracking":false},"categories":[5],"tags":[],"_links":{"self":[{"href":"https:\/\/www.cssr.news\/italian\/wp-json\/wp\/v2\/posts\/13355"}],"collection":[{"href":"https:\/\/www.cssr.news\/italian\/wp-json\/wp\/v2\/posts"}],"about":[{"href":"https:\/\/www.cssr.news\/italian\/wp-json\/wp\/v2\/types\/post"}],"author":[{"embeddable":true,"href":"https:\/\/www.cssr.news\/italian\/wp-json\/wp\/v2\/users\/3"}],"replies":[{"embeddable":true,"href":"https:\/\/www.cssr.news\/italian\/wp-json\/wp\/v2\/comments?post=13355"}],"version-history":[{"count":4,"href":"https:\/\/www.cssr.news\/italian\/wp-json\/wp\/v2\/posts\/13355\/revisions"}],"predecessor-version":[{"id":13359,"href":"https:\/\/www.cssr.news\/italian\/wp-json\/wp\/v2\/posts\/13355\/revisions\/13359"}],"wp:featuredmedia":[{"embeddable":true,"href":"https:\/\/www.cssr.news\/italian\/wp-json\/wp\/v2\/media\/4985"}],"wp:attachment":[{"href":"https:\/\/www.cssr.news\/italian\/wp-json\/wp\/v2\/media?parent=13355"}],"wp:term":[{"taxonomy":"category","embeddable":true,"href":"https:\/\/www.cssr.news\/italian\/wp-json\/wp\/v2\/categories?post=13355"},{"taxonomy":"post_tag","embeddable":true,"href":"https:\/\/www.cssr.news\/italian\/wp-json\/wp\/v2\/tags?post=13355"}],"curies":[{"name":"wp","href":"https:\/\/api.w.org\/{rel}","templated":true}]}}