{"id":13368,"date":"2020-11-10T17:06:51","date_gmt":"2020-11-10T17:06:51","guid":{"rendered":"http:\/\/www.cssr.news\/italian\/?p=13368"},"modified":"2020-11-11T15:40:10","modified_gmt":"2020-11-11T15:40:10","slug":"la-congregazione-che-e-costruita-di-pietre-vive","status":"publish","type":"post","link":"https:\/\/www.cssr.news\/italian\/2020\/11\/la-congregazione-che-e-costruita-di-pietre-vive\/","title":{"rendered":"La Congregazione che \u00e8 costruita di pietre vive"},"content":{"rendered":"<p style=\"text-align: justify;\">(Roma) Il 9 novembre, nel 288\u00b0 anniversario della fondazione della Congregazione del Santissimo Redentore, il P. Generale Michael Brehl CSsR ha presieduto la Messa solenne nel Santuario della Madre del Perpetuo Soccorso a Roma. La Messa \u00e8 stata concelebrata dai membri della comunit\u00e0 internazionale di Sant&#8217;Alfonso. Erano presenti anche gli studenti dello Studentate Redentorista della Conferenza d&#8217;Europa, insieme al loro prefetto, p. Jacek Zdrza\u0142ek CSsR.<\/p>\n<p style=\"text-align: justify;\">Il P. Generale nella sua omelia ha sottolineato i modesti inizi e poi il dinamico sviluppo della Congregazione Redentorista:<\/p>\n<p style=\"text-align: justify;\"><em>Da quel piccolo gruppo di sei uomini riuniti sulle colline sopra la costa amalfitana, la Congregazione si \u00e8 diffusa in pi\u00f9 di 80 paesi, con pi\u00f9 di 5.000 sacerdoti, fratelli, studenti, candidati &#8211; e molti altri laici associati e oblati che sono membri vitali della nostra famiglia redentorista. Seguendo l&#8217;esempio di Ges\u00f9 Redentore, e con Sant&#8217;Alfonso ad ispirarci e guidarci, continuiamo ad annunciare la Buona Novella agli abbandonati e ai poveri attraverso la parola e la testimonianza.<\/em><\/p>\n<p style=\"text-align: justify;\">In relazione alle letture della messa, il P. Generale ha detto:<\/p>\n<p style=\"text-align: justify;\"><em>Nel Vangelo di oggi, Ges\u00f9 parla del tempio, che \u00e8 il suo corpo. [&#8230;] Il Corpo di Cristo Risorto \u00e8 il nuovo tempio dove gli uomini e le donne incontrano Dio oggi! Nel Corpo di Cristo, Dio abita in mezzo a noi. [&#8230;] Attraverso il Battesimo e lo Spirito Santo, siamo trasformati nel Corpo di Cristo che vive e agisce nel mondo di oggi. \u00c8 questo Spirito Santo che ci rende &#8220;un solo Corpo Missionario&#8221;, con Ges\u00f9 Redentore come capo.<\/em><\/p>\n<p style=\"text-align: justify;\"><em>Costruita sul fondamento di Ges\u00f9 Cristo, accompagnata da Maria, dal nostro Aiuto Perpetuo, da Alfonso Liguori e da tutti i nostri Santi, la nostra Congregazione \u00e8 costruita con pietre vive &#8211; tutti noi siamo chiamati a continuare questo carisma come un unico corpo missionario. Noi siamo le pietre vive &#8211; e l&#8217;edificio continua.<\/em><\/p>\n<p style=\"text-align: justify;\"><em><img class=\"alignnone size-medium\" src=\"https:\/\/www.cssr.news\/wp-content\/uploads\/2020\/11\/s3Y0A3220.jpg\" width=\"1024\" height=\"683\" \/>Questa sera, riconosciamo tra noi una nuova generazione di Missionari Redentoristi. Sono &#8220;pietre vive&#8221; per costruire sulle stesse fondamenta su cui ci troviamo noi: Giuseppe, Sergio, Paolo, Fabrizio, Gianluigi, Massimo &#8230;<\/em><\/p>\n<p style=\"text-align: justify;\">&#8211; ha detto p. Brehl al fine della predica,\u00a0presentando ai fedeli riuniti in chiesa i membri pi\u00f9 giovani della Congregazione, presenti alla celebrazione della giornata della fondazione: gli studenti e il postulante. E il P. Generale ha concluso:<\/p>\n<p style=\"text-align: justify;\"><em>La Congregazione continua a crescere e ad espandersi per testimoniare e annunciare sempre di nuovo il Vangelo, come ci ha insegnato San Clemente Hofbauer&#8230; Grazie a voi e grazie alle migliaia di persone che in tutto il mondo condividono questo ricco e meraviglioso carisma! Evviva la Congregazione del Santissimo Redentore! Evviva Ges\u00f9, Redentore nostro!<\/em><\/p>\n<p style=\"text-align: justify;\"><em>Scala News<\/em><\/p>\n<p style=\"text-align: justify;\"><a href=\"https:\/\/youtu.be\/9KAI5ObqhGE?t=805\">Ascolta l&#8217;intera omelia di P. Michael Brehl CSsR<\/a><\/p>\n","protected":false},"excerpt":{"rendered":"<p>(Roma) Il 9 novembre, nel 288\u00b0 anniversario della fondazione della Congregazione del Santissimo Redentore, il P. Generale Michael Brehl CSsR ha presieduto la Messa solenne nel Santuario della Madre del Perpetuo Soccorso a Roma. La Messa \u00e8 stata concelebrata dai membri della comunit\u00e0 internazionale di Sant&#8217;Alfonso. Erano presenti anche gli studenti dello Studentate Redentorista della [&hellip;]<\/p>\n","protected":false},"author":23,"featured_media":13369,"comment_status":"closed","ping_status":"closed","sticky":false,"template":"","format":"standard","meta":{"_mi_skip_tracking":false},"categories":[5],"tags":[],"_links":{"self":[{"href":"https:\/\/www.cssr.news\/italian\/wp-json\/wp\/v2\/posts\/13368"}],"collection":[{"href":"https:\/\/www.cssr.news\/italian\/wp-json\/wp\/v2\/posts"}],"about":[{"href":"https:\/\/www.cssr.news\/italian\/wp-json\/wp\/v2\/types\/post"}],"author":[{"embeddable":true,"href":"https:\/\/www.cssr.news\/italian\/wp-json\/wp\/v2\/users\/23"}],"replies":[{"embeddable":true,"href":"https:\/\/www.cssr.news\/italian\/wp-json\/wp\/v2\/comments?post=13368"}],"version-history":[{"count":3,"href":"https:\/\/www.cssr.news\/italian\/wp-json\/wp\/v2\/posts\/13368\/revisions"}],"predecessor-version":[{"id":13373,"href":"https:\/\/www.cssr.news\/italian\/wp-json\/wp\/v2\/posts\/13368\/revisions\/13373"}],"wp:featuredmedia":[{"embeddable":true,"href":"https:\/\/www.cssr.news\/italian\/wp-json\/wp\/v2\/media\/13369"}],"wp:attachment":[{"href":"https:\/\/www.cssr.news\/italian\/wp-json\/wp\/v2\/media?parent=13368"}],"wp:term":[{"taxonomy":"category","embeddable":true,"href":"https:\/\/www.cssr.news\/italian\/wp-json\/wp\/v2\/categories?post=13368"},{"taxonomy":"post_tag","embeddable":true,"href":"https:\/\/www.cssr.news\/italian\/wp-json\/wp\/v2\/tags?post=13368"}],"curies":[{"name":"wp","href":"https:\/\/api.w.org\/{rel}","templated":true}]}}