{"id":13377,"date":"2020-11-12T20:48:18","date_gmt":"2020-11-12T20:48:18","guid":{"rendered":"http:\/\/www.cssr.news\/italian\/?p=13377"},"modified":"2020-11-13T10:10:04","modified_gmt":"2020-11-13T10:10:04","slug":"iv-giornata-mondiale-dei-poveri","status":"publish","type":"post","link":"https:\/\/www.cssr.news\/italian\/2020\/11\/iv-giornata-mondiale-dei-poveri\/","title":{"rendered":"IV Giornata mondiale dei poveri"},"content":{"rendered":"<p style=\"text-align: justify;\">Domenica prossima, 15 novembre, la Chiesa celebra la IV Giornata Mondiale dei Poveri, istituita da Papa Francesco nel 2016 e, da allora, celebrata nella penultima domenica dell&#8217;anno liturgico. Quest&#8217;anno si celebra con il motto &#8220;Stendi la mano ai poveri&#8221; (cfr Si 7,32)<\/p>\n<p style=\"text-align: justify;\">Per la Famiglia Redentorista, l&#8217;opzione per i poveri &#8220;costituisce la sua stessa ragione di essere nella Chiesa e la parola d&#8217;ordine della sua fedelt\u00e0 alla vocazione ricevuta&#8221; (Cost. 5). Questa giornata acquista una singolare rilevanza per i Redentoristi, soprattutto nelle attuali circostanze della pandemia che ha messo a nudo la fragilit\u00e0 umana e ha messo in crisi le nostre certezze, portando dolore e morte, ma anche facendo aprire tanti cuori e tanti le mani si allungano. Sono molte le iniziative che sono state generate nelle nostre comunit\u00e0 per soddisfare i bisogni dei meno favoriti. Questa \u00e8 anche un&#8217;opportunit\u00e0 propizia per noi, attraverso il nostro ministero pastorale, per rafforzare la nostra consapevolezza della realt\u00e0 dei poveri di oggi; Allo stesso modo, \u00e8 un&#8217;opportunit\u00e0 per intensificare i rapporti con i media, gli enti governativi e altre istituzioni e cos\u00ec il grido dei poveri non continua a passare inosservato.<\/p>\n<p style=\"text-align: justify;\">Il documento allegato \u00e8 un sussidio pastorale del Pontificio Consiglio per la Nuova Evangelizzazione che si propone come strumento di aiuto per la celebrazione della Giornata Mondiale dei Poveri. &#8220;\u00c8 un aiuto che ci permette di riflettere su come ridare speranza a chi il mondo vorrebbe relegare a una vita di solitudine e discriminazione&#8221; (R. Fisichella). Possa l&#8217;annuncio della buona novella, i cui principali destinatari sono i poveri, trovare rinnovato slancio durante questo cammino.<\/p>\n<p style=\"text-align: justify;\">Segreteria generale per l&#8217;evangelizzazione<br \/>\nCommissione PS-GPIC<\/p>\n<h2 class=\"title\"><a href=\"http:\/\/www.pcpne.va\/content\/pcpne\/it\/attivita\/gmdp\/2020\/sussidio.html\">Sussidio Pastorale: Tende la tua mano al povero<\/a><\/h2>\n<p><a href=\"http:\/\/www.pcpne.va\/content\/dam\/pcpne\/image\/GiornataMondialePoveri\/2020\/sussidio\/Sussidio%20Pastorales%20GMdP%202020%20-%20ESP.pdf\" target=\"_blank\" rel=\"noopener\">\u201cExtiende tu mano a los pobres\u201d \u2013 Recurso Pastoral.<\/a><\/p>\n","protected":false},"excerpt":{"rendered":"<p>Domenica prossima, 15 novembre, la Chiesa celebra la IV Giornata Mondiale dei Poveri, istituita da Papa Francesco nel 2016 e, da allora, celebrata nella penultima domenica dell&#8217;anno liturgico. Quest&#8217;anno si celebra con il motto &#8220;Stendi la mano ai poveri&#8221; (cfr Si 7,32) Per la Famiglia Redentorista, l&#8217;opzione per i poveri &#8220;costituisce la sua stessa ragione [&hellip;]<\/p>\n","protected":false},"author":3,"featured_media":13384,"comment_status":"closed","ping_status":"closed","sticky":false,"template":"","format":"standard","meta":{"_mi_skip_tracking":false},"categories":[40],"tags":[],"_links":{"self":[{"href":"https:\/\/www.cssr.news\/italian\/wp-json\/wp\/v2\/posts\/13377"}],"collection":[{"href":"https:\/\/www.cssr.news\/italian\/wp-json\/wp\/v2\/posts"}],"about":[{"href":"https:\/\/www.cssr.news\/italian\/wp-json\/wp\/v2\/types\/post"}],"author":[{"embeddable":true,"href":"https:\/\/www.cssr.news\/italian\/wp-json\/wp\/v2\/users\/3"}],"replies":[{"embeddable":true,"href":"https:\/\/www.cssr.news\/italian\/wp-json\/wp\/v2\/comments?post=13377"}],"version-history":[{"count":3,"href":"https:\/\/www.cssr.news\/italian\/wp-json\/wp\/v2\/posts\/13377\/revisions"}],"predecessor-version":[{"id":13382,"href":"https:\/\/www.cssr.news\/italian\/wp-json\/wp\/v2\/posts\/13377\/revisions\/13382"}],"wp:featuredmedia":[{"embeddable":true,"href":"https:\/\/www.cssr.news\/italian\/wp-json\/wp\/v2\/media\/13384"}],"wp:attachment":[{"href":"https:\/\/www.cssr.news\/italian\/wp-json\/wp\/v2\/media?parent=13377"}],"wp:term":[{"taxonomy":"category","embeddable":true,"href":"https:\/\/www.cssr.news\/italian\/wp-json\/wp\/v2\/categories?post=13377"},{"taxonomy":"post_tag","embeddable":true,"href":"https:\/\/www.cssr.news\/italian\/wp-json\/wp\/v2\/tags?post=13377"}],"curies":[{"name":"wp","href":"https:\/\/api.w.org\/{rel}","templated":true}]}}