{"id":13386,"date":"2020-11-13T20:00:15","date_gmt":"2020-11-13T20:00:15","guid":{"rendered":"http:\/\/www.cssr.news\/italian\/?p=13386"},"modified":"2020-11-16T17:44:02","modified_gmt":"2020-11-16T17:44:02","slug":"p-zephirin-ndongala-luyila-c-ss-r-riposa-in-pace","status":"publish","type":"post","link":"https:\/\/www.cssr.news\/italian\/2020\/11\/p-zephirin-ndongala-luyila-c-ss-r-riposa-in-pace\/","title":{"rendered":"P. Zephirin Ndongala Luyila C.Ss.R. riposa in Pace"},"content":{"rendered":"<p style=\"text-align: justify;\">I Redentoristi di tutto il mondo sono in lutto. Abbiamo perso un confratello molto amato, p. Zephirin Ndongala Luyila. P. Zephirin era il Coordinatore della Conferenza Redentorista per l&#8217;Africa e il Madagascar, conosciuta come COREAM.<\/p>\n<p style=\"text-align: justify;\">Le nostre pi\u00f9 sentite condoglianze abbondano ai fratelli e alle sorelle di Zephirin nella Repubblica Democratica del Congo: Luyila Makengo Patrice, Luyila Madilu Edouard, Luyila Lusikila Jacqueline, Luyila-Lua-Kanda Bernadette, Luyila Masala Agnes.<\/p>\n<figure id=\"attachment_13387\" aria-describedby=\"caption-attachment-13387\" style=\"width: 300px\" class=\"wp-caption aligncenter\"><a href=\"http:\/\/www.cssr.news\/italian\/wp-content\/uploads\/sites\/2\/2020\/11\/FR.-Zephirin-Luyila-Ndolongala-CSsR.jpg\"><img class=\"wp-image-13387 size-full\" src=\"http:\/\/www.cssr.news\/italian\/wp-content\/uploads\/sites\/2\/2020\/11\/FR.-Zephirin-Luyila-Ndolongala-CSsR.jpg\" alt=\"\" width=\"300\" height=\"169\" \/><\/a><figcaption id=\"caption-attachment-13387\" class=\"wp-caption-text\">padre Zephirin Ndongala Luyila C.Ss.R.<\/figcaption><\/figure>\n<h3>Biografia di P. Z\u00e9phirin LUYILA NDONGALA, CSsR.<\/h3>\n<p>P. Z\u00e9phirin LUYILA NDONGALA, di nazionalit\u00e0 congolese, nato il 29 gennaio 1965 a NDEMBO, \u00e8 originario del Settore di KIVULU, Territorio di MBANZA-NGUNGU, Provincia di KONGO-CENTRAL, nella REPUBBLICA DEMOCRATICA DI CONGO (di seguito RDC). \u00c8 stato battezzato cattolico da bambino.<\/p>\n<p>Suo padre Edouard LUYILA LUAKANDA, insegnante, originario del villaggio di KIKIADI, nel settore KIVULU del KONGO-CENTRAL, era morto il 7 maggio 2006. Sua madre, H\u00e9l\u00e8ne LUSIKILA, del villaggio di KIPASI, settore KIVULU, KONGO-CENTRAL, era morta il 26 maggio 2015. I suoi genitori erano cattolici, ben inseriti nella Legio Mariae. Padre Z\u00e9phirin era il quinto di una famiglia di 8 figli, 3 ragazzi e 5 ragazze. Delle ragazze, 2 sono gi\u00e0 morte.<\/p>\n<h4>Formazione<\/h4>\n<p>Dal 1971 al 1977 ha svolto i suoi studi primari presso la SCUOLA PRIMARIA NDEMBO nella zona di BOKO, Territorio di MBANZA-NGUNGU, Provincia di Kongo-Central in RDC, al termine dei quali ha ottenuto il Certificato di Fine degli Studi Primari.<br \/>\nDal 1977 al 1979 ha frequentato il ciclo di orientamento dell&#8217;Istituto 20 maggio a Mbanza-Ngungu, dove ha ottenuto l&#8217;attestato del ciclo di orientamento.<br \/>\nDal 1979 al 1983 ha frequentato l&#8217;ISTITUTO KIMVUKA di Mbanza-Ngungu, dove ha conseguito il Diploma di Stato in Pedagogia Generale.<br \/>\nMentre si prepara ad entrare nel Postulato Redentorista, insegna alla Scuola Primaria di Tuzolana.<br \/>\nDal settembre 1984 al luglio 1985 \u00e8 stato al Postulato dei Redentoristi nella Parrocchia di San Clemente di KINZUNDU.<br \/>\nDal 28 settembre 1985 al 29 settembre 1986 ha svolto l&#8217;anno di noviziato a KIONZO nel fiume Basso, al termine del quale ha emesso la sua prima professione religiosa.<br \/>\nDal 1986 al 1989, Z\u00e9phirin LUYILA ha fatto il Ciclo di Filosofia presso la Scuola di Filosofia di Sant&#8217;Agostino a Kinshasa, dove ha conseguito il Diploma di Laurea in Filosofia.<br \/>\nDal 1989 al 1993 ha studiato teologia all&#8217;Istituto Saint Eugene de Mazenod di Kinshasa, dove si \u00e8 laureato in teologia.<br \/>\nDopo aver emesso i voti perpetui nella Congregazione del Santissimo Redentore il 19 settembre 1992, a Kisantu, fr\u00e8re Z\u00e9phirin LUYILA \u00e8 stato ordinato diacono a Kisantu (Centro Emmaus) il 4 maggio 1993, da monsignor Gabriel KEMBO MAMPUTU e sacerdote il 25 luglio 1993, a Kinshasa da sua eminenza il cardinale Fr\u00e9d\u00e9ric ETSOU.<\/p>\n<h4>Ministero<\/h4>\n<p>Dal 1993 al 1996 \u00e8 stato vicario della parrocchia di Nostra Signora di Fatima a Luozi ed \u00e8 stato responsabile della Pastorale Giovanile e dei Villaggi.<br \/>\nDal 1996 al 1998 \u00e8 stato il primo parroco congolese nella parrocchia di Santa Maria di Kimpese.<br \/>\nDal 1998 al 2002 \u00e8 stato il primo parroco congolese della parrocchia del Sacro Cuore di Mbanza Ngungu.<br \/>\nDal 1999 al 2005 \u00e8 stato tesoriere della Viceprovincia Redentorista del Congo.<br \/>\nDal 2005 al 2007 \u00e8 stato studente dell&#8217;Istituto Internazionale Lumen Vitae di Bruxelles, Belgio, dove ha conseguito il Diploma di Licenza in Catechesi e Pastorale.<br \/>\nDal 2007 al 2009 \u00e8 stato Vicario domenicano nel settore pastorale a Namur Nord in Belgio.<br \/>\nDal 2009 al 2010 \u00e8 stato Vicario della Parrocchia di San Gerardo a Matadi\/RDC.<br \/>\nDal dicembre 2010 al 31 dicembre 2017 \u00e8 stato Vice Superiore Provinciale e Rappresentante legale della Congregazione dei Redentoristi nella RDC.<br \/>\nDal 2013 al 2017 \u00e8 Presidente dell&#8217;Assemblea Nazionale dei Superiori Maggiori (ASUMA) della Repubblica Democratica del Congo.<br \/>\nDal 2014 al 2017 \u00e8 Moderatore del Consiglio presbiterale della Diocesi di Matadi.<br \/>\nDal gennaio 2018 all&#8217;11 novembre 2020: Coordinatore della Conferenza dei Redentoristi dell&#8217;Africa e del Madagascar (COREAM).<\/p>\n<h4>Cosa possiamo imparare da lui<\/h4>\n<p>Padre Z\u00e9phirin LUYILA NDONGALA era:<\/p>\n<ul>\n<li>Un uomo di fede e di preghiera;<\/li>\n<li>Un uomo tranquillo, pieno di pazienza, di dolcezza e di amore per i suoi confratelli, per i suoi parrocchiani e per tutte le persone con cui aveva un rapporto di lavoro o di collaborazione;<\/li>\n<li>Un uomo prudente ed equilibrato nel suo linguaggio, nei suoi giudizi e nelle sue decisioni con un senso di leadership;<\/li>\n<li>Un uomo disciplinato, ordinato e organizzato nella sua vita ordinaria come pure nelle sue responsabilit\u00e0 amministrative e nella gestione del personale e dei beni;<\/li>\n<li>un sacerdote religioso serio e discreto.<\/li>\n<\/ul>\n<p>Ritorna alla Casa del Padre a totale discrezione l&#8217;11\/11\/2020, all&#8217;et\u00e0 di 55 anni, dopo 34 anni di vita religiosa e 27 anni di ministero sacerdotale molto ben svolto.<\/p>\n<p>Padre Z\u00e9phirin Luyila cercava che la presenza di Dio si trovasse nella sua vita, che la lampada di Cristo fosse mantenuta accesa, e che la scelta della sua vita fosse quella di vivere nella fiducia del Signore.<\/p>\n<p>Biografia di Fratel L\u00e9on MASIALA PHUATI, CSsR<\/p>\n<p>Kinshasa\/RD Congo, 16 novembre 2020<\/p>\n<hr \/>\n<p style=\"text-align: justify;\"><em>La seguente sequenza temporale cattura la tristezza e l&#8217;emozione dell&#8217;ultimo giorno di p. Zephirin come prezioso Redentorista e meraviglioso Essere umano. Questo racconto \u00e8 stato condiviso con noi dalla missione redentorista del Kenya.<\/em><\/p>\n<p style=\"text-align: justify;\">Oggi, 11 novembre 2020, intorno alle 11.00, ho ricevuto una chiamata frenetica da p. Toppo. Molto turbato, stava dicendo: &#8220;Penso che Zephirin se ne sia andato&#8221;. Presto ho chiamato Cornel, che stava singhiozzando ha detto che Zephirin non c&#8217;\u00e8 pi\u00f9. \u00c8 successo tutto all&#8217;improvviso questa mattina.<\/p>\n<p style=\"text-align: justify;\">Padre, Zephirin non ha mantenuto una buona salute nell&#8217;ultimo mese. Aveva la glicemia e la pressione arteriosa. Era anche in cura per la polmonite presso il dispensario di Sant&#8217;Odilia a Karen. Nell&#8217;ultima settimana \u00e8 stato portato al dispensario per le cure. A volte, delle infermiere venivano a casa nostra per dargli l&#8217;insulina. Il 9, ha avuto un test Covid-19, e il risultato \u00e8 uscito il 10, dicendo che era negativo. Zephirin era felice di sapere quel risultato perch\u00e9 era molto preoccupato.<\/p>\n<p style=\"text-align: justify;\">L&#8217;11 (mercoled\u00ec), alle ore 9.00, don Cornel ha incontrato Zephirin nella sua stanza. Negli ultimi giorni, Cornel ha offerto la messa nella stanza di Zephrin. Oggi ha detto che avrebbe offerto la Messa da solo. Cornel ha preso accordi per la messa. Alle 9.30 la nostra cuoca, Helen, \u00e8 venuta con la colazione. Nel frattempo, anche Toppo \u00e8 venuto nella stanza di Zephirin e ha detto che lo avrebbe portato in ospedale una volta che avesse fatto colazione.<\/p>\n<p style=\"text-align: justify;\">Dopo le 10.00, Toppo \u00e8 venuto e ha bussato alla stanza di Zephirin. Nessuna risposta. Di nuovo buss\u00f2 forte. Ma poich\u00e9 non ci fu risposta, apr\u00ec la porta, e poi Toppo trov\u00f2 Zephirin appoggiato a un cuscino con le gambe accavallate. Poich\u00e9 non ci fu risposta da parte sua, Toppo lo tocc\u00f2 e trov\u00f2 molto freddo. Immediatamente ha chiamato Cornel, e quando si sono resi conto di quello che \u00e8 successo, Cornel si \u00e8 precipitato al dispensario di Odilia per ottenere l&#8217;ufficiale medico cosa stava curando Zephirin. Venne immediatamente con Cornel ed esamin\u00f2 Zephirin. Le pupille erano bilaterali non responsive alla luce, era freddo e senza riflessi. Non c&#8217;erano movimenti del torace. \u00c8 stato dichiarato morto alle 11.20 da Nester Sila, il medico.<\/p>\n<p style=\"text-align: justify;\">Apprendendo la notizia, p. Raphael, che stava predicando un ritiro alle suore benedettine, si precipit\u00f2 a casa nostra. P. Anche Paolo fu riportato a casa da un altro luogo di ritiro. Nel frattempo, le nostre sorelle vicine sono venute a casa. Toppo e Cornel sono andati alla stazione di polizia. Con il referto medico, anche la polizia ha dato un referto. Ma pi\u00f9 tardi, la polizia ha detto che sarebbe stato sicuro se avessimo portato il corpo per l&#8217;autopsia poich\u00e9 \u00e8 morto nella sua stanza. Abbiamo dovuto aspettare un paio d&#8217;ore agonizzanti aspettando il chirurgo forense della polizia. \u00c8 arrivato verso le 15:00 ed ha esaminato il corpo e la stanza, ha scattato alcune foto e ha dato il permesso di portare il corpo all&#8217;obitorio. Alle 4.00, il corpo \u00e8 stato trasferito all&#8217;ospedale di St. Mary.<\/p>\n<p style=\"text-align: justify;\">Nel frattempo, il P. Generale a Roma \u00e8 stato informato della tragica morte di Zephirin. Ha contattato il Vice-provinciale in RDC, p. Jean Robert. Inoltre, il nostro provinciale in India \u00e8 stato informato di questa tragedia. Il viceprovinciale ha ritenuto possibile inviare la salma in Congo. Immediatamente Raphael si \u00e8 messo in contatto con l&#8217;ambasciata e un agente di viaggio. I funzionari dell&#8217;ambasciata hanno dato appuntamento per venerd\u00ec. Possiamo avere un&#8217;autopsia solo quando veniamo a sapere quando i voli saranno disponibili.<\/p>\n<p style=\"text-align: justify;\">Alle 18:00 abbiamo celebrato la Messa per Zephirin nella nostra cappella, alla presenza di un certo numero di sorelle e fratelli e di otto Redentoristi.<\/p>\n<p style=\"text-align: justify;\">fonte:\u00a0<a href=\"https:\/\/www.africaredemptorists.com\/news\/r-i-p-fr-zephirin-ndongala-luyila-c-ss-r\/\">africaredemptorists.com<\/a><\/p>\n","protected":false},"excerpt":{"rendered":"<p>I Redentoristi di tutto il mondo sono in lutto. Abbiamo perso un confratello molto amato, p. Zephirin Ndongala Luyila. P. Zephirin era il Coordinatore della Conferenza Redentorista per l&#8217;Africa e il Madagascar, conosciuta come COREAM. Le nostre pi\u00f9 sentite condoglianze abbondano ai fratelli e alle sorelle di Zephirin nella Repubblica Democratica del Congo: Luyila Makengo [&hellip;]<\/p>\n","protected":false},"author":3,"featured_media":13388,"comment_status":"closed","ping_status":"closed","sticky":false,"template":"","format":"standard","meta":{"_mi_skip_tracking":false},"categories":[13],"tags":[],"_links":{"self":[{"href":"https:\/\/www.cssr.news\/italian\/wp-json\/wp\/v2\/posts\/13386"}],"collection":[{"href":"https:\/\/www.cssr.news\/italian\/wp-json\/wp\/v2\/posts"}],"about":[{"href":"https:\/\/www.cssr.news\/italian\/wp-json\/wp\/v2\/types\/post"}],"author":[{"embeddable":true,"href":"https:\/\/www.cssr.news\/italian\/wp-json\/wp\/v2\/users\/3"}],"replies":[{"embeddable":true,"href":"https:\/\/www.cssr.news\/italian\/wp-json\/wp\/v2\/comments?post=13386"}],"version-history":[{"count":6,"href":"https:\/\/www.cssr.news\/italian\/wp-json\/wp\/v2\/posts\/13386\/revisions"}],"predecessor-version":[{"id":13404,"href":"https:\/\/www.cssr.news\/italian\/wp-json\/wp\/v2\/posts\/13386\/revisions\/13404"}],"wp:featuredmedia":[{"embeddable":true,"href":"https:\/\/www.cssr.news\/italian\/wp-json\/wp\/v2\/media\/13388"}],"wp:attachment":[{"href":"https:\/\/www.cssr.news\/italian\/wp-json\/wp\/v2\/media?parent=13386"}],"wp:term":[{"taxonomy":"category","embeddable":true,"href":"https:\/\/www.cssr.news\/italian\/wp-json\/wp\/v2\/categories?post=13386"},{"taxonomy":"post_tag","embeddable":true,"href":"https:\/\/www.cssr.news\/italian\/wp-json\/wp\/v2\/tags?post=13386"}],"curies":[{"name":"wp","href":"https:\/\/api.w.org\/{rel}","templated":true}]}}