{"id":17528,"date":"2022-03-11T05:51:00","date_gmt":"2022-03-11T05:51:00","guid":{"rendered":"https:\/\/www.cssr.news\/italian\/?p=17528"},"modified":"2022-03-10T15:25:22","modified_gmt":"2022-03-10T15:25:22","slug":"uneconomia-ecocentrica","status":"publish","type":"post","link":"https:\/\/www.cssr.news\/italian\/2022\/03\/uneconomia-ecocentrica\/","title":{"rendered":"Un&#8217;economia ecocentrica"},"content":{"rendered":"\n<p class=\"has-text-align-right\">(dal Blog dell&#8217;Accademia Alfonsiana)<\/p>\n\n\n\n<p>Papa Francesco ha invitato tutti a costruire un&#8217;economia fraterna e inclusiva(1), orientata al bene comune e \u00abattenta soprattutto ai poveri e agli esclusi\u00bb(2). La nostra \u201csorella madre Terra\u201d \u00ab\u00e8 tra i nostri poveri pi\u00f9 abbandonati e maltrattati\u00bb(3) ; pertanto, questa economia deve essere ecocentrica.<\/p>\n\n\n\n<p><strong>L&#8217;economia di Francesco<\/strong><\/p>\n\n\n\n<p>Per promuovere questa economia, il Papa ha voluto organizzare ad Assisi un incontro internazionale di giovani economisti (sotto i 35 anni), intitolato Economia di Francesco, \u00abper promuovere insieme, attraverso una comune \u201calleanza\u201d, un processo di cambiamento globale\u00bb (Ec-Fco) verso un nuovo sistema economico che deve essere pi\u00f9 inclusivo e pi\u00f9 attento alla persona e all&#8217;ambiente. Occorre mettere in moto processi per chiedere un cambiamento di \u00abstile di vita, modelli di produzione e consumo, strutture consolidate di potere che oggi governano le societ\u00e0\u00bb(4). Invitando questo incontro, il Papa ha manifestato la sua fiducia nei giovani \u00abper dare un&#8217;anima all&#8217;economia di domani\u00bb (Ec-Fco), poich\u00e9 \u00abil sistema mondiale attuale \u00e8 certamente insostenibile\u00bb(5) . Accettando l&#8217;invito papale, si sono iscritti pi\u00f9 di 3.000 giovani economisti provenienti da 120 paesi.<\/p>\n\n\n\n<p>L&#8217;incontro doveva tenersi dal 26 al 28 marzo 2020 ad Assisi, citt\u00e0 \u00abche da secoli simboleggia eloquentemente un umanesimo di fraternit\u00e0\u00bb e continua ad essere icona di una cultura di pace e \u00abun luogo adatto a cui ispirarsi una nuova economia\u00bb (Ec-Fco). \u00c8 l\u00ec che san Francesco ha abbracciato la povert\u00e0, promuovendo cos\u00ec \u00abuna visione dell&#8217;economia che resta pi\u00f9 attuale\u00bb (Ec-Fco). La pandemia di Covid-19 ha prima costretto l&#8217;incontro a essere spostato dal 19 al 21 novembre 2020 e, infine, a tenersi online.<\/p>\n\n\n\n<p>Questa iniziativa di papa Francesco fa parte della sua proposta sull&#8217;ecologia integrale. Invita i giovani economisti a promuovere un&#8217;economia pi\u00f9 ecocentrica che superi l&#8217;attuale economia tecnocentrica, che uccide.(6)<\/p>\n\n\n\n<p><strong>Verso un&#8217;economia ecocentrica<\/strong><br>Il sistema economico globalizzato dissocia l&#8217;attivit\u00e0 economica dagli aspetti ambientali.(7) La teoria neoclassica dell&#8217;economia aveva gi\u00e0 preferito ignorare l&#8217;impatto che la ricerca individualistica del profitto immediato poteva avere sugli ecosistemi.(8) Ancora oggi, le persone tendono a ignorare i dati sull&#8217;esaurimento delle risorse e sul degrado ambientale quando si redige il Prodotto Interno Lordo (PIL). Al massimo, accettano che le aziende inquinanti possano essere penalizzate in proporzione ai danni che provocano all&#8217;ambiente. Ci\u00f2 non impedisce ulteriori aggressioni all&#8217;ecosistema, perch\u00e9 siamo facilmente ingannati nel pensare che i benefici immediati supereranno i danni a lungo termine. Tale economia non aumenta il \u201cbenessere\u201d della popolazione e, inoltre, minaccia la sostenibilit\u00e0.<br>Dobbiamo superare questo approccio tecnocentrico all&#8217;economia e assumere invece una visione ecocentrica, che dia priorit\u00e0 alla sostenibilit\u00e0 degli ecosistemi naturali rispetto alla loro utilit\u00e0. Pertanto, le leggi che regolano il funzionamento dell&#8217;ecosistema globale prevarranno sulla gestione delle sue risorse(9). Esistono gi\u00e0 iniziative che promuovono la responsabilit\u00e0 sociale d&#8217;impresa nella tutela dell&#8217;ambiente. Ne \u00e8 un buon esempio la rete \u201cGlobal Compact\u201d, promossa dalle Nazioni Unite.(10)<\/p>\n\n\n\n<p class=\"has-text-align-right\">P. Mart\u00edn Carbajo Nu\u00f1ez, OFM<\/p>\n\n\n\n<p>[1] The full text of this presentation: Carbajo N\u00fa\u00f1ez M., \u00abThe fraternal economy: A Franciscan perspective\u00bb, in <em>Collectanea Franciscana <\/em>91 (2021) 565-580.<\/p>\n\n\n\n<p>[2] Francis, \u201cLetter for the event <em>Economy of Francesco<\/em>\u201d (May 1, 2019), [<em>Ec-Fco<\/em>], in <em>OR<\/em> (May 12, 2019) 8.<\/p>\n\n\n\n<p>[3] Francis \u00ab<em>Laudato si\u2019<\/em>.Encyclical letter,\u00bb [<em>LS<\/em>], (May24,2015), nn. 1-2, in <em>AAS <\/em>107 (2015) 847-945<\/p>\n\n\n\n<p>[4] Francis, \u00abVideo message to participants at the meeting <em>Economy of Francesco<\/em>\u00bb (Dec. 21, 2020), in <em>Internet<\/em>: https:\/\/youtu.be\/zu5Xkt6TOHE<\/p>\n\n\n\n<p>[5] Francis, \u00abVideo message\u00bb (Dec. 21, 2020).<\/p>\n\n\n\n<p>[6] Tornielli A. &#8211; Galeazzi G., <em>This economy kills: Pope Francis on capitalism and social justice<\/em>, Novalis, Toronto 2015.<\/p>\n\n\n\n<p>[7] Cf. Carbajo N\u00fa\u00f1ez M., <em>Being a Franciscan in the Digital Age: New Challenges, New Life<\/em>, Delhi 2021.<\/p>\n\n\n\n<p>[8] Cf. Jevons W.S., <em>The theory of political economy<\/em>, New York 2013<sup>4<\/sup>(original: 1871).<\/p>\n\n\n\n<p>[9] Cf. Georgescu-Roegen N., <em>Bioeconomia. Verso un\u2019economia ecologicamente e socialmente sostenibile<\/em>, Torino 2013; Robert Costanza, <em>An introduction to ecological economics<\/em>, Boca Rat\u00f3n 2015<sup>2<\/sup>.<\/p>\n\n\n\n<p>[10] Cf. <a href=\"http:\/\/www.unglobalcompact.org\">www.unglobalcompact.org<\/a>; <em>United Nations Global Compact<\/em>, UN, New York (eBook).<\/p>\n","protected":false},"excerpt":{"rendered":"<p>(dal Blog dell&#8217;Accademia Alfonsiana) Papa Francesco ha invitato tutti a costruire un&#8217;economia fraterna e inclusiva(1), orientata al bene comune e \u00abattenta soprattutto ai poveri e agli esclusi\u00bb(2). La nostra \u201csorella madre Terra\u201d \u00ab\u00e8 tra i nostri poveri pi\u00f9 abbandonati e maltrattati\u00bb(3) ; pertanto, questa economia deve essere ecocentrica. L&#8217;economia di Francesco Per promuovere questa economia, [&hellip;]<\/p>\n","protected":false},"author":3,"featured_media":17530,"comment_status":"closed","ping_status":"closed","sticky":false,"template":"","format":"standard","meta":{"_mi_skip_tracking":false},"categories":[29],"tags":[],"_links":{"self":[{"href":"https:\/\/www.cssr.news\/italian\/wp-json\/wp\/v2\/posts\/17528"}],"collection":[{"href":"https:\/\/www.cssr.news\/italian\/wp-json\/wp\/v2\/posts"}],"about":[{"href":"https:\/\/www.cssr.news\/italian\/wp-json\/wp\/v2\/types\/post"}],"author":[{"embeddable":true,"href":"https:\/\/www.cssr.news\/italian\/wp-json\/wp\/v2\/users\/3"}],"replies":[{"embeddable":true,"href":"https:\/\/www.cssr.news\/italian\/wp-json\/wp\/v2\/comments?post=17528"}],"version-history":[{"count":2,"href":"https:\/\/www.cssr.news\/italian\/wp-json\/wp\/v2\/posts\/17528\/revisions"}],"predecessor-version":[{"id":17531,"href":"https:\/\/www.cssr.news\/italian\/wp-json\/wp\/v2\/posts\/17528\/revisions\/17531"}],"wp:featuredmedia":[{"embeddable":true,"href":"https:\/\/www.cssr.news\/italian\/wp-json\/wp\/v2\/media\/17530"}],"wp:attachment":[{"href":"https:\/\/www.cssr.news\/italian\/wp-json\/wp\/v2\/media?parent=17528"}],"wp:term":[{"taxonomy":"category","embeddable":true,"href":"https:\/\/www.cssr.news\/italian\/wp-json\/wp\/v2\/categories?post=17528"},{"taxonomy":"post_tag","embeddable":true,"href":"https:\/\/www.cssr.news\/italian\/wp-json\/wp\/v2\/tags?post=17528"}],"curies":[{"name":"wp","href":"https:\/\/api.w.org\/{rel}","templated":true}]}}