{"id":17868,"date":"2022-04-15T05:10:00","date_gmt":"2022-04-15T05:10:00","guid":{"rendered":"https:\/\/www.cssr.news\/italian\/?p=17868"},"modified":"2022-04-13T07:48:10","modified_gmt":"2022-04-13T07:48:10","slug":"opposizione-polare","status":"publish","type":"post","link":"https:\/\/www.cssr.news\/italian\/2022\/04\/opposizione-polare\/","title":{"rendered":"Opposizione polare"},"content":{"rendered":"\n<p class=\"has-text-align-right\">(dal Blog dell&#8217;Accademia Alfonsiana)<\/p>\n\n\n\n<p>Papa Francesco afferma che l&#8217;unit\u00e0 \u00abche cerchiamo non \u00e8 l&#8217;uniformit\u00e0, ma &#8220;l&#8217;unit\u00e0 nella diversit\u00e0&#8221;\u00bb(1).&nbsp; Ispirandosi a Romano Guardini, il Papa descrive questa unit\u00e0 usando la dialettica dell&#8217;opposizione polare(2).&nbsp;Durante il Sinodo sulla Vita Consacrata (1994), J.M. Bergoglio ha spiegato questa dinamica: \u00abUna tensione, per essere mantenuta in vita, non pu\u00f2 essere risolta dall&#8217;assimilazione di uno dei poli a scapito degli altri, n\u00e9 da una sintesi (di tipo hegeliano) che annulla le polarit\u00e0. La tensione (in questo caso la tensione ecclesiale) deve essere risolta ad un livello superiore, che non sarebbe una sintesi, ma una risoluzione che virtualmente contiene le polarit\u00e0 in tensione\u00bb(3).&nbsp;<\/p>\n\n\n\n<p>Purtroppo l&#8217;attuale paradigma tecnocratico, omogeneo e unidimensionale, scavalca questa dinamica, aprendo cos\u00ec la strada all&#8217;indifferenza globalizzata, al dominio dispotico, alla cultura dell&#8217;usa e getta.&nbsp;<\/p>\n\n\n\n<p><em><strong>La dialettica dell&#8217;opposizione polare di Romano Guardini&nbsp;<\/strong><\/em><\/p>\n\n\n\n<p>Romano Guardini ha proposto una dialettica di opposizione polare per spiegare la struttura originaria della realt\u00e0 e il dinamismo che la caratterizza(4).&nbsp; In tutta la vita, dice, c&#8217;\u00e8 una tensione tra due poli che sono legati insieme, uniti e indissociabili(5).&nbsp; \u00abNon \u00e8 una &#8220;sintesi&#8221; di due momenti in un terzo. N\u00e9 \u00e8 un tutto, di cui i due momenti costituiscono &#8220;parti&#8221;\u00bb(6).&nbsp; \u00abI due opposti non si annullano. Un polo non distrugge l&#8217;altro. Non c&#8217;\u00e8 contraddizione n\u00e9 identit\u00e0. Per lui [Guardini] le opposizioni si risolvono a un livello superiore. In questa risoluzione, per\u00f2, la tensione polare rimane. La tensione rimane, non si annulla. I limiti vanno superati, non negati. Le opposizioni sono utili. La vita umana \u00e8 strutturata in forma oppositiva. E questo lo vediamo accadere ora anche nella chiesa. Le tensioni non sono necessariamente risolte e appianate, non sono come le contraddizioni\u00bb(7).&nbsp;<\/p>\n\n\n\n<p>In questa dialettica, i due elementi rimangono legati e si presuppongono reciprocamente, forgiando un&#8217;unit\u00e0 che non annulla la differenza. Questa unit\u00e0 pu\u00f2 essere intesa solo come tensione polare &#8211; non contraddittoria &#8211; tra gli opposti; cio\u00e8, come unit\u00e0 di contrasto(8).&nbsp;<\/p>\n\n\n\n<p><strong><em>I principi oppositivi di Papa Francesco<\/em><\/strong><\/p>\n\n\n\n<p>Nella <em>Evangelii Gaudium<\/em>, Papa Francesco presenta quattro principi oppositivi: <em>1) Il tempo \u00e8 pi\u00f9 grande dello spazio; 2) L&#8217;unit\u00e0 prevale sul conflitto; 3) Il tutto \u00e8 pi\u00f9 grande della parte; 4) Le realt\u00e0 sono pi\u00f9 importanti delle idee<\/em>(9). Questi principi sono tratti dalla tesi di dottorato mai completata che stava preparando su Guardini(10) e rispondono a tre tensioni bipolari e innate: pienezza-limitazione (principi 1 e 2), idee-realt\u00e0 (p.3), globalizzazione-localizzazione (p.4) (11).&nbsp;&nbsp;<br>Recentemente, Papa Francesco ha affermato che \u00abi conflitti, le tensioni e anche i gruppi un tempo considerati inimici possono raggiungere un&#8217;unit\u00e0 multiforme che d\u00e0 origine a nuova vita\u00bb(12).&nbsp; L&#8217;opposizione polare non deve essere confusa con la contraddizione. Per esempio, \u00abil male non \u00e8 la controparte del bene, come vorrebbe la gnosi, ma \u00e8 la sua negazione\u00bb. Pertanto, \u00abesige una decisione, una scelta\u00bb(13): bisogna scegliere l&#8217;uno o l&#8217;altro, non entrambi.<\/p>\n\n\n\n<p><strong><em>Unit\u00e0 nella diversit\u00e0<\/em><\/strong><\/p>\n\n\n\n<p>La fraternit\u00e0 universale sar\u00e0 possibile se si mantiene l&#8217;opposizione polare tra universale-particolare, globale-locale, differenza-complementariet\u00e0, essenza-esistenza, evitando qualsiasi tipo di contraddizione escludente. \u00abL&#8217;unit\u00e0 prevale sul conflitto\u00bb(14), ma questo non deve portare \u00aba optare per una sorta di sincretismo, o per l&#8217;assorbimento dell&#8217;uno nell&#8217;altro, ma piuttosto per una risoluzione che avvenga su un piano pi\u00f9 alto e conservi ci\u00f2 che \u00e8 valido e utile da entrambe le parti\u00bb (EG 228).&nbsp;<\/p>\n\n\n\n<p>In questa linea, Papa Francesco propone l&#8217;immagine del poliedro, \u00abche riflette la convergenza di tutte le sue parti, ciascuna delle quali conserva la sua peculiarit\u00e0\u00bb (EG 236). Il tutto prevale senza annullare la polarit\u00e0 con ciascuna delle parti. Il modello non \u00e8 la sfera, perch\u00e9 \u00abil globale non deve soffocare, n\u00e9 il particolare risultare sterile&#8221; (EG 235).&nbsp;<\/p>\n\n\n\n<p>Per gestire adeguatamente le polarit\u00e0, dobbiamo risvegliare \u00abil nostro senso estetico e contemplativo dato da Dio\u00bb(15), in modo da espandere \u00abgli orizzonti oltre i conflitti\u00bb (QA 104). Con l&#8217;aiuto dello Spirito Santo, fonte di ogni unit\u00e0 e di ogni differenza, siamo invitati a rafforzare le relazioni fraterne senza annullare le tensioni polari che esse comportano.<\/p>\n\n\n\n<p class=\"has-text-align-right\"><em>p. Mart\u00edn Carbajo Nu\u00f1ez, OFM<\/em><\/p>\n\n\n\n<hr class=\"wp-block-separator\"\/>\n\n\n\n<p>[1] Francis, \u00ab<em>Amoris Laetitia<\/em>. Post-synodal apostolic exhortation,\u00bb (March 19, 2016), [<em>AL<\/em>],n. 139, in <em>Acta Apostolicae Sedis<\/em> (<em>AAS<\/em>)108\/4 (Apr. 1, 2016) 311-446.<\/p>\n\n\n\n<p>[2] The full presentation of this topic: Carbajo-N\u00fa\u00f1ez Mart\u00edn, \u00abFamily relationships and polar opposition: Being equal while remaining different\u00bb, in <em>Forum Teologiczne<\/em> 22 (2021) 61-80.<\/p>\n\n\n\n<p>[3] Bergoglio J.M., \u00abLa vida consagrada y su misi\u00f3n en la Iglesia y en el mundo\u00bb<em>, <\/em>n. 3, in <em>Teolog\u00eda <\/em>22\/66 (1995) 203-212, here 204 [my translation]<\/p>\n\n\n\n<p>[4] Bergoglio explains Guardini&#8217;s eight pairs of opposites in: Bergoglio J.M., \u00abNecesidad de una antropolog\u00eda pol\u00edtica: un problema pastoral,\u00bbin<em> Stromata <\/em>45\/1-2 (1989) 173-189.<\/p>\n\n\n\n<p>[5] Cada uno \u00abno puede ser deducido del otro, ni ser hallado a partir del otro\u00bb. Guardini R., <em>El contraste. Ensayo de una filosof\u00eda de lo viviente-concreto<\/em>, BAC, Madrid 1996, 90.<\/p>\n\n\n\n<p>[6] Guardini R., <em>El contraste, <\/em>90 &amp; 79-80.<\/p>\n\n\n\n<p>[7] Spadaro A., \u00abLe orme di un pastore. Una conversazione con Papa Francesco,\u00bb in Bergoglio J.M.-Pope Francis, <em>Nei tuoi occhi \u00e8 la mia parola. Omelie e discorsi di Buenos Aires 1999-2013, <\/em>Rizzoli, Milano 2016, p. XIX. [My translation].<\/p>\n\n\n\n<p>[8] \u00abComo unidad nacida del contraste\u00bb. Fayos Febrer R., \u00abLa noci\u00f3n de persona en Romano Guardini. Ensayo sobre una teor\u00eda cristiana del hombre,\u00bb in <em>Esp\u00edritu<\/em> 59\/139 (2010) 301-309, here 310.<\/p>\n\n\n\n<p>[9] Francis, \u00ab<em>Evangelii gaudium<\/em>. Apostolic exhortation\u00bb (Nov. 24, 2013), [<em>EG<\/em>],nn. 222-225<em>, <\/em>in<em> AAS<\/em> 105 (2013) 1019-1137.<\/p>\n\n\n\n<p>[10] &#8220;Tutta la parte sui criteri sociali [in<em> Evangelii Gaudium<\/em>] \u00e8 tratta dalla tesi su Guardini.&#8221; C\u00e1mara J. \u2013 Pfaffen S., <em>Gli anni oscuri di Bergoglio. Una storia sorprendente<\/em>, \u00c0ncora, Milano 2016, 185.<\/p>\n\n\n\n<p>[11] Bergoglio J.M., <em>Nosotros como ciudadanos, nosotros como pueblo<\/em>, <em>Hacia un bicentenario en justicia y solidaridad 2010-2016<\/em>, Claretiana, Buenos Aires 2011, 13.<\/p>\n\n\n\n<p>[12] Francis, \u00ab<em>Fratelli tutti. <\/em>Encyclical letter,\u00bb (Oct. 3, 2020),[<em>FT<\/em>], n. 245, LEV, Vatican City 2020.<\/p>\n\n\n\n<p>[13] Borghesi M., <em>Jorge Mario Bergoglio. Una biografia intellettuale. Dialettica e mistica<\/em>, Jaca, Milano 2017, 122 (Id., <em>The Mind of Pope Francis: Jorge Mario Bergoglio&#8217;s Intellectual Journey<\/em>, Liturgical Press, Collegeville 2018).<\/p>\n\n\n\n<p>[14] Francis, \u00ab<em>Laudato si\u2019<\/em>.Encyclical letter,\u00bb (May24,2015), [<em>LS<\/em>], n. 198, in <em>AAS <\/em>107 (2015) 847-945.<\/p>\n\n\n\n<p>[15] Francis, \u00ab<em>Querida Amazonia<\/em>. Post-synodal apostolic exhortation\u00bb (Feb. 2, 2020), [<em>QA<\/em>], n. 56, LEV, Vatican City 2020.<\/p>\n","protected":false},"excerpt":{"rendered":"<p>(dal Blog dell&#8217;Accademia Alfonsiana) Papa Francesco afferma che l&#8217;unit\u00e0 \u00abche cerchiamo non \u00e8 l&#8217;uniformit\u00e0, ma &#8220;l&#8217;unit\u00e0 nella diversit\u00e0&#8221;\u00bb(1).&nbsp; Ispirandosi a Romano Guardini, il Papa descrive questa unit\u00e0 usando la dialettica dell&#8217;opposizione polare(2).&nbsp;Durante il Sinodo sulla Vita Consacrata (1994), J.M. Bergoglio ha spiegato questa dinamica: \u00abUna tensione, per essere mantenuta in vita, non pu\u00f2 essere risolta [&hellip;]<\/p>\n","protected":false},"author":3,"featured_media":17869,"comment_status":"closed","ping_status":"closed","sticky":false,"template":"","format":"standard","meta":{"_mi_skip_tracking":false},"categories":[29],"tags":[],"_links":{"self":[{"href":"https:\/\/www.cssr.news\/italian\/wp-json\/wp\/v2\/posts\/17868"}],"collection":[{"href":"https:\/\/www.cssr.news\/italian\/wp-json\/wp\/v2\/posts"}],"about":[{"href":"https:\/\/www.cssr.news\/italian\/wp-json\/wp\/v2\/types\/post"}],"author":[{"embeddable":true,"href":"https:\/\/www.cssr.news\/italian\/wp-json\/wp\/v2\/users\/3"}],"replies":[{"embeddable":true,"href":"https:\/\/www.cssr.news\/italian\/wp-json\/wp\/v2\/comments?post=17868"}],"version-history":[{"count":2,"href":"https:\/\/www.cssr.news\/italian\/wp-json\/wp\/v2\/posts\/17868\/revisions"}],"predecessor-version":[{"id":17871,"href":"https:\/\/www.cssr.news\/italian\/wp-json\/wp\/v2\/posts\/17868\/revisions\/17871"}],"wp:featuredmedia":[{"embeddable":true,"href":"https:\/\/www.cssr.news\/italian\/wp-json\/wp\/v2\/media\/17869"}],"wp:attachment":[{"href":"https:\/\/www.cssr.news\/italian\/wp-json\/wp\/v2\/media?parent=17868"}],"wp:term":[{"taxonomy":"category","embeddable":true,"href":"https:\/\/www.cssr.news\/italian\/wp-json\/wp\/v2\/categories?post=17868"},{"taxonomy":"post_tag","embeddable":true,"href":"https:\/\/www.cssr.news\/italian\/wp-json\/wp\/v2\/tags?post=17868"}],"curies":[{"name":"wp","href":"https:\/\/api.w.org\/{rel}","templated":true}]}}