{"id":18143,"date":"2022-05-20T07:21:18","date_gmt":"2022-05-20T07:21:18","guid":{"rendered":"https:\/\/www.cssr.news\/italian\/?p=18143"},"modified":"2022-05-20T07:21:39","modified_gmt":"2022-05-20T07:21:39","slug":"26-capitolo-generale-intervista-a-p-joaquim-parron-c-ss-r","status":"publish","type":"post","link":"https:\/\/www.cssr.news\/italian\/2022\/05\/26-capitolo-generale-intervista-a-p-joaquim-parron-c-ss-r\/","title":{"rendered":"26\u00b0 Capitolo Generale \u2013 intervista a p. Joaquim Parron, C.Ss.R."},"content":{"rendered":"\n<p><strong>Joaquim Parron, C.Ss.R., Missionario Redentorista della Provincia di Campo Grande e membro della Commissione Centrale del XXVI Capitolo Generale, chiarisce aspetti rilevanti di questo grande evento della Congregazione del Santissimo Redentore e ne sottolinea l&#8217;importanza di conversione personale e comunitaria per il rilancio della Missione nei cinque continenti dove sono presenti i Redentoristi.<\/strong><\/p>\n\n\n\n<figure class=\"wp-block-image size-large\"><a href=\"http:\/\/www.cssr.news\/italian\/wp-content\/uploads\/sites\/2\/2022\/05\/p-Parron_intervista.jpg\"><img width=\"1024\" height=\"494\" src=\"http:\/\/www.cssr.news\/italian\/wp-content\/uploads\/sites\/2\/2022\/05\/p-Parron_intervista-1024x494.jpg\" alt=\"\" class=\"wp-image-18144\" srcset=\"https:\/\/www.cssr.news\/italian\/wp-content\/uploads\/sites\/2\/2022\/05\/p-Parron_intervista-1024x494.jpg 1024w, https:\/\/www.cssr.news\/italian\/wp-content\/uploads\/sites\/2\/2022\/05\/p-Parron_intervista-300x145.jpg 300w, https:\/\/www.cssr.news\/italian\/wp-content\/uploads\/sites\/2\/2022\/05\/p-Parron_intervista-768x370.jpg 768w, https:\/\/www.cssr.news\/italian\/wp-content\/uploads\/sites\/2\/2022\/05\/p-Parron_intervista-696x335.jpg 696w, https:\/\/www.cssr.news\/italian\/wp-content\/uploads\/sites\/2\/2022\/05\/p-Parron_intervista-1068x515.jpg 1068w, https:\/\/www.cssr.news\/italian\/wp-content\/uploads\/sites\/2\/2022\/05\/p-Parron_intervista-871x420.jpg 871w, https:\/\/www.cssr.news\/italian\/wp-content\/uploads\/sites\/2\/2022\/05\/p-Parron_intervista.jpg 1280w\" sizes=\"(max-width: 1024px) 100vw, 1024px\" \/><\/a><\/figure>\n\n\n\n<p><em>Come ha ricevuto la nomina da parte del Governo Generale Redentorista a far parte della Commissione Preparatoria Centrale per il XXVI Capitolo Generale?<\/em><\/p>\n\n\n\n<p>Innanzitutto vi ringrazio per l&#8217;invito a dialogare con i lettori di Akikol\u00e1! Sono un lettore di questa rivista e apprezzo molto i suoi articoli. \u00c8 stata una gioia ricevere la nomina del Governo Generale per comporre la Commissione Centrale Preparatoria per il XXVI Capitolo Generale. Ho gi\u00e0 assistito in altri Capitoli Generali e sono stato anche moderatore del Capitolo pi\u00f9 recente. In effetti, questo appuntamento \u00e8 per il servizio e abbiamo avuto molto lavoro in questo processo iniziale.<\/p>\n\n\n\n<p><em>Quali sono le responsabilit\u00e0 di questa Commissione?<\/em><\/p>\n\n\n\n<p>La Commissione Centrale ha la responsabilit\u00e0 di preparare il processo e anche gli input per il Capitolo Generale. \u00c8 un lavoro molto impegnativo perch\u00e9 cerchiamo di coinvolgere la partecipazione dei Consigli di tutte le Unit\u00e0 Provinciali, cos\u00ec come, in un secondo momento, cerchiamo di integrare i suggerimenti di tutti i confratelli sparsi negli 81 Paesi dove \u00e8 presente la nostra Congregazione. Da questi suggerimenti abbiamo elaborato il Documento di lavoro, che \u00e8 l&#8217;ausilio centrale per la riflessione del Capitolo. Questa commissione ha anche la missione di accompagnare l&#8217;intero processo capitolare.<\/p>\n\n\n\n<p><em>In linea generale, qual \u00e8 la funzione del Capitolo Generale Redentorista?<\/em><\/p>\n\n\n\n<p>Posso rispondere citando i numeri 107 e 108 delle Costituzioni Redentoriste: \u00abSpetta al Capitolo generale curare la vita apostolica dell&#8217;intero Istituto, rafforzare i legami che legano le sue singole parti\u2026 Per realizzare compito cos\u00ec grave adeguatamente, il Capitolo generale sottoporr\u00e0 l&#8217;intera Congregazione ad un attento esame, per scoprire se rimane fedele alla propria missione, secondo lo spirito del Fondatore e le sue sane tradizioni. Esaminer\u00e0 anche se la Congregazione sta prestando attenzione alla voce di Dio che la sfida sempre attraverso la Chiesa e il mondo\u201d. Pertanto, il Capitolo generale esaminer\u00e0 la nostra vita apostolica e traccia delle linee per rafforzare la nostra missione in questo mondo ferito.<\/p>\n\n\n\n<p><em>Com&#8217;\u00e8 la preparazione alla fase canonica del XXVI Capitolo Generale, che si terr\u00e0 a Roma?<\/em><\/p>\n\n\n\n<p>Abbiamo gi\u00e0 avuto la prima fase del Capitolo nella Conferenza dell&#8217;Africa e anche in Europa. Recentemente si \u00e8 svolto in America Latina e Caraibi, ad Aparecida (SP), dal 24 aprile al 3 maggio. Dopo aver attraversato la prima fase delle cinque Conferenze (cos\u00ec \u00e8 organizzata attualmente la Congregazione), stiamo preparando gli sussidi per la fase canonica, che sar\u00e0 a Roma. Quindi la preparazione alla fase canonica \u00e8 gi\u00e0 a buon punto e andremo a raccogliere proposte concrete da inoltrare a questa seconda fase del Capitolo generale.<\/p>\n\n\n\n<p><em>Perch\u00e9 il Capitolo Generale \u00e8 diviso in fasi, e cosa accade in ciascuna di esse?<\/em><\/p>\n\n\n\n<p>Questo sar\u00e0 il secondo Capitolo Generale in tre fasi. La prima fase si svolge nelle stesse Conferenze (America Latina-Caraibi, Nord America, Europa, Africa-Madagascar e Asia-Oceania). La seconda fase, detta anche fase canonica, che si terr\u00e0 a Roma, in Italia, riceve le proposte delle Conferenze e ne compie il discernimento. Le proposte approvate saranno trasmesse alla terza fase \u2013 che \u00e8 la fase di attuazione \u2013 che si svolge sempre nelle Conferenze. Facciamo il Capitolo Generale in tre fasi per accogliere meglio i suggerimenti dei confratelli, avendo pi\u00f9 partecipazione e comunione. Il discernimento diventa pi\u00f9 facile quando c&#8217;\u00e8 una maggiore partecipazione, anche quella dei laici.<\/p>\n\n\n\n<p><em>Quali sono i temi principali che verranno trattati durante il XXVI Capitolo Generale?<\/em><\/p>\n\n\n\n<p>Il tema centrale \u00e8 rivitalizzare la missione, cio\u00e8 cercare l&#8217;ardore e lo spirito del nostro fondatore, sant&#8217;Alfonso, e anche la sana tradizione redentorista. In tale contesto, vedremo come testimoniare il Santissimo Redentore in questo mondo ferito. Un tema che sar\u00e0 molto forte \u00e8 la dimensione della conversione. Come dicono le nostre Costituzioni (n.11), \u00abi redentoristi sono \u00abapostoli della conversione\u00bb, in quanto lo scopo principale della loro predicazione \u00e8 condurre gli uomini a una scelta radicale della loro vita \u2013 una decisione per Cristo \u2013 e attirarli con fermezza e dolcemente ad una continua e totale conversione\u201d. Attraverso la conversione personale e comunitaria, possiamo rivitalizzare la missione redentorista nei cinque continenti, evidenziando la nostra vocazione ad annunciare la Parola salvifica ai poveri e agli abbandonati.<\/p>\n\n\n\n<p><em>Come vede il processo di ristrutturazione della Congregazione nel contesto dell&#8217;evangelizzazione missionaria di fronte alle tante sfide che la Chiesa deve affrontare in questo mondo ferito?<\/em><\/p>\n\n\n\n<p>La ristrutturazione nella Congregazione \u00e8 un appello alla conversione personale e comunitaria. Le strutture devono servire la missione, e se alcune strutture non rispondono pi\u00f9 alle sfide dell&#8217;evangelizzazione nel mondo, dobbiamo ripensarle. Pertanto, la ristrutturazione arriva come risposta alla missione. La nostra identit\u00e0 di Redentoristi non cambia, ma dobbiamo pensare a nuove forme di azione missionaria. Possiamo ricordare il motto di san Clemente: \u201cAnnunciare il Vangelo in modo sempre nuovo\u201d. In questo nasce la creativit\u00e0 nella missione e la fedelt\u00e0 al nostro carisma.<\/p>\n\n\n\n<p>Brenda Melo,<br>Giornalista<\/p>\n\n\n\n<p>per gentile concessione di \u201cAkikol\u00e1\u201d, maggio 2022.<\/p>\n","protected":false},"excerpt":{"rendered":"<p>Joaquim Parron, C.Ss.R., Missionario Redentorista della Provincia di Campo Grande e membro della Commissione Centrale del XXVI Capitolo Generale, chiarisce aspetti rilevanti di questo grande evento della Congregazione del Santissimo Redentore e ne sottolinea l&#8217;importanza di conversione personale e comunitaria per il rilancio della Missione nei cinque continenti dove sono presenti i Redentoristi. Come ha [&hellip;]<\/p>\n","protected":false},"author":3,"featured_media":18145,"comment_status":"closed","ping_status":"closed","sticky":false,"template":"","format":"standard","meta":{"_mi_skip_tracking":false},"categories":[22],"tags":[],"_links":{"self":[{"href":"https:\/\/www.cssr.news\/italian\/wp-json\/wp\/v2\/posts\/18143"}],"collection":[{"href":"https:\/\/www.cssr.news\/italian\/wp-json\/wp\/v2\/posts"}],"about":[{"href":"https:\/\/www.cssr.news\/italian\/wp-json\/wp\/v2\/types\/post"}],"author":[{"embeddable":true,"href":"https:\/\/www.cssr.news\/italian\/wp-json\/wp\/v2\/users\/3"}],"replies":[{"embeddable":true,"href":"https:\/\/www.cssr.news\/italian\/wp-json\/wp\/v2\/comments?post=18143"}],"version-history":[{"count":1,"href":"https:\/\/www.cssr.news\/italian\/wp-json\/wp\/v2\/posts\/18143\/revisions"}],"predecessor-version":[{"id":18146,"href":"https:\/\/www.cssr.news\/italian\/wp-json\/wp\/v2\/posts\/18143\/revisions\/18146"}],"wp:featuredmedia":[{"embeddable":true,"href":"https:\/\/www.cssr.news\/italian\/wp-json\/wp\/v2\/media\/18145"}],"wp:attachment":[{"href":"https:\/\/www.cssr.news\/italian\/wp-json\/wp\/v2\/media?parent=18143"}],"wp:term":[{"taxonomy":"category","embeddable":true,"href":"https:\/\/www.cssr.news\/italian\/wp-json\/wp\/v2\/categories?post=18143"},{"taxonomy":"post_tag","embeddable":true,"href":"https:\/\/www.cssr.news\/italian\/wp-json\/wp\/v2\/tags?post=18143"}],"curies":[{"name":"wp","href":"https:\/\/api.w.org\/{rel}","templated":true}]}}