{"id":18163,"date":"2022-05-18T09:30:56","date_gmt":"2022-05-18T09:30:56","guid":{"rendered":"https:\/\/www.cssr.news\/italian\/?p=18163"},"modified":"2022-05-18T09:30:58","modified_gmt":"2022-05-18T09:30:58","slug":"i-missionari-redentoristi-in-somos-confer-rivista-della-conferenza-spagnola-dei-religiosi","status":"publish","type":"post","link":"https:\/\/www.cssr.news\/italian\/2022\/05\/i-missionari-redentoristi-in-somos-confer-rivista-della-conferenza-spagnola-dei-religiosi\/","title":{"rendered":"I Missionari Redentoristi in &#8216;Somos CONFER&#8217;, rivista della Conferenza Spagnola dei Religiosi"},"content":{"rendered":"\n<p>(Madrid) &#8211; Questo maggio, i missionari Redentoristi hanno partecipato alla rivista &#8216;Somos CONFER&#8217;, della Conferenza Spagnola dei Religiosi. In particolare con gli articoli \u201cTutti possiamo fare qualcosa\u201d, della scuola Redentorista Gamo Diana di Madrid, e \u201cDinamismo missionario\u201d, di P. Dami\u00e1n Mar\u00eda Montes, CSsR, parroco di San Gerardo Mayela, a Madrid.<\/p>\n\n\n\n<p>La comunit\u00e0 educativa della scuola Gamo Diana \u00e8 particolarmente impegnata nella terribile situazione in cui versa il popolo ucraino a causa dell&#8217;invasione russa del suo territorio. Il centro educativo, in coordinamento con la parrocchia di San Gerardo, sostiene coloro che soffrono la guerra o l&#8217;esilio con due tipi di azioni: sensibilizzare e fornire risorse. Otto famiglie ucraine della Gamo Diana sono quelle che stanno vivendo il conflitto in prima persona.<\/p>\n\n\n\n<div class=\"wp-block-image\"><figure class=\"aligncenter size-large\"><a href=\"http:\/\/www.cssr.news\/italian\/wp-content\/uploads\/sites\/2\/2016\/01\/damian_gines-696x464.jpg\"><img width=\"696\" height=\"464\" src=\"http:\/\/www.cssr.news\/italian\/wp-content\/uploads\/sites\/2\/2016\/01\/damian_gines-696x464.jpg\" alt=\"\" class=\"wp-image-799\" srcset=\"https:\/\/www.cssr.news\/italian\/wp-content\/uploads\/sites\/2\/2016\/01\/damian_gines-696x464.jpg 696w, https:\/\/www.cssr.news\/italian\/wp-content\/uploads\/sites\/2\/2016\/01\/damian_gines-696x464-300x200.jpg 300w, https:\/\/www.cssr.news\/italian\/wp-content\/uploads\/sites\/2\/2016\/01\/damian_gines-696x464-600x400.jpg 600w, https:\/\/www.cssr.news\/italian\/wp-content\/uploads\/sites\/2\/2016\/01\/damian_gines-696x464-630x420.jpg 630w\" sizes=\"(max-width: 696px) 100vw, 696px\" \/><\/a><figcaption>P. Dami\u00e1n M.\u00aa Montes<\/figcaption><\/figure><\/div>\n\n\n\n<p>Da parte sua, P. Dami\u00e1n M.\u00aa Montes assicura che &#8220;le emergenze pastorali richiedono risposte evangeliche altrettanto urgenti&#8221;. In questo modo, la comunit\u00e0 parrocchiale di San Gerardo Mayela, incoraggiata dai missionari Redentoristi, ha assunto con questo atteggiamento l&#8217;urgenza di accogliere le persone di origine ucraina che cercano rifugio. &#8220;La comunit\u00e0 parrocchiale non vedeva l&#8217;ora e aveva il dovere di assumere il dinamismo missionario che tante volte era stato proposto sulla carta&#8221;, precisa P. Dami\u00e1n.<\/p>\n\n\n\n<p>Il parroco di San Gerardo Mayela spiega in \u201cDinamismo missionario\u201d il progetto En Casa, dell&#8217;accoglienza urgente e le sue fasi: logistica, arrivo, accoglienza, regolamento e destinazione e accompagnamento.<\/p>\n\n\n\n<p>E conclude: \u201cNonostante l&#8217;orrore che si scopre nei dialoghi con le persone accolte, stiamo vivendo un tempo di grazia per la parrocchia. Abbiamo sperimentato che \u00e8 possibile remare nella stessa direzione, con la stessa sensazione, scoprendo a ciascuno il proprio posto da servire. Inoltre, le loro testimonianze arricchiscono la vita di fede della comunit\u00e0\u00bb.<\/p>\n\n\n\n<p>(redentoristas.org)<\/p>\n","protected":false},"excerpt":{"rendered":"<p>(Madrid) &#8211; Questo maggio, i missionari Redentoristi hanno partecipato alla rivista &#8216;Somos CONFER&#8217;, della Conferenza Spagnola dei Religiosi. In particolare con gli articoli \u201cTutti possiamo fare qualcosa\u201d, della scuola Redentorista Gamo Diana di Madrid, e \u201cDinamismo missionario\u201d, di P. Dami\u00e1n Mar\u00eda Montes, CSsR, parroco di San Gerardo Mayela, a Madrid. La comunit\u00e0 educativa della scuola [&hellip;]<\/p>\n","protected":false},"author":3,"featured_media":18164,"comment_status":"closed","ping_status":"closed","sticky":false,"template":"","format":"standard","meta":{"_mi_skip_tracking":false},"categories":[2],"tags":[],"_links":{"self":[{"href":"https:\/\/www.cssr.news\/italian\/wp-json\/wp\/v2\/posts\/18163"}],"collection":[{"href":"https:\/\/www.cssr.news\/italian\/wp-json\/wp\/v2\/posts"}],"about":[{"href":"https:\/\/www.cssr.news\/italian\/wp-json\/wp\/v2\/types\/post"}],"author":[{"embeddable":true,"href":"https:\/\/www.cssr.news\/italian\/wp-json\/wp\/v2\/users\/3"}],"replies":[{"embeddable":true,"href":"https:\/\/www.cssr.news\/italian\/wp-json\/wp\/v2\/comments?post=18163"}],"version-history":[{"count":1,"href":"https:\/\/www.cssr.news\/italian\/wp-json\/wp\/v2\/posts\/18163\/revisions"}],"predecessor-version":[{"id":18165,"href":"https:\/\/www.cssr.news\/italian\/wp-json\/wp\/v2\/posts\/18163\/revisions\/18165"}],"wp:featuredmedia":[{"embeddable":true,"href":"https:\/\/www.cssr.news\/italian\/wp-json\/wp\/v2\/media\/18164"}],"wp:attachment":[{"href":"https:\/\/www.cssr.news\/italian\/wp-json\/wp\/v2\/media?parent=18163"}],"wp:term":[{"taxonomy":"category","embeddable":true,"href":"https:\/\/www.cssr.news\/italian\/wp-json\/wp\/v2\/categories?post=18163"},{"taxonomy":"post_tag","embeddable":true,"href":"https:\/\/www.cssr.news\/italian\/wp-json\/wp\/v2\/tags?post=18163"}],"curies":[{"name":"wp","href":"https:\/\/api.w.org\/{rel}","templated":true}]}}