{"id":18171,"date":"2022-05-20T07:10:03","date_gmt":"2022-05-20T07:10:03","guid":{"rendered":"https:\/\/www.cssr.news\/italian\/?p=18171"},"modified":"2022-05-20T07:20:21","modified_gmt":"2022-05-20T07:20:21","slug":"due-redentoristi-presenti-allassemblea-generale-delle-pontificie-opere-missionarie","status":"publish","type":"post","link":"https:\/\/www.cssr.news\/italian\/2022\/05\/due-redentoristi-presenti-allassemblea-generale-delle-pontificie-opere-missionarie\/","title":{"rendered":"Due redentoristi presenti all&#8217;Assemblea Generale delle Pontificie Opere Missionarie"},"content":{"rendered":"\n<p>(Lione, Francis) &#8211; Due redentoristi presenti all&#8217;Assemblea Generale delle Pontificie Opere Missionarie (POM) che questo 2022 si celebra al Centro Valpr\u00e9 di Lione, Francia, in concomitanza della beatificazione di Pauline Jaricot, fondatrice di una delle quattro opere missionarie, quella della &#8220;Propagazione della fede&#8221;. Partecipano pi\u00f9 di 120 Direttori Nazionali delle Pontificie Opere Missionarie (POM) dei 5 Continenti.<\/p>\n\n\n\n<p>Il Paraguay \u00e8 presente con il suo Direttore Nazionale, il <strong>redentorista Padre Cesar Baez, CSsR<\/strong>.<br><strong>Mons. Waldo Barrionuevo CSsR<\/strong>, vescovo redentorista del Vicariato de Reyes, Bolivia, \u00e8 presente come Direttore delle Pontificie Opere Missionarie di Bolivia.<\/p>\n\n\n\n<figure class=\"wp-block-gallery columns-2 is-cropped\"><ul class=\"blocks-gallery-grid\"><li class=\"blocks-gallery-item\"><figure><a href=\"http:\/\/www.cssr.news\/italian\/wp-content\/uploads\/sites\/2\/2019\/07\/waldo_b_cssr02.jpg\"><img width=\"616\" height=\"616\" src=\"http:\/\/www.cssr.news\/italian\/wp-content\/uploads\/sites\/2\/2019\/07\/waldo_b_cssr02.jpg\" alt=\"\" data-id=\"9308\" data-full-url=\"http:\/\/www.cssr.news\/italian\/wp-content\/uploads\/sites\/2\/2019\/07\/waldo_b_cssr02.jpg\" data-link=\"https:\/\/www.cssr.news\/italian\/2019\/07\/per-la-prima-volta-un-redentorista-boliviano-vicario-apostolico-de-reyes\/waldo_b_cssr02\/\" class=\"wp-image-9308\" srcset=\"https:\/\/www.cssr.news\/italian\/wp-content\/uploads\/sites\/2\/2019\/07\/waldo_b_cssr02.jpg 616w, https:\/\/www.cssr.news\/italian\/wp-content\/uploads\/sites\/2\/2019\/07\/waldo_b_cssr02-150x150.jpg 150w, https:\/\/www.cssr.news\/italian\/wp-content\/uploads\/sites\/2\/2019\/07\/waldo_b_cssr02-300x300.jpg 300w, https:\/\/www.cssr.news\/italian\/wp-content\/uploads\/sites\/2\/2019\/07\/waldo_b_cssr02-420x420.jpg 420w\" sizes=\"(max-width: 616px) 100vw, 616px\" \/><\/a><figcaption class=\"blocks-gallery-item__caption\">Mons. Waldo Barrionuevo<\/figcaption><\/figure><\/li><li class=\"blocks-gallery-item\"><figure><a href=\"http:\/\/www.cssr.news\/italian\/wp-content\/uploads\/sites\/2\/2022\/05\/paraguay_cesar_baez_cssr.jpg\"><img width=\"1024\" height=\"461\" src=\"http:\/\/www.cssr.news\/italian\/wp-content\/uploads\/sites\/2\/2022\/05\/paraguay_cesar_baez_cssr-1024x461.jpg\" alt=\"\" data-id=\"18174\" data-full-url=\"http:\/\/www.cssr.news\/italian\/wp-content\/uploads\/sites\/2\/2022\/05\/paraguay_cesar_baez_cssr.jpg\" data-link=\"https:\/\/www.cssr.news\/italian\/?attachment_id=18174\" class=\"wp-image-18174\" srcset=\"https:\/\/www.cssr.news\/italian\/wp-content\/uploads\/sites\/2\/2022\/05\/paraguay_cesar_baez_cssr-1024x461.jpg 1024w, https:\/\/www.cssr.news\/italian\/wp-content\/uploads\/sites\/2\/2022\/05\/paraguay_cesar_baez_cssr-300x135.jpg 300w, https:\/\/www.cssr.news\/italian\/wp-content\/uploads\/sites\/2\/2022\/05\/paraguay_cesar_baez_cssr-768x346.jpg 768w, https:\/\/www.cssr.news\/italian\/wp-content\/uploads\/sites\/2\/2022\/05\/paraguay_cesar_baez_cssr-1536x692.jpg 1536w, https:\/\/www.cssr.news\/italian\/wp-content\/uploads\/sites\/2\/2022\/05\/paraguay_cesar_baez_cssr-696x313.jpg 696w, https:\/\/www.cssr.news\/italian\/wp-content\/uploads\/sites\/2\/2022\/05\/paraguay_cesar_baez_cssr-1068x481.jpg 1068w, https:\/\/www.cssr.news\/italian\/wp-content\/uploads\/sites\/2\/2022\/05\/paraguay_cesar_baez_cssr-933x420.jpg 933w, https:\/\/www.cssr.news\/italian\/wp-content\/uploads\/sites\/2\/2022\/05\/paraguay_cesar_baez_cssr.jpg 2048w\" sizes=\"(max-width: 1024px) 100vw, 1024px\" \/><\/a><figcaption class=\"blocks-gallery-item__caption\">Padre Cesar Baez<\/figcaption><\/figure><\/li><\/ul><\/figure>\n\n\n\n<p>Papa Francesco, nel suo messaggio all&#8217;assemblea, dice: &#8220;I giubilei che celebrate e la beatificazione di Pauline Jaricot mi offrono l\u2019occasione di riproporvi tre aspetti che, grazie all\u2019azione dello Spirito Santo, tanto hanno contribuito alla diffusione del Vangelo nella storia delle POM.<br>Prima di tutto la conversione missionaria: la bont\u00e0 della missione dipende dal cammino di uscita da s\u00e9, dal desiderio di non centrare la vita su s\u00e9 stessi, ma su Ges\u00f9, su Ges\u00f9 venuto per servire e non per essere servito (cfr Mc 10,45).<br>Ma ci\u00f2 \u00e8 possibile \u2013 secondo aspetto \u2013 solo attraverso la preghiera, che \u00e8 la prima forma di missione.<br>Infine, la concretezza della carit\u00e0: insieme alla rete di preghiera Pauline diede vita a una raccolta di offerte su vasta scala e in una forma creativa, accompagnandola con l\u2019informazione sulla vita e le attivit\u00e0 dei missionari. Gli oboli di tanta gente semplice furono provvidenziali per la storia delle missioni.&#8221;<\/p>\n\n\n\n<p>Scala News<\/p>\n","protected":false},"excerpt":{"rendered":"<p>(Lione, Francis) &#8211; Due redentoristi presenti all&#8217;Assemblea Generale delle Pontificie Opere Missionarie (POM) che questo 2022 si celebra al Centro Valpr\u00e9 di Lione, Francia, in concomitanza della beatificazione di Pauline Jaricot, fondatrice di una delle quattro opere missionarie, quella della &#8220;Propagazione della fede&#8221;. Partecipano pi\u00f9 di 120 Direttori Nazionali delle Pontificie Opere Missionarie (POM) dei [&hellip;]<\/p>\n","protected":false},"author":3,"featured_media":18173,"comment_status":"closed","ping_status":"closed","sticky":false,"template":"","format":"standard","meta":{"_mi_skip_tracking":false},"categories":[13],"tags":[],"_links":{"self":[{"href":"https:\/\/www.cssr.news\/italian\/wp-json\/wp\/v2\/posts\/18171"}],"collection":[{"href":"https:\/\/www.cssr.news\/italian\/wp-json\/wp\/v2\/posts"}],"about":[{"href":"https:\/\/www.cssr.news\/italian\/wp-json\/wp\/v2\/types\/post"}],"author":[{"embeddable":true,"href":"https:\/\/www.cssr.news\/italian\/wp-json\/wp\/v2\/users\/3"}],"replies":[{"embeddable":true,"href":"https:\/\/www.cssr.news\/italian\/wp-json\/wp\/v2\/comments?post=18171"}],"version-history":[{"count":1,"href":"https:\/\/www.cssr.news\/italian\/wp-json\/wp\/v2\/posts\/18171\/revisions"}],"predecessor-version":[{"id":18175,"href":"https:\/\/www.cssr.news\/italian\/wp-json\/wp\/v2\/posts\/18171\/revisions\/18175"}],"wp:featuredmedia":[{"embeddable":true,"href":"https:\/\/www.cssr.news\/italian\/wp-json\/wp\/v2\/media\/18173"}],"wp:attachment":[{"href":"https:\/\/www.cssr.news\/italian\/wp-json\/wp\/v2\/media?parent=18171"}],"wp:term":[{"taxonomy":"category","embeddable":true,"href":"https:\/\/www.cssr.news\/italian\/wp-json\/wp\/v2\/categories?post=18171"},{"taxonomy":"post_tag","embeddable":true,"href":"https:\/\/www.cssr.news\/italian\/wp-json\/wp\/v2\/tags?post=18171"}],"curies":[{"name":"wp","href":"https:\/\/api.w.org\/{rel}","templated":true}]}}