{"id":19596,"date":"2022-09-30T23:19:46","date_gmt":"2022-09-30T21:19:46","guid":{"rendered":"https:\/\/www.cssr.news\/italian\/?p=19596"},"modified":"2022-10-04T15:13:28","modified_gmt":"2022-10-04T13:13:28","slug":"terza-settimana-del-26-capitolo-generale","status":"publish","type":"post","link":"https:\/\/www.cssr.news\/italian\/2022\/09\/terza-settimana-del-26-capitolo-generale\/","title":{"rendered":"Terza settimana del 26\u00b0 Capitolo Generale"},"content":{"rendered":"\n<p>Certamente questa settimana che \u00e8 trascorsa \u00e8 stata la pi\u00f9 importante e la pi\u00f9 celebrata del XXVI Capitolo Generale perch\u00e9, dopo questi giorni, \u00e8 stato eletto il nuovo Governo Generale della Congregazione del Santissimo Redentore. Prima di tutto, c\u2019era l\u2019elezione del nuovo Superiore Generale, P. Rog\u00e9rio Gomes. E poi l\u2019elezione dei Consiglieri generali. Allo stesso tempo, i capitolari hanno studiato i postulati presentati al Capitolo, hanno espresso il loro parere e hanno anche presentato suggerimenti e proposte su ci\u00f2 che il Capitolo dovrebbe proporre alla Congregazione.<\/p>\n\n\n\n<p>La settimana di votazioni \u00e8 iniziata con una mattinata di preghiera, prima comunitaria e poi individuale, e con l\u2019invocazione della luce dello Spirito Santo affinch\u00e9 si riveli la volont\u00e0 di Dio. Poi i gruppi si sono riuniti per indicare, in poche parole, il profilo che ci si aspetta dal Superiore generale. Sono state evidenziate parole come: uomo di Dio (o spiritualit\u00e0), profetismo, discernimento (o apertura al dialogo, ascolto), missionariet\u00e0, speranza (o animazione, dinamismo, creativit\u00e0). Nei due scrutini svolti durante la giornata, nessun candidato ha raggiunto la maggioranza dei due terzi richiesta per l\u2019elezione. Rog\u00e9rio Gomes, della Conferenza dell\u2019America Latina e dei Caraibi, Provincia di San Paolo, Brasile, \u00e8 stato eletto Superiore generale con 72 voti su 91 votanti. La sua elezione \u00e8 stata lungamente applaudita dall\u2019assemblea e celebrata in chiesa con un gioioso Te Deum, seguito dall\u2019insediamento di don Rog\u00e9rio sulla base della sua professione di fede e dalla pronuncia del suo primo messaggio alla Congregazione.<\/p>\n\n\n\n<p>Nei giorni successivi sono stati eletti i sei consiglieri generali. Ciascuna delle cinque Conferenze ha presentato i nomi di tre confratelli, in ordine di preferenza, per candidarsi alla carica di consigliere. Nella prima votazione valida, ogni elettore \u00e8 stato invitato a mettere nella cella i cinque nomi di sua preferenza, e al primo scrutinio sono stati eletti con la maggioranza assoluta dei voti cinque Consiglieri: Fratel Larry Lujan, Conferenza del Nord America, e i Padri Francisco Stanula dell\u2019Europa, Jairo D\u00edaz dell\u2019America Latina e dei Caraibi, Ivel Mendanha dell\u2019Asia-Oceania e Nicolas Ayouba dell\u2019Africa-Madagascar. Il sesto Consigliere generale, padre Paul Vinh, della Conferenza Asia-Oceania, \u00e8 stato eletto in due scrutini tra i candidati di tutte le Conferenze. I capitolari devono eleggere il Vicario generale tra i sei Consultori, per la cui elezione \u00e8 richiesta la maggioranza dei due terzi dei voti e nessun candidato ci \u00e8 riuscito finora nei sette scrutini gi\u00e0 effettuati.<\/p>\n\n\n\n<p>Venerd\u00ec mattina \u00e8 arrivato dagli Stati Uniti d\u2019America il fratello Larry Lujan, eletto Consigliere generale senza essere presente al Capitolo. Sono iniziate anche le votazioni sui Postulati relativi ai temi dell\u2019Identit\u00e0 Redentorista e della Missione Redentorista. Questo compito \u00e8 stato reso relativamente facile dal fatto che i Postulati erano gi\u00e0 stati studiati, discussi e votati in precedenza nei gruppi e ora, nella votazione plenaria, i capitolari hanno il supporto di un apparato tecnico che raccoglie e conta i voti in tempo reale. Al termine di questa settimana di lavoro, i capitolari sono partiti con la gioiosa attesa dell\u2019udienza con Papa Francesco di sabato mattina e del viaggio a Pagani di domenica per la celebrazione nella Basilica di Sant\u2019Alfonso Liguori, nostro Fondatore.<\/p>\n\n\n\n<p>P. Vitor Edezio Borges, CSsR<\/p>\n","protected":false},"excerpt":{"rendered":"<p>Certamente questa settimana che \u00e8 trascorsa \u00e8 stata la pi\u00f9 importante e la pi\u00f9 celebrata del XXVI Capitolo Generale perch\u00e9, dopo questi giorni, \u00e8 stato eletto il nuovo Governo Generale della Congregazione del Santissimo Redentore. Prima di tutto, c\u2019era l\u2019elezione del nuovo Superiore Generale, P. Rog\u00e9rio Gomes. E poi l\u2019elezione dei Consiglieri generali. Allo stesso [&hellip;]<\/p>\n","protected":false},"author":23,"featured_media":19597,"comment_status":"closed","ping_status":"closed","sticky":false,"template":"","format":"standard","meta":{"_mi_skip_tracking":false},"categories":[22],"tags":[],"_links":{"self":[{"href":"https:\/\/www.cssr.news\/italian\/wp-json\/wp\/v2\/posts\/19596"}],"collection":[{"href":"https:\/\/www.cssr.news\/italian\/wp-json\/wp\/v2\/posts"}],"about":[{"href":"https:\/\/www.cssr.news\/italian\/wp-json\/wp\/v2\/types\/post"}],"author":[{"embeddable":true,"href":"https:\/\/www.cssr.news\/italian\/wp-json\/wp\/v2\/users\/23"}],"replies":[{"embeddable":true,"href":"https:\/\/www.cssr.news\/italian\/wp-json\/wp\/v2\/comments?post=19596"}],"version-history":[{"count":1,"href":"https:\/\/www.cssr.news\/italian\/wp-json\/wp\/v2\/posts\/19596\/revisions"}],"predecessor-version":[{"id":19598,"href":"https:\/\/www.cssr.news\/italian\/wp-json\/wp\/v2\/posts\/19596\/revisions\/19598"}],"wp:featuredmedia":[{"embeddable":true,"href":"https:\/\/www.cssr.news\/italian\/wp-json\/wp\/v2\/media\/19597"}],"wp:attachment":[{"href":"https:\/\/www.cssr.news\/italian\/wp-json\/wp\/v2\/media?parent=19596"}],"wp:term":[{"taxonomy":"category","embeddable":true,"href":"https:\/\/www.cssr.news\/italian\/wp-json\/wp\/v2\/categories?post=19596"},{"taxonomy":"post_tag","embeddable":true,"href":"https:\/\/www.cssr.news\/italian\/wp-json\/wp\/v2\/tags?post=19596"}],"curies":[{"name":"wp","href":"https:\/\/api.w.org\/{rel}","templated":true}]}}