{"id":19601,"date":"2022-10-01T18:45:00","date_gmt":"2022-10-01T16:45:00","guid":{"rendered":"https:\/\/www.cssr.news\/italian\/?p=19601"},"modified":"2022-10-07T12:53:58","modified_gmt":"2022-10-07T10:53:58","slug":"papa-francesco-ha-incontrato-i-partecipanti-al-26-capitolo-generale","status":"publish","type":"post","link":"https:\/\/www.cssr.news\/italian\/2022\/10\/papa-francesco-ha-incontrato-i-partecipanti-al-26-capitolo-generale\/","title":{"rendered":"Papa Francesco ha incontrato i partecipanti al 26\u00b0 Capitolo Generale"},"content":{"rendered":"\n<p>Questa mattina, sabato 1 ottobre 2022, nella Sala Clementina del Palazzo Apostolico Vaticano, il Santo Padre Francesco ha ricevuto in Udienza i partecipanti al XXVI Capitolo Generale.<\/p>\n\n\n\n<p>Dopo le parole del neo eletto Superiore Generale, padre Rog\u00e9rio Gomes, dove ha presentato al Santo Padre alcune delle conclusioni delle riflessioni e dell\u2019impegno della Congregazione del Santissimo Redentore per i prossimi 6 anni, il Santo Padre si \u00e8 rivolto ai religiosi figli di Sant\u2019Alfonso con un messaggio per l\u2019occasione.<\/p>\n\n\n\n<p>Il Papa si \u00e8 rivolto a braccio ai partecipanti all\u2019incontro parlando in spagnolo.<\/p>\n\n\n\n<p>_____________________________________<\/p>\n\n\n\n<p><a href=\"https:\/\/www.vatican.va\/content\/francesco\/it\/speeches\/2022\/october\/documents\/20221001-redentoristi.html#PAROLE\"><strong>PAROLE DEL SANTO PADRE<\/strong> (a braccio)<\/a><\/p>\n\n\n\n<p>Vorrei dirvi alcune parole pi\u00f9 spontaneamente.<\/p>\n\n\n\n<p>Andare a missionare, uscire a missionare, ossia la dimensione missionaria che hai menzionato nel tuo discorso. Mi ha colpito una frase che hai detto: Lasciare le zone di confort e andare a missionare. Mi chiedo quali sono le zone di confort che ha una congregazione, che ha una provincia, che ha una comunit\u00e0, e che ha ognuno di noi? Fatevi questa domanda, perch\u00e9 si diceva che ognuno si aggiusta i voti come vuole. E allora pu\u00f2 praticare la povert\u00e0 con conto bancario, pu\u00f2 praticare la castit\u00e0 con compagnia e pu\u00f2 praticare l\u2019obbedienza dialogando e decidendo come vuole. Sono forme molto deformate. Ma ci\u00f2 che produce sempre una deformazione nei tre voti \u00e8 il confort. Da l\u00ec entra il male, perch\u00e9 si cerca di accomodarsi, stare comodi, vivere una vita di borghesia, senza uscire a missionare, e a missionare, e a missionare. Ognuno analizzi qual \u00e8 la propria tentazione di confort. Tutti abbiamo questa tentazione, tutti abbiamo questa tentazione.<\/p>\n\n\n\n<p>Poco fa, per esempio, quando mi hanno detto: \u201cci sono l\u00ec un sacco di preti a cui devi andare a parlare\u201d, ho pensato \u201cuffa, voglio andare a mangiare\u201d. Il confort, no? (risate) Ossia, tutti abbiamo la tentazione del confort, ma ognuno ce l\u2019ha con nome e cognome proprio. Cercate la radice del confort di ognuno di voi, e questo vi aiuter\u00e0 a distaccarvi e a guardare l\u2019orizzonte della missione. Un redentorista senza questo orizzonte della missione non ha senso, anche se deve star seduto a una scrivania per tutta la vita. L\u2019orizzonte della missione. E, per questo, serve la capacit\u00e0 di uscire dalla propria zona di confort. Perci\u00f2 vi suggerisco che, come frutto di questo Capitolo, nella preghiera che farete in questi giorni, ognuno si domandi: \u201cA cosa sono legato io? Qual \u00e8 il mio confort, cosa non mi lascia essere libero, non mi lascia volare?\u201d Cercate di rispondere a queste domande.<\/p>\n\n\n\n<p>La seconda cosa che caratterizza i redentoristi \u00e8 che sono maestri di morale, E vi ringrazio per questo. Soprattutto desidero ringraziare l\u2019Alfonsianum, qui a Roma. Credo che il rettore sia qui&#8230; Non \u00e8 qui. Portagli i miei saluti, perch\u00e9 volevo dirgli che sta facendo molto bene, molto bene. State prestando un servizio a una teologia morale matura, seria, cattolica. E con un livello impressionante, un livello accademico molto alto. Perci\u00f2 ringrazio te, come Padre Generale, che questo Istituto continui ad aiutare la Chiesa. Maestri di morale, ma maestri di morale anche nel catechismo dei bambini, nei confessionali&#8230;<\/p>\n\n\n\n<p>Che la gente capisca ci\u00f2 che \u00e8 bene e ci\u00f2 che \u00e8 male, che poi sappia che la misericordia di Dio copre tutto; ma che sappia cosa \u00e8 bene e cosa \u00e8 male, perch\u00e9 una cosa \u00e8 la misericordia di Dio, un\u2019altra il \u201cmanganchismo\u201d. Essere di manica larga \u00e8 dire \u201cva bene tutto\u201d&#8230; non distinguere, non avere una cultura morale, che \u00e8 tanto importante, senza riduzionismo. Oggigiorno, con molta tristezza, dobbiamo dire che ci sono comandamenti che non si compiono, non si compiono, di fronte alle ingiustizie sociali che ci sono. Un esempio: gente che sperpera i propri soldi in viaggi, turismo, feste, ristoranti di lusso; e gente che non ha neanche un pezzo di pane da mangiare. Allora l\u00ec c\u2019\u00e8 un\u2019immoralit\u00e0 di pensiero. L\u2019ottavo comandamento, chi l\u2019osserva oggigiorno? Oggigiorno, se uno pu\u00f2 tendere una trappola a un altro, togliergli ci\u00f2 che \u00e8 giusto, pagarlo meno&#8230; gli stipendi giusti \u2014 sono sempre meno \u2014. Come manca il lavoro! La gente accetta ci\u00f2 che le danno. Cio\u00e8 si va contro la giustizia, contro la verit\u00e0. Per favore insegnate morale forte l\u00ec, continuate. Caricate la coscienza. Ebbene, tutti i comandamenti. L\u2019idolatria, per esempio, cos\u2019\u00e8? \u201cNo, io non adoro nessun idolo\u201d. Tu sei pieno di idoli, ma insegnate: \u201cQuesto \u00e8 idolatria\u201d.<\/p>\n\n\n\n<p>Vi dico di continuare cos\u00ec perch\u00e9 lo state facendo, e molto bene, ma non dimenticatevi che siete formatori di coscienza. Qui voglio arrivare: formatori di coscienza morale. E questo \u00e8 un carisma che voi avete, che avete ereditato dal fondatore che si \u00e8 dedicato anche a queste cose, tra le altre.<\/p>\n\n\n\n<p>Vi ringrazio per quello che fate per la Chiesa, davvero. Vi ringrazio dal profondo dell\u2019anima. Ti ringrazio per i tuoi tredici anni qui. Sopravvivere a Roma non \u00e8 facile! E tu, quando fai un po\u2019 fatica, bevi un po\u2019 di cacha\u00e7a per risollevare l\u2019animo (risate).<\/p>\n\n\n\n<p>Ora vi voglio dare la Benedizione. Benedizione&#8230;<\/p>\n\n\n\n<p><em>Dopo la benedizione, il Papa ha aggiunto:<\/em><\/p>\n\n\n\n<p>\u201cE non dimenticatevi di pensare: qual \u00e8 la mia zona di confort?\u201d.<\/p>\n\n\n\n<p>_________________________<\/p>\n\n\n\n<p><em>L&#8217;Osservatore Romano<\/em>,&nbsp;Anno CLXII n. 226,&nbsp;luned\u00ec 3 ottobre 2022, p. 10.<\/p>\n\n\n\n<p>_____________________________________________________<\/p>\n\n\n\n<p><strong><a href=\"https:\/\/www.vatican.va\/content\/francesco\/it\/speeches\/2022\/october\/documents\/20221001-redentoristi.html#DISCORSO\">Discorso del Santo Padre consegnato<\/a><\/strong><\/p>\n\n\n\n<p><strong>DISCORSO CONSEGNATO<\/strong><\/p>\n\n\n\n<p><em>Cari fratelli e sorelle, buongiorno e benvenuti!<\/em><\/p>\n\n\n\n<p>Saluto con gioia tutti i missionari redentoristi presenti negli 85 Paesi in cui opera la Congregazione del Santissimo Redentore. Saluto anche quanti sono in cammino di formazione, le religiose redentoriste, tutta la famiglia carismatica e i laici associati alla missione. Vi saluto con affetto e ringrazio il nuovo Superiore Generale, padre Rog\u00e9rio Gomes, per le parole che mi ha rivolto.<\/p>\n\n\n\n<p>Celebrare un Capitolo Generale non \u00e8 una formalit\u00e0 canonica. \u00c8 vivere una Pentecoste, che ha la capacit\u00e0 di&nbsp;<em>fare nuove tutte le cose<\/em>&nbsp;(cfr&nbsp;<em>Ap<\/em>&nbsp;21,5). Nel Cenacolo i discepoli di Ges\u00f9 avevano dubbi, insicurezze, paure, volevano rimanere fermi e protetti; ma lo Spirito che soffia dove vuole (cfr&nbsp;<em>Gv<\/em>&nbsp;3,8) li provoca a muoversi, a uscire, ad andare verso le periferie per portare&nbsp;<em>il kerygma<\/em>, la bella Notizia.<\/p>\n\n\n\n<p>In questi giorni state affrontando cinque temi importanti per la vostra Congregazione: identit\u00e0, missione, vita consacrata, formazione e governo. Si tratta di temi fondamentali, tra loro connessi, per ripensare il vostro carisma alla luce dei segni dei tempi. Questo discernimento comunitario si radica nella capacit\u00e0 di ciascuno di voi di cercare il mistero di Cristo Redentore, che \u00e8 la ragione della vostra consacrazione e del vostro servizio agli uomini e alle donne che vivono nelle periferie esistenziali della nostra storia di oggi. Si radica nella fecondit\u00e0 del carisma alfonsiano, come linfa che alimenta la vita spirituale e la missione di ognuno e la fa rifiorire. Vi incoraggio ad osare, avendo come unico confine il Vangelo e il Magistero della Chiesa. Non abbiate paura di percorrere vie nuove, di dialogare con il mondo (cfr&nbsp;<em>Cost<\/em>. 19), alla luce della vostra ricca tradizione di teologia morale. Non temete di sporcarvi le mani al servizio dei pi\u00f9 bisognosi e della gente che non conta.<\/p>\n\n\n\n<p>Nelle vostre Costituzioni c\u2019\u00e8 un\u2019espressione molto bella, l\u00e0 dove si dice che i Redentoristi sono disponibili ad affrontare ogni prova per portare a tutti la redenzione di Cristo (cfr n. 20).&nbsp;<em>Disponibilit\u00e0<\/em>. Non diamo per scontata questa parola! Significa darsi interamente alla missione, con tutto il cuore;&nbsp;<em>dies impendere pro redemptis<\/em>, fino alle ultime conseguenze, con lo sguardo fisso su Ges\u00f9 che, \u00abpur essendo nella condizione di Dio [\u2026], svuot\u00f2 s\u00e9 stesso assumendo una condizione di servo, diventando simile agli uomini\u00bb (<em>Fil<\/em>&nbsp;2,6-7); e divenne un buon samaritano, un servo (cf&nbsp;<em>Lc<\/em>&nbsp;10,25-37;&nbsp;<em>Gv<\/em>&nbsp;13,1-15).<\/p>\n\n\n\n<p>Fratelli e sorelle, la Chiesa e la vita consacrata stanno vivendo un momento storico unico, in cui hanno la possibilit\u00e0 di rinnovarsi per&nbsp;<em>rispondere con fedelt\u00e0 creativa alla missione di Cristo<\/em>. Questo rinnovamento passa attraverso un processo di conversione del cuore e della mente, di intensa&nbsp;<em>metanoia<\/em>, e anche attraverso un cambiamento di strutture. A volte abbiamo bisogno di rompere le vecchie anfore (cfr&nbsp;<em>Gv<\/em>&nbsp;4,28), ereditate dalle nostre tradizioni, che hanno portato tanta acqua ma hanno ormai compiuto la loro funzione. E spezzare le nostre anfore, piene di affetti, di usanze culturali, di storie, non \u00e8 un compito facile, \u00e8 doloroso, ma \u00e8 necessario se vogliamo bere l\u2019acqua nuova che viene dalla sorgente dello Spirito Santo, fonte di ogni rinnovamento. Chi rimane attaccato alle proprie sicurezze rischia di cadere nella&nbsp;<em>sclerocardia<\/em>, che impedisce l\u2019azione dello Spirito nel cuore umano. Invece non dobbiamo mettere ostacoli all\u2019azione rinnovatrice dello Spirito, prima di tutto nei nostri cuori e nei nostri stili di vita. Solo cos\u00ec diventiamo missionari di speranza!<\/p>\n\n\n\n<p>Le vostre Costituzioni affermano: \u00abLa Congregazione, conservando sempre il proprio carisma, deve adattare le sue strutture e istituzioni alle esigenze del ministero apostolico e a quelle peculiari di ogni missione\u00bb (n. 96). \u00ab&nbsp;<em>Vino nuovo in otri nuovi&nbsp;<\/em>\u00bb (&nbsp;<em>Mc<\/em>2,22). \u00abUn rinnovamento incapace di toccare e cambiare le strutture e il cuore non porta a un cambiamento reale e duraturo. [&#8230;] Richiede l\u2019apertura a immaginare forme di sequela profetica e carismatica, vissute in schemi adeguati e forse inediti\u00bb.&nbsp;<a href=\"https:\/\/www.vatican.va\/content\/francesco\/it\/speeches\/2022\/october\/documents\/20221001-redentoristi.html#_ftn1\">[1]<\/a><\/p>\n\n\n\n<p>In questo processo di re-immaginare e rinnovare la Congregazione, non bisogna dimenticare tre pilastri fondamentali:&nbsp;<em>la centralit\u00e0 del mistero di Cristo<\/em>,&nbsp;<em>la vita comunitaria e la preghiera<\/em>. La testimonianza e gli insegnamenti di Sant\u2019Alfonso vi richiamano continuamente a \u201crimanere nell\u2019amore\u201d del Signore. Senza di Lui non possiamo far nulla; rimanendo in Lui portiamo frutto (cf&nbsp;<em>Gv<\/em>&nbsp;15,1-9). L\u2019abbandono della vita comunitaria e della preghiera \u00e8 la porta della sterilit\u00e0 nella vita consacrata, la morte del carisma e la chiusura verso i fratelli. Invece la docilit\u00e0 allo Spirito di Cristo spinge a&nbsp;<em>evangelizzare i poveri<\/em>, secondo l\u2019annuncio del Redentore nella sinagoga di Nazaret (cfr&nbsp;<em>Lc<\/em>&nbsp;4,14-19), concretizzato nella congregazione da Sant\u2019Alfonso Maria de\u2019 Liguori. Questa missione, portata avanti dai vostri santi, martiri, beati e venerabili, conduce i Redentoristi di tutto il mondo a dare la vita per il Vangelo e a scrivere storie di redenzione sulle pagine del nostro tempo.<\/p>\n\n\n\n<p>Auguro al nuovo Governo Generale, primo organismo di animazione della&nbsp;<em>vita apostolica<\/em>&nbsp;della Congregazione, umilt\u00e0, unit\u00e0, saggezza e discernimento per guidare il vostro Istituto in questo momento bello e sfidante della nostra storia. L\u2019opera \u00e8 del Signore, noi siamo solo servi che abbiamo fatto quanto dovevamo fare (cfr&nbsp;<em>Lc<\/em>&nbsp;17,10). Coloro che si appropriano della funzione di&nbsp;<em>leadership<\/em>&nbsp;per un interesse personale non servono il Signore che ha lavato i piedi ai discepoli, ma gli idoli della mondanit\u00e0 e dell\u2019egoismo.<\/p>\n\n\n\n<p>Cari fratelli, affido la vostra Congregazione alla protezione della Madre del Perpetuo Soccorso, affinch\u00e9 vi accompagni sempre come ha accompagnato il suo Figlio ai piedi della croce (cfr&nbsp;<em>Gv<\/em>&nbsp;19,25). Non siete soli, siate figli amati e custoditi. Prego il Signore che possiate essere fedeli e perseveranti nella vostra missione, senza mai dimenticare i pi\u00f9 poveri e abbandonati che servite, e ai quali annunciate la Buona Notizia della Redenzione. Di cuore benedico voi, le sorelle e i fedeli laici che condividono il vostro carisma. E vi chiedo per favore di pregare per me. Grazie!<\/p>\n\n\n\n<p>_______________________________________________________<\/p>\n\n\n\n<p><a href=\"https:\/\/www.vatican.va\/content\/francesco\/it\/speeches\/2022\/october\/documents\/20221001-redentoristi.html#_ftnref1\">[1]<\/a>&nbsp;Congregazione per gli Istituti di Vita Consacrata e le Societ\u00e0 di Vita Apostolica.&nbsp;<a href=\"http:\/\/www.congregazionevitaconsacrata.va\/content\/dam\/vitaconsacrata\/LibriPPDF\/Italiano\/PER%20VINO%20NUOVO%20OTRI%20NUOVI.pdf\"><em>Per vino nuovo otri nuovi<\/em>. Dal Concilio Vaticano II la vita consacrata e le sfide ancora aperte<\/a>&nbsp;(6 gennaio 2017), n. 3.<\/p>\n","protected":false},"excerpt":{"rendered":"<p>Questa mattina, sabato 1 ottobre 2022, nella Sala Clementina del Palazzo Apostolico Vaticano, il Santo Padre Francesco ha ricevuto in Udienza i partecipanti al XXVI Capitolo Generale. Dopo le parole del neo eletto Superiore Generale, padre Rog\u00e9rio Gomes, dove ha presentato al Santo Padre alcune delle conclusioni delle riflessioni e dell\u2019impegno della Congregazione del Santissimo [&hellip;]<\/p>\n","protected":false},"author":23,"featured_media":19602,"comment_status":"closed","ping_status":"closed","sticky":false,"template":"","format":"standard","meta":{"_mi_skip_tracking":false},"categories":[5],"tags":[],"_links":{"self":[{"href":"https:\/\/www.cssr.news\/italian\/wp-json\/wp\/v2\/posts\/19601"}],"collection":[{"href":"https:\/\/www.cssr.news\/italian\/wp-json\/wp\/v2\/posts"}],"about":[{"href":"https:\/\/www.cssr.news\/italian\/wp-json\/wp\/v2\/types\/post"}],"author":[{"embeddable":true,"href":"https:\/\/www.cssr.news\/italian\/wp-json\/wp\/v2\/users\/23"}],"replies":[{"embeddable":true,"href":"https:\/\/www.cssr.news\/italian\/wp-json\/wp\/v2\/comments?post=19601"}],"version-history":[{"count":2,"href":"https:\/\/www.cssr.news\/italian\/wp-json\/wp\/v2\/posts\/19601\/revisions"}],"predecessor-version":[{"id":19665,"href":"https:\/\/www.cssr.news\/italian\/wp-json\/wp\/v2\/posts\/19601\/revisions\/19665"}],"wp:featuredmedia":[{"embeddable":true,"href":"https:\/\/www.cssr.news\/italian\/wp-json\/wp\/v2\/media\/19602"}],"wp:attachment":[{"href":"https:\/\/www.cssr.news\/italian\/wp-json\/wp\/v2\/media?parent=19601"}],"wp:term":[{"taxonomy":"category","embeddable":true,"href":"https:\/\/www.cssr.news\/italian\/wp-json\/wp\/v2\/categories?post=19601"},{"taxonomy":"post_tag","embeddable":true,"href":"https:\/\/www.cssr.news\/italian\/wp-json\/wp\/v2\/tags?post=19601"}],"curies":[{"name":"wp","href":"https:\/\/api.w.org\/{rel}","templated":true}]}}