{"id":19745,"date":"2022-10-13T12:47:00","date_gmt":"2022-10-13T10:47:00","guid":{"rendered":"https:\/\/www.cssr.news\/italian\/?p=19745"},"modified":"2022-10-13T12:47:03","modified_gmt":"2022-10-13T10:47:03","slug":"oblate-celebrazione-a-ciempozuelos-per-il-bicentenario-della-fondatrice","status":"publish","type":"post","link":"https:\/\/www.cssr.news\/italian\/2022\/10\/oblate-celebrazione-a-ciempozuelos-per-il-bicentenario-della-fondatrice\/","title":{"rendered":"Oblate: Celebrazione a Ciempozuelos per il bicentenario della fondatrice"},"content":{"rendered":"\n<p><strong>Il Vescovo di Getafe presieder\u00e0 la Messa nella festa del Santissimo Redentore<\/strong><\/p>\n\n\n\n<p>Il 15 ottobre celebreremo l&#8217;Eucaristia in ringraziamento per il bicentenario della nascita di Antonia e in onore della festa del Santissimo Redentore -terza domenica di ottobre- nella chiesa della nostra Casa Madre, a Ciempozuelos (Madrid, Spagna).<\/p>\n\n\n\n<p>Il Santissimo Redentore \u00e8 il patrono della nostra Congregazione e ispiratore per la fondazione a Ciempozuelos, portata avanti da Antonia Mar\u00eda de Oviedo nel 1870, con il sostegno di Jos\u00e9 Mar\u00eda Benito Serra.<\/p>\n\n\n\n<figure class=\"wp-block-gallery columns-3 is-cropped\"><ul class=\"blocks-gallery-grid\"><li class=\"blocks-gallery-item\"><figure><a href=\"http:\/\/www.cssr.news\/italian\/wp-content\/uploads\/sites\/2\/2022\/10\/Monsenor-Gines-Garcia-1.jpg\"><img width=\"800\" height=\"449\" src=\"http:\/\/www.cssr.news\/italian\/wp-content\/uploads\/sites\/2\/2022\/10\/Monsenor-Gines-Garcia-1.jpg\" alt=\"\" data-id=\"19747\" data-full-url=\"http:\/\/www.cssr.news\/italian\/wp-content\/uploads\/sites\/2\/2022\/10\/Monsenor-Gines-Garcia-1.jpg\" data-link=\"https:\/\/www.cssr.news\/italian\/?attachment_id=19747\" class=\"wp-image-19747\" srcset=\"https:\/\/www.cssr.news\/italian\/wp-content\/uploads\/sites\/2\/2022\/10\/Monsenor-Gines-Garcia-1.jpg 800w, https:\/\/www.cssr.news\/italian\/wp-content\/uploads\/sites\/2\/2022\/10\/Monsenor-Gines-Garcia-1-300x168.jpg 300w, https:\/\/www.cssr.news\/italian\/wp-content\/uploads\/sites\/2\/2022\/10\/Monsenor-Gines-Garcia-1-768x431.jpg 768w, https:\/\/www.cssr.news\/italian\/wp-content\/uploads\/sites\/2\/2022\/10\/Monsenor-Gines-Garcia-1-696x391.jpg 696w, https:\/\/www.cssr.news\/italian\/wp-content\/uploads\/sites\/2\/2022\/10\/Monsenor-Gines-Garcia-1-748x420.jpg 748w\" sizes=\"(max-width: 800px) 100vw, 800px\" \/><\/a><\/figure><\/li><li class=\"blocks-gallery-item\"><figure><a href=\"http:\/\/www.cssr.news\/italian\/wp-content\/uploads\/sites\/2\/2022\/10\/Misa-15-oct.-2022.png\"><img width=\"724\" height=\"1024\" src=\"http:\/\/www.cssr.news\/italian\/wp-content\/uploads\/sites\/2\/2022\/10\/Misa-15-oct.-2022-724x1024.png\" alt=\"\" data-id=\"19748\" data-full-url=\"http:\/\/www.cssr.news\/italian\/wp-content\/uploads\/sites\/2\/2022\/10\/Misa-15-oct.-2022.png\" data-link=\"https:\/\/www.cssr.news\/italian\/?attachment_id=19748\" class=\"wp-image-19748\" srcset=\"https:\/\/www.cssr.news\/italian\/wp-content\/uploads\/sites\/2\/2022\/10\/Misa-15-oct.-2022-724x1024.png 724w, https:\/\/www.cssr.news\/italian\/wp-content\/uploads\/sites\/2\/2022\/10\/Misa-15-oct.-2022-212x300.png 212w, https:\/\/www.cssr.news\/italian\/wp-content\/uploads\/sites\/2\/2022\/10\/Misa-15-oct.-2022-768x1086.png 768w, https:\/\/www.cssr.news\/italian\/wp-content\/uploads\/sites\/2\/2022\/10\/Misa-15-oct.-2022-1086x1536.png 1086w, https:\/\/www.cssr.news\/italian\/wp-content\/uploads\/sites\/2\/2022\/10\/Misa-15-oct.-2022-1448x2048.png 1448w, https:\/\/www.cssr.news\/italian\/wp-content\/uploads\/sites\/2\/2022\/10\/Misa-15-oct.-2022-696x985.png 696w, https:\/\/www.cssr.news\/italian\/wp-content\/uploads\/sites\/2\/2022\/10\/Misa-15-oct.-2022-1068x1511.png 1068w, https:\/\/www.cssr.news\/italian\/wp-content\/uploads\/sites\/2\/2022\/10\/Misa-15-oct.-2022-297x420.png 297w, https:\/\/www.cssr.news\/italian\/wp-content\/uploads\/sites\/2\/2022\/10\/Misa-15-oct.-2022.png 1587w\" sizes=\"(max-width: 724px) 100vw, 724px\" \/><\/a><\/figure><\/li><li class=\"blocks-gallery-item\"><figure><a href=\"http:\/\/www.cssr.news\/italian\/wp-content\/uploads\/sites\/2\/2022\/10\/capilla_ciempozuelos.jpg\"><img width=\"1024\" height=\"606\" src=\"http:\/\/www.cssr.news\/italian\/wp-content\/uploads\/sites\/2\/2022\/10\/capilla_ciempozuelos-1024x606.jpg\" alt=\"\" data-id=\"19746\" data-full-url=\"http:\/\/www.cssr.news\/italian\/wp-content\/uploads\/sites\/2\/2022\/10\/capilla_ciempozuelos.jpg\" data-link=\"https:\/\/www.cssr.news\/italian\/?attachment_id=19746\" class=\"wp-image-19746\" srcset=\"https:\/\/www.cssr.news\/italian\/wp-content\/uploads\/sites\/2\/2022\/10\/capilla_ciempozuelos-1024x606.jpg 1024w, https:\/\/www.cssr.news\/italian\/wp-content\/uploads\/sites\/2\/2022\/10\/capilla_ciempozuelos-300x178.jpg 300w, https:\/\/www.cssr.news\/italian\/wp-content\/uploads\/sites\/2\/2022\/10\/capilla_ciempozuelos-768x455.jpg 768w, https:\/\/www.cssr.news\/italian\/wp-content\/uploads\/sites\/2\/2022\/10\/capilla_ciempozuelos-696x412.jpg 696w, https:\/\/www.cssr.news\/italian\/wp-content\/uploads\/sites\/2\/2022\/10\/capilla_ciempozuelos-1068x632.jpg 1068w, https:\/\/www.cssr.news\/italian\/wp-content\/uploads\/sites\/2\/2022\/10\/capilla_ciempozuelos-709x420.jpg 709w, https:\/\/www.cssr.news\/italian\/wp-content\/uploads\/sites\/2\/2022\/10\/capilla_ciempozuelos.jpg 1270w\" sizes=\"(max-width: 1024px) 100vw, 1024px\" \/><\/a><\/figure><\/li><\/ul><\/figure>\n\n\n\n<p>La Messa sar\u00e0 presieduta da <strong>Mons. Gin\u00e9s Garc\u00eda Beltr\u00e1n<\/strong>, Vescovo della Diocesi di Getafe. Alle 19:00 si potr\u00e0 visitare la mostra \u201c<strong>Vita e Missione della Venerabile M. Antonia Mar\u00eda de la Misericordia\u201d<\/strong>, che sar\u00e0 guidata da suor Marisa Cotol\u00ed, OSR. Quindi, alle 19:45, condivideremo la festa e la gioia di bere una cioccolata calda con churros.<\/p>\n\n\n\n<p>Questa celebrazione \u00e8 aperta a tutti coloro che desiderano unirsi ed \u00e8 organizzata dalle quattro comunit\u00e0 di Suore Oblate a Madrid: la Casa Madre a Ciempozuelos, la Casa Generalizia (Via Cartagena) e le due Comunit\u00e0 di Suore a Carabanchel (Via Pinguino).<\/p>\n\n\n\n<p>La Messa di ringraziamento nel bicentenario della nascita di Antonia e nella festa del Santissimo Redentore della Congregazione che celebriamo la terza domenica di ottobre di ogni anno.<\/p>\n\n\n\n<p>(hermanasoblatas.org))<\/p>\n","protected":false},"excerpt":{"rendered":"<p>Il Vescovo di Getafe presieder\u00e0 la Messa nella festa del Santissimo Redentore Il 15 ottobre celebreremo l&#8217;Eucaristia in ringraziamento per il bicentenario della nascita di Antonia e in onore della festa del Santissimo Redentore -terza domenica di ottobre- nella chiesa della nostra Casa Madre, a Ciempozuelos (Madrid, Spagna). Il Santissimo Redentore \u00e8 il patrono della [&hellip;]<\/p>\n","protected":false},"author":3,"featured_media":19749,"comment_status":"closed","ping_status":"closed","sticky":false,"template":"","format":"standard","meta":{"_mi_skip_tracking":false},"categories":[20],"tags":[],"_links":{"self":[{"href":"https:\/\/www.cssr.news\/italian\/wp-json\/wp\/v2\/posts\/19745"}],"collection":[{"href":"https:\/\/www.cssr.news\/italian\/wp-json\/wp\/v2\/posts"}],"about":[{"href":"https:\/\/www.cssr.news\/italian\/wp-json\/wp\/v2\/types\/post"}],"author":[{"embeddable":true,"href":"https:\/\/www.cssr.news\/italian\/wp-json\/wp\/v2\/users\/3"}],"replies":[{"embeddable":true,"href":"https:\/\/www.cssr.news\/italian\/wp-json\/wp\/v2\/comments?post=19745"}],"version-history":[{"count":1,"href":"https:\/\/www.cssr.news\/italian\/wp-json\/wp\/v2\/posts\/19745\/revisions"}],"predecessor-version":[{"id":19750,"href":"https:\/\/www.cssr.news\/italian\/wp-json\/wp\/v2\/posts\/19745\/revisions\/19750"}],"wp:featuredmedia":[{"embeddable":true,"href":"https:\/\/www.cssr.news\/italian\/wp-json\/wp\/v2\/media\/19749"}],"wp:attachment":[{"href":"https:\/\/www.cssr.news\/italian\/wp-json\/wp\/v2\/media?parent=19745"}],"wp:term":[{"taxonomy":"category","embeddable":true,"href":"https:\/\/www.cssr.news\/italian\/wp-json\/wp\/v2\/categories?post=19745"},{"taxonomy":"post_tag","embeddable":true,"href":"https:\/\/www.cssr.news\/italian\/wp-json\/wp\/v2\/tags?post=19745"}],"curies":[{"name":"wp","href":"https:\/\/api.w.org\/{rel}","templated":true}]}}