{"id":20904,"date":"2023-02-13T10:33:24","date_gmt":"2023-02-13T08:33:24","guid":{"rendered":"https:\/\/www.cssr.news\/italian\/?p=20904"},"modified":"2023-02-13T11:32:33","modified_gmt":"2023-02-13T09:32:33","slug":"i-redentoristi-hanno-un-nuovo-provinciale-in-ecuador","status":"publish","type":"post","link":"https:\/\/www.cssr.news\/italian\/2023\/02\/i-redentoristi-hanno-un-nuovo-provinciale-in-ecuador\/","title":{"rendered":"I Redentoristi hanno un nuovo Provinciale in Quito, Ecuador"},"content":{"rendered":"\n<p>La Congregazione dei Missionari del Santissimo Redentore, conosciuti come Redentoristi, ha un nuovo Superiore per la provincia di Quito, \u00e8 <strong>P. Geovanny Curimilma, C.Ss.R.<\/strong><\/p>\n\n\n\n<p>Marted\u00ec scorso, 7 febbraio, \u00e8 entrato in carica nella citt\u00e0 di Cuenca nel Convento che hanno nella Parrocchia di San Alfonso nel centro storico della citt\u00e0.<\/p>\n\n\n\n<p>Il precedente Provinciale P. Rafael Nieto, C.Ss.R. insedi\u00f2 il suo successore, che avrebbe servito come Superiore nella citt\u00e0 andina di Riobamba, davanti ai Superiori delle Case di Quito, Ambato, Riobamba, Cuenca, Loja, Guayaquil, Manta e Vinces.<\/p>\n\n\n\n<p><strong>P. Geovanny Curimilma, C.Ss.R.<\/strong>, \u00e8 nato nel 1967, ha professato nel 1989 ed \u00e8 stato ordinato sacerdote nel 1996. Prima di essere eletto Provinciale, era Superiore nella citt\u00e0 andina di Riobamba.<\/p>\n\n\n\n<p>I Redentoristi sono in Ecuador da 153 anni. I fondatori cominciarono ad arrivare a Riobamba il 15 luglio 1870 con P. Pedro Didier e Fratel Te\u00f3filo. La prima Comunit\u00e0 di Riobamba era composta da 5 religiosi di 5 nazionalit\u00e0: P. Pedro Didier, lussemburghese, P. Celestino Etienne, belga, P. Bivona, siciliano-italiano; Fr. Te\u00f3filo, alsaziano-francese, e Fr. \u00c1lvaro Tornero, spagnolo.<\/p>\n\n\n\n<p>Un compito molto importante per il nuovo provinciale \u00e8 quello di occuparsi della ristrutturazione della Congregazione, dal momento che si deve progredire verso l&#8217;unificazione con le comunit\u00e0 del Venezuela e della Colombia.<\/p>\n\n\n\n<p>(mileniumtvi.com)<\/p>\n","protected":false},"excerpt":{"rendered":"<p>La Congregazione dei Missionari del Santissimo Redentore, conosciuti come Redentoristi, ha un nuovo Superiore per la provincia di Quito, \u00e8 P. Geovanny Curimilma, C.Ss.R. Marted\u00ec scorso, 7 febbraio, \u00e8 entrato in carica nella citt\u00e0 di Cuenca nel Convento che hanno nella Parrocchia di San Alfonso nel centro storico della citt\u00e0. Il precedente Provinciale P. Rafael [&hellip;]<\/p>\n","protected":false},"author":3,"featured_media":20905,"comment_status":"closed","ping_status":"closed","sticky":false,"template":"","format":"standard","meta":{"_mi_skip_tracking":false},"categories":[9],"tags":[],"_links":{"self":[{"href":"https:\/\/www.cssr.news\/italian\/wp-json\/wp\/v2\/posts\/20904"}],"collection":[{"href":"https:\/\/www.cssr.news\/italian\/wp-json\/wp\/v2\/posts"}],"about":[{"href":"https:\/\/www.cssr.news\/italian\/wp-json\/wp\/v2\/types\/post"}],"author":[{"embeddable":true,"href":"https:\/\/www.cssr.news\/italian\/wp-json\/wp\/v2\/users\/3"}],"replies":[{"embeddable":true,"href":"https:\/\/www.cssr.news\/italian\/wp-json\/wp\/v2\/comments?post=20904"}],"version-history":[{"count":4,"href":"https:\/\/www.cssr.news\/italian\/wp-json\/wp\/v2\/posts\/20904\/revisions"}],"predecessor-version":[{"id":20916,"href":"https:\/\/www.cssr.news\/italian\/wp-json\/wp\/v2\/posts\/20904\/revisions\/20916"}],"wp:featuredmedia":[{"embeddable":true,"href":"https:\/\/www.cssr.news\/italian\/wp-json\/wp\/v2\/media\/20905"}],"wp:attachment":[{"href":"https:\/\/www.cssr.news\/italian\/wp-json\/wp\/v2\/media?parent=20904"}],"wp:term":[{"taxonomy":"category","embeddable":true,"href":"https:\/\/www.cssr.news\/italian\/wp-json\/wp\/v2\/categories?post=20904"},{"taxonomy":"post_tag","embeddable":true,"href":"https:\/\/www.cssr.news\/italian\/wp-json\/wp\/v2\/tags?post=20904"}],"curies":[{"name":"wp","href":"https:\/\/api.w.org\/{rel}","templated":true}]}}