{"id":21149,"date":"2023-03-14T17:54:09","date_gmt":"2023-03-14T15:54:09","guid":{"rendered":"https:\/\/www.cssr.news\/italian\/?p=21149"},"modified":"2023-03-14T17:57:27","modified_gmt":"2023-03-14T15:57:27","slug":"lettera-del-superiore-generale-per-la-festa-di-san-clemente-che-dedica-un-anno-alla-vita-comunitaria","status":"publish","type":"post","link":"https:\/\/www.cssr.news\/italian\/2023\/03\/lettera-del-superiore-generale-per-la-festa-di-san-clemente-che-dedica-un-anno-alla-vita-comunitaria\/","title":{"rendered":"Lettera del Superiore Generale per la festa di San Clemente che dedica un anno alla vita comunitaria"},"content":{"rendered":"\n<p class=\"has-text-align-right\">Prot. N\u00b0: 0000 067\/2023<\/p>\n\n\n\n<p class=\"has-text-align-right\">Roma, 15 marzo 2023<br>Festa di San Clemente Maria Hofbauer<\/p>\n\n\n\n<p class=\"has-text-align-center has-vivid-red-color has-text-color\"><em>Missionari di Speranza sulle orme del Redentore<\/em><\/p>\n\n\n\n<p class=\"has-text-align-center has-medium-font-size\"><strong>UN ANNO DEDICATO ALLA VITA COMUNITARIA<\/strong> <br>Cost. 21-75; SG 026-049; Lc 6,12-16<\/p>\n\n\n\n<p>Cari Confratelli, Formandi e Laici associati della nostra missione,<\/p>\n\n\n\n<ol type=\"1\"><li>Celebriamo con gioia la festa di san Clemente Maria Hofbauer, un Missionario che evangelizz\u00f2 con entusiasmo. \u201cGuai a me se non annuncio il Vangelo!\u201d (1&nbsp;Cor 9,16). Dai bambini agli adulti, dai poveri ai nobili e agli intellettuali, tutti erano attratti dalle sue belle celebrazioni liturgiche e dalle sue omelie. <em>Clemente ci insegna la tenacia e la fedelt\u00e0 creativa<\/em>. Passando da un fallimento all\u2019altro, egli, sempre pieno di entusiasmo, \u00e8 riuscito abilmente a portare avanti il progetto missionario Redentorista. Ancora oggi Clemente \u2013 uomo d\u2019azione che ha valicato le Alpi \u2013 ci provoca nella nostra storia: come possiamo valicare le \u201cAlpi\u201d nelle nostre parrocchie, nelle nostre chiese non parrocchiali, nei nostri santuari, nelle missioni popolari, nell\u2019uso dei media, nel campo dell\u2019istruzione e dell\u2019educazione, nella formazione, nelle celebrazioni, nella cura dei pi\u00f9 abbandonati, e soprattutto nel processo di ristrutturazione per la missione<em>? Hofbauer \u00e8 per noi una guida in questo tempo complesso in cui viviamo, non solo per la Congregazione ma anche per la vita consacrata e per la Chiesa<\/em>.<\/li><li>Sotto l\u2019ispirazione di San Clemente, inauguriamo questo <strong><em>Anno dedicato alla Vita Comunitaria<\/em><\/strong>. Le nostre Costituzioni dedicano due capitoli alla Vita Comunitaria: \u201cLa comunit\u00e0 apostolica\u201d e \u201cLa comunit\u00e0 apostolica dedicata a Cristo Redentore\u201d (Cost. 21-76). Anche i corrispondenti Statuti Generali saranno alla base per un approfondimento di questo tema durante l\u2019anno. Su questo materiale siamo invitati a pregare e meditare creativamente in tutte le nostre comunit\u00e0 redentoriste della Congregazione, avendo come icona biblica il brano del Vangelo Lc 6,12-16: <em>Il Signore ci chiama per stare con Lui<\/em>.<\/li><\/ol>\n\n\n\n<ul><li>Chiedo ai Superiori (V) Provinciali, Regionali, di Missione, di Comunit\u00e0 e ai Formatori di incoraggiare le comunit\u00e0 a riflettere, pregare e meditare su questo tema della vita comunitaria, cos\u00ec importante per la Vita Redentorista. <em>Esorto ogni confratello a viverla intensamente e ad approfondirla durante tutto l\u2019anno<\/em>. Abbiamo bisogno di migliorare la qualit\u00e0 della nostra vita comunitaria nella Congregazione. Questo non significa che la stiamo vivendo male, ma che dobbiamo riconoscere che spesso \u00e8 un punto debole della nostra vita apostolica e che sicuramente possiamo migliorarla se vogliamo essere Missionari di Speranza sulle orme del Redentore. I diversi organismi di animazione della nostra <em>vita apostolica<\/em>, come i Segretariati e le Commissioni, il Centro di Spiritualit\u00e0 e le altre istituzioni per la promozione della <em>vita apostolica<\/em> redentorista possano, con creativit\u00e0, realizzare sussidi di preghiera, giornate di ritiro per approfondire questo tema, animare e offrire incoraggiamento e aiuto alle comunit\u00e0 perch\u00e9 ne alimentino la spiritualit\u00e0 apostolica e il dinamismo missionario. Offro questa lettera come aiuto per una giornata di ritiro comunitario o per un incontro comunitario.<\/li><li>Ora, con cuore aperto, senza paura e senza sensi di colpa, ma con grande sincerit\u00e0 e maturit\u00e0, dobbiamo porci le seguenti domande: qual \u00e8 la qualit\u00e0 della vita comunitaria nella mia (V) Provincia, Regione, Comunit\u00e0 e Missione? Conosciamo la storia personale e vocazionale dei confratelli con cui viviamo? La comunit\u00e0 in cui vivo ha un Progetto di Vita Comunitaria? Come mi sento nella comunit\u00e0 in cui vivo? \u00c8 vivificante o ci sono solo tensioni e divisioni? Come posso personalmente contribuire a migliorare la vita comunitaria? La vita comunitaria \u00e8 una priorit\u00e0 nelle nostre agende personali? Come possiamo migliorare la qualit\u00e0 della nostra vita comunitaria, sia come risorsa affettiva sia come sostegno del nostro lavoro missionario? Le nostre comunit\u00e0 sono un\u2019attrazione per nuove vocazioni? Come intensificare la nostra vita comunitaria per vivere il processo di ristrutturazione? Qual \u00e8 la nostra capacit\u00e0 di risolvere i nostri conflitti personali? Come lavoriamo sulla nostra resilienza? Come incorporiamo i laici nella nostra comunit\u00e0 e missione? Queste e altre domande dovrebbero aiutarci a prendere coscienza della realt\u00e0 della nostra vita comunitaria, a rispondere onestamente e a fare passi concreti per migliorarla. <em>La vita comunitaria deve essere uno spazio per rafforzare la nostra vocazione, la nostra intimit\u00e0 con il Redentore, il nostro spirito missionario e il nostro senso di appartenenza alla Congregazione<\/em>.<\/li><li>Il XXVI Capitolo Generale ci ha lasciato 5 temi importanti su cui riflettere durante questo sessennio: l\u2019identit\u00e0, la missione, la vita consacrata, la formazione e la leadership. Dovremmo riflettere su questi temi \u2013 che sono l\u2019essenza della comunit\u00e0 missionaria Redentorista \u2013 in modo molto onesto, chiedendoci personalmente e come comunit\u00e0: qual \u00e8 l\u2019identit\u00e0 della nostra comunit\u00e0 redentorista? Qual \u00e8 la missione della nostra comunit\u00e0? Qual \u00e8 la qualit\u00e0 della vita consacrata della nostra comunit\u00e0? Come ci formiamo nelle nostre comunit\u00e0 e come esercitiamo la leadership per la missione nella nostra comunit\u00e0? Il Documento Finale, le Decisioni e gli Orientamenti del XXVI Capitolo Generale possono aiutarci ad approfondire la comprensione della nostra vita comunitaria.<\/li><\/ul>\n\n\n\n<ul><li>L\u2019identit\u00e0 della comunit\u00e0 Redentorista \u00e8 costituita da tre aspetti fondamentali: Cristo Redentore come centro e motivo della nostra consacrazione, le persone che si consacrano a Lui per continuare la sua missione, e le persone a cui siamo inviati e con le quali siamo inviati. Siamo una comunit\u00e0 di persone: la persona di Ges\u00f9, la persona di ogni nostro confratello e la persona dei pi\u00f9 abbandonati. Perci\u00f2 il luogo per eccellenza, secondo le nostre Costituzioni, della comunione e dell\u2019esercizio dello spirito missionario \u00e8 la vita comunitaria&#8230; (cfr Cost. 21). <em>La comunit\u00e0 \u00e8 il luogo in cui condividiamo la nostra esistenza, la nostra storia di salvezza e le nostre memorie di redenzione. \u00c8 il luogo dove si vive la comunione (koinonia), il servizio (diakonia), la testimonianza (martyria) e l\u2019annuncio (kerygma)<\/em>. Nella Congregazione non c\u2019\u00e8 l\u2019individuo in quanto tale. <em>La missione si compie nel nome del Redentore e della comunit\u00e0, dove Egli ci invia nel suo nome, per andare verso i pi\u00f9 abbandonati <\/em>(cfr Lc 4,16-19). Cos\u00ec, <em>ogni confratello \u00e8 in s\u00e9 una missione che esprime la bellezza missionaria in quel mosaico di volti che \u00e8 l\u2019opera d\u2019arte comunitaria, attraverso la quale rifulge la missione del Redentore in questo mondo<\/em>. Se questo \u00e8 vero, allora la vita consacrata Redentorista ha senso e continua ad essere un segno quando la presenza di Cristo \u00e8 al centro della comunit\u00e0, quando si coltiva la spiritualit\u00e0 personale e comunitaria, quando la comunit\u00e0 \u00e8 in costante conversione, quando ogni membro \u00e8 corresponsabile del suo lavoro e, infine, quando i voti sono vissuti come espressione di amore per Cristo, per i confratelli e per il popolo di Dio. <em>Che tipo di vita consacrata Redentorista vogliamo per noi stessi e per la Chiesa?<\/em> In che modo la nostra comunit\u00e0 ci aiuta a rafforzarci in tutti questi aspetti?<\/li><li>Tutta la nostra formazione \u00e8 al servizio della missione, dell\u2019unificazione della nostra vita con Cristo Redentore e con i pi\u00f9 abbandonati. <em>Questo momento storico in cui viviamo esige che prendiamo sul serio la nostra formazione permanente. Senza di essa, continueremo a dare risposte antiquate a problemi nuovi, ci trincereremo nel nostro mondo, ed entreremo nella pericolosa spirale del naufragio<\/em>. La formazione di un Redentorista termina definitivamente con la sua unione con il Signore alla fine del cammino della nostra vita. Per questo, in questo anno di vita comunitaria, ogni comunit\u00e0 dovrebbe studiare argomenti che la aiutino a svolgere la sua missione. <em>La formazione permanente comporta l\u2019ascolto profondo dello Spirito per darci saggezza, una maggiore capacit\u00e0 di ascolto, discernimento, conversione quotidiana e aiuto per servire il Popolo di Dio<\/em>. Questo si estende al nostro impegno per la formazione dei collaboratori laici nella nostra missione. Qual \u00e8 la natura della mia formazione permanente personale? E qual \u00e8 il livello della mia formazione comunitaria?<\/li><li>Infine, la comunit\u00e0 ha la sua organizzazione e leadership. Ogni confratello deve esercitare la sua missione con senso di corresponsabilit\u00e0. La comunit\u00e0 non \u00e8 diversa da un\u2019orchestra che ha il suo maestro (i superiori locali) e i musicisti con i loro strumenti (i confratelli, che possiedono specifici talenti e li fanno fruttificare con creativit\u00e0). Che ogni confratello sia pastore, animatore e amministratore della sua vita secondo le Costituzioni, e aiuti i superiori locali in questo impegnativo servizio (cfr Cost. 73, 92). I superiori servano la comunit\u00e0 perch\u00e9 si formi e cresca in Cristo, e perch\u00e9 tutti nell\u2019unit\u00e0 si dedichino all\u2019opera di evangelizzazione (cfr Cost. 139). Come<\/li><\/ul>\n\n\n\n<p>stiamo esercitando la leadership personale e comunitaria nella nostra comunit\u00e0? <em>\u00c8 un viaggio che facciamo insieme!<\/em> \u201cCoraggio, il Signore \u00e8 il Maestro\u201d (San Clemente).<\/p>\n\n\n\n<ul><li>San Clemente ci ispiri a vivere con intensit\u00e0 questo anno dedicato alla nostra vita comunitaria, affinch\u00e9 possiamo annunciare con gioia Cristo Redentore, e seguirlo nelle sue orme come missionari della speranza! Che Maria, Madre del Perpetuo Soccorso, ci aiuti in questo cammino! Amen.<\/li><\/ul>\n\n\n\n<p>A nome del Consiglio Generale<\/p>\n\n\n\n<p>Fraternamente in Cristo Redentore<\/p>\n\n\n\n<p class=\"has-text-align-right\">P. Rog\u00e9rio Gomes, C.Ss.R<br>Superiore Generale<\/p>\n\n\n\n<p>Testo originale: <em>in spagnolo<\/em>.<\/p>\n","protected":false},"excerpt":{"rendered":"<p>Prot. N\u00b0: 0000 067\/2023 Roma, 15 marzo 2023Festa di San Clemente Maria Hofbauer Missionari di Speranza sulle orme del Redentore UN ANNO DEDICATO ALLA VITA COMUNITARIA Cost. 21-75; SG 026-049; Lc 6,12-16 Cari Confratelli, Formandi e Laici associati della nostra missione, Celebriamo con gioia la festa di san Clemente Maria Hofbauer, un Missionario che evangelizz\u00f2 [&hellip;]<\/p>\n","protected":false},"author":21,"featured_media":21150,"comment_status":"closed","ping_status":"closed","sticky":false,"template":"","format":"standard","meta":{"_mi_skip_tracking":false},"categories":[5],"tags":[],"_links":{"self":[{"href":"https:\/\/www.cssr.news\/italian\/wp-json\/wp\/v2\/posts\/21149"}],"collection":[{"href":"https:\/\/www.cssr.news\/italian\/wp-json\/wp\/v2\/posts"}],"about":[{"href":"https:\/\/www.cssr.news\/italian\/wp-json\/wp\/v2\/types\/post"}],"author":[{"embeddable":true,"href":"https:\/\/www.cssr.news\/italian\/wp-json\/wp\/v2\/users\/21"}],"replies":[{"embeddable":true,"href":"https:\/\/www.cssr.news\/italian\/wp-json\/wp\/v2\/comments?post=21149"}],"version-history":[{"count":2,"href":"https:\/\/www.cssr.news\/italian\/wp-json\/wp\/v2\/posts\/21149\/revisions"}],"predecessor-version":[{"id":21152,"href":"https:\/\/www.cssr.news\/italian\/wp-json\/wp\/v2\/posts\/21149\/revisions\/21152"}],"wp:featuredmedia":[{"embeddable":true,"href":"https:\/\/www.cssr.news\/italian\/wp-json\/wp\/v2\/media\/21150"}],"wp:attachment":[{"href":"https:\/\/www.cssr.news\/italian\/wp-json\/wp\/v2\/media?parent=21149"}],"wp:term":[{"taxonomy":"category","embeddable":true,"href":"https:\/\/www.cssr.news\/italian\/wp-json\/wp\/v2\/categories?post=21149"},{"taxonomy":"post_tag","embeddable":true,"href":"https:\/\/www.cssr.news\/italian\/wp-json\/wp\/v2\/tags?post=21149"}],"curies":[{"name":"wp","href":"https:\/\/api.w.org\/{rel}","templated":true}]}}