{"id":21236,"date":"2023-03-23T10:04:06","date_gmt":"2023-03-23T08:04:06","guid":{"rendered":"https:\/\/www.cssr.news\/italian\/?p=21236"},"modified":"2023-03-23T10:04:06","modified_gmt":"2023-03-23T08:04:06","slug":"professione-perpetua-e-ordinazione-diaconale-di-4-confratelli-celebrata-in-bolivia","status":"publish","type":"post","link":"https:\/\/www.cssr.news\/italian\/2023\/03\/professione-perpetua-e-ordinazione-diaconale-di-4-confratelli-celebrata-in-bolivia\/","title":{"rendered":"Professione perpetua e ordinazione diaconale di 4 confratelli celebrata in Bolivia"},"content":{"rendered":"\n<p class=\"has-text-align-right\">\u00abIl Figlio dell&#8217;uomo non \u00e8 venuto per essere servito, ma per servire\u00bb Mt 20,28<\/p>\n\n\n\n<p>La giornata del 18 marzo, \u00e8 stato un giorno di gioia e letizia per la nostra Congregazione del Santissimo Redentore, in particolare per la Provincia di Bolivia, Viceprovincia del Per\u00f9 Sud, Viceprovincia del Per\u00f9 Nord e Viceprovincia di Fortaleza (Brasile) per la professione perpetua e l&#8217;ordinazione diaconale dei nostri confratelli: <strong>Alex Rojas Solano, C.Ss.R.; Martin Javier Pulache Villegas, CSsR; Christian Rodriguez Mendez, C.Ss.R. e Itallo Cardoso di Olivera, C.Ss.R.; <\/strong>tenutosi presso la Parrocchia di Nostra Signora del Perpetuo Soccorso nella citt\u00e0 di Tarija (Bolivia).<\/p>\n\n\n\n<p>La professione perpetua, \u00e8 stata presieduta dal P. Prov. Boris Calzadilla Arteaga (Prov. de Bolivia), hanno concelebrato anche: Cesar Torres Pantoja (Viceprovinciale di Per\u00fa Sur), Juan Carlos Ortiz C\u00f3rdova (Viceprovinciale di Per\u00fa Norte) e P. Julio Ferreira de Souza (Viceprovinciale di Fortaleza), c&#8217;erano anche altri sacerdoti.<\/p>\n\n\n\n<figure class=\"wp-block-gallery columns-3 is-cropped\"><ul class=\"blocks-gallery-grid\"><li class=\"blocks-gallery-item\"><figure><a href=\"http:\/\/www.cssr.news\/italian\/wp-content\/uploads\/sites\/2\/2023\/03\/sn2023-0318-bolivia01.jpeg\"><img width=\"1024\" height=\"768\" src=\"http:\/\/www.cssr.news\/italian\/wp-content\/uploads\/sites\/2\/2023\/03\/sn2023-0318-bolivia01-1024x768.jpeg\" alt=\"\" data-id=\"21242\" data-full-url=\"http:\/\/www.cssr.news\/italian\/wp-content\/uploads\/sites\/2\/2023\/03\/sn2023-0318-bolivia01.jpeg\" data-link=\"https:\/\/www.cssr.news\/italian\/?attachment_id=21242\" class=\"wp-image-21242\" srcset=\"https:\/\/www.cssr.news\/italian\/wp-content\/uploads\/sites\/2\/2023\/03\/sn2023-0318-bolivia01-1024x768.jpeg 1024w, https:\/\/www.cssr.news\/italian\/wp-content\/uploads\/sites\/2\/2023\/03\/sn2023-0318-bolivia01-300x225.jpeg 300w, https:\/\/www.cssr.news\/italian\/wp-content\/uploads\/sites\/2\/2023\/03\/sn2023-0318-bolivia01-768x576.jpeg 768w, https:\/\/www.cssr.news\/italian\/wp-content\/uploads\/sites\/2\/2023\/03\/sn2023-0318-bolivia01-80x60.jpeg 80w, https:\/\/www.cssr.news\/italian\/wp-content\/uploads\/sites\/2\/2023\/03\/sn2023-0318-bolivia01-265x198.jpeg 265w, https:\/\/www.cssr.news\/italian\/wp-content\/uploads\/sites\/2\/2023\/03\/sn2023-0318-bolivia01-696x522.jpeg 696w, https:\/\/www.cssr.news\/italian\/wp-content\/uploads\/sites\/2\/2023\/03\/sn2023-0318-bolivia01-1068x801.jpeg 1068w, https:\/\/www.cssr.news\/italian\/wp-content\/uploads\/sites\/2\/2023\/03\/sn2023-0318-bolivia01-560x420.jpeg 560w, https:\/\/www.cssr.news\/italian\/wp-content\/uploads\/sites\/2\/2023\/03\/sn2023-0318-bolivia01.jpeg 1280w\" sizes=\"(max-width: 1024px) 100vw, 1024px\" \/><\/a><\/figure><\/li><li class=\"blocks-gallery-item\"><figure><a href=\"http:\/\/www.cssr.news\/italian\/wp-content\/uploads\/sites\/2\/2023\/03\/sn2023-0318-bolivia02.jpeg\"><img width=\"768\" height=\"1024\" src=\"http:\/\/www.cssr.news\/italian\/wp-content\/uploads\/sites\/2\/2023\/03\/sn2023-0318-bolivia02-768x1024.jpeg\" alt=\"\" data-id=\"21241\" data-full-url=\"http:\/\/www.cssr.news\/italian\/wp-content\/uploads\/sites\/2\/2023\/03\/sn2023-0318-bolivia02.jpeg\" data-link=\"https:\/\/www.cssr.news\/italian\/?attachment_id=21241\" class=\"wp-image-21241\" srcset=\"https:\/\/www.cssr.news\/italian\/wp-content\/uploads\/sites\/2\/2023\/03\/sn2023-0318-bolivia02-768x1024.jpeg 768w, https:\/\/www.cssr.news\/italian\/wp-content\/uploads\/sites\/2\/2023\/03\/sn2023-0318-bolivia02-225x300.jpeg 225w, https:\/\/www.cssr.news\/italian\/wp-content\/uploads\/sites\/2\/2023\/03\/sn2023-0318-bolivia02-696x928.jpeg 696w, https:\/\/www.cssr.news\/italian\/wp-content\/uploads\/sites\/2\/2023\/03\/sn2023-0318-bolivia02-315x420.jpeg 315w, https:\/\/www.cssr.news\/italian\/wp-content\/uploads\/sites\/2\/2023\/03\/sn2023-0318-bolivia02.jpeg 960w\" sizes=\"(max-width: 768px) 100vw, 768px\" \/><\/a><\/figure><\/li><li class=\"blocks-gallery-item\"><figure><a href=\"http:\/\/www.cssr.news\/italian\/wp-content\/uploads\/sites\/2\/2023\/03\/sn2023-0318-bolivia03.jpeg\"><img width=\"1024\" height=\"768\" src=\"http:\/\/www.cssr.news\/italian\/wp-content\/uploads\/sites\/2\/2023\/03\/sn2023-0318-bolivia03-1024x768.jpeg\" alt=\"\" data-id=\"21240\" data-full-url=\"http:\/\/www.cssr.news\/italian\/wp-content\/uploads\/sites\/2\/2023\/03\/sn2023-0318-bolivia03.jpeg\" data-link=\"https:\/\/www.cssr.news\/italian\/?attachment_id=21240\" class=\"wp-image-21240\" srcset=\"https:\/\/www.cssr.news\/italian\/wp-content\/uploads\/sites\/2\/2023\/03\/sn2023-0318-bolivia03-1024x768.jpeg 1024w, https:\/\/www.cssr.news\/italian\/wp-content\/uploads\/sites\/2\/2023\/03\/sn2023-0318-bolivia03-300x225.jpeg 300w, https:\/\/www.cssr.news\/italian\/wp-content\/uploads\/sites\/2\/2023\/03\/sn2023-0318-bolivia03-768x576.jpeg 768w, https:\/\/www.cssr.news\/italian\/wp-content\/uploads\/sites\/2\/2023\/03\/sn2023-0318-bolivia03-80x60.jpeg 80w, https:\/\/www.cssr.news\/italian\/wp-content\/uploads\/sites\/2\/2023\/03\/sn2023-0318-bolivia03-265x198.jpeg 265w, https:\/\/www.cssr.news\/italian\/wp-content\/uploads\/sites\/2\/2023\/03\/sn2023-0318-bolivia03-696x522.jpeg 696w, https:\/\/www.cssr.news\/italian\/wp-content\/uploads\/sites\/2\/2023\/03\/sn2023-0318-bolivia03-1068x801.jpeg 1068w, https:\/\/www.cssr.news\/italian\/wp-content\/uploads\/sites\/2\/2023\/03\/sn2023-0318-bolivia03-560x420.jpeg 560w, https:\/\/www.cssr.news\/italian\/wp-content\/uploads\/sites\/2\/2023\/03\/sn2023-0318-bolivia03.jpeg 1280w\" sizes=\"(max-width: 1024px) 100vw, 1024px\" \/><\/a><\/figure><\/li><\/ul><\/figure>\n\n\n\n<p>La professione perpetua pu\u00f2 essere sintetizzata nella formula della professione che i candidati emettono davanti all Provinciale o al Viceprovinciale, esprimendo il loro consenso e la loro volont\u00e0 davanti a Dio: <em>\u201cVivere liberamente la vita, sigillati nei consigli evangelici, emettendo i voti di castit\u00e0 per tutta la vita, povert\u00e0 e obbedienza, e anche voto e giuramento di perseveranza, secondo la natura e le norme della Congregazione del Santissimo Redentore\u201d<\/em>. La nostra preghiera \u00e8 il nostro miglior dono ai nostri fratelli, perch\u00e9 la grazia di Dio li accompagni e cos\u00ec possano vivere pienamente la loro consacrazione.<\/p>\n\n\n\n<p>Allo stesso modo, domenica 19 marzo, \u00e8 stata celebrata l&#8217;ordinazione diaconale, presieduta da mons. Jorge \u00c1ngel Sald\u00edas Pedraza, vescovo della diocesi di Tarija. In questa solenne celebrazione, Mons. Jorge Sald\u00edas si \u00e8 rivolto ai 4 confratelli nell&#8217;omelia con queste parole: <em>&#8220;Saranno servi di Cristo, sull&#8217;esempio di Colui &#8220;che non \u00e8 venuto per essere servito, ma per servire&#8221; Mt 20,28, con generosit\u00e0, disponibilit\u00e0, ascolto, dialogo. Ma perch\u00e9? Come abbiamo sentito nel vangelo, per aiutare gli altri a trovare la luce della Vita che \u00e8 Ges\u00f9 Cristo. Possiate, con la vostra vita, la vostra testimonianza, la vostra predicazione, aiutare le famiglie a trovare quella Luce, e cos\u00ec fare crescere frutti di bont\u00e0\u201d.<\/em><\/p>\n\n\n\n<figure class=\"wp-block-gallery columns-2 is-cropped\"><ul class=\"blocks-gallery-grid\"><li class=\"blocks-gallery-item\"><figure><a href=\"http:\/\/www.cssr.news\/italian\/wp-content\/uploads\/sites\/2\/2023\/03\/sn2023-0319-bolivia02.jpeg\"><img width=\"1024\" height=\"682\" src=\"http:\/\/www.cssr.news\/italian\/wp-content\/uploads\/sites\/2\/2023\/03\/sn2023-0319-bolivia02-1024x682.jpeg\" alt=\"\" data-id=\"21238\" data-full-url=\"http:\/\/www.cssr.news\/italian\/wp-content\/uploads\/sites\/2\/2023\/03\/sn2023-0319-bolivia02.jpeg\" data-link=\"https:\/\/www.cssr.news\/italian\/?attachment_id=21238\" class=\"wp-image-21238\" srcset=\"https:\/\/www.cssr.news\/italian\/wp-content\/uploads\/sites\/2\/2023\/03\/sn2023-0319-bolivia02-1024x682.jpeg 1024w, https:\/\/www.cssr.news\/italian\/wp-content\/uploads\/sites\/2\/2023\/03\/sn2023-0319-bolivia02-300x200.jpeg 300w, https:\/\/www.cssr.news\/italian\/wp-content\/uploads\/sites\/2\/2023\/03\/sn2023-0319-bolivia02-768x512.jpeg 768w, https:\/\/www.cssr.news\/italian\/wp-content\/uploads\/sites\/2\/2023\/03\/sn2023-0319-bolivia02-1536x1023.jpeg 1536w, https:\/\/www.cssr.news\/italian\/wp-content\/uploads\/sites\/2\/2023\/03\/sn2023-0319-bolivia02-696x464.jpeg 696w, https:\/\/www.cssr.news\/italian\/wp-content\/uploads\/sites\/2\/2023\/03\/sn2023-0319-bolivia02-1068x712.jpeg 1068w, https:\/\/www.cssr.news\/italian\/wp-content\/uploads\/sites\/2\/2023\/03\/sn2023-0319-bolivia02-630x420.jpeg 630w, https:\/\/www.cssr.news\/italian\/wp-content\/uploads\/sites\/2\/2023\/03\/sn2023-0319-bolivia02.jpeg 1600w\" sizes=\"(max-width: 1024px) 100vw, 1024px\" \/><\/a><\/figure><\/li><li class=\"blocks-gallery-item\"><figure><a href=\"http:\/\/www.cssr.news\/italian\/wp-content\/uploads\/sites\/2\/2023\/03\/sn2023-0319-bolivia01.jpeg\"><img width=\"1024\" height=\"682\" src=\"http:\/\/www.cssr.news\/italian\/wp-content\/uploads\/sites\/2\/2023\/03\/sn2023-0319-bolivia01-1024x682.jpeg\" alt=\"\" data-id=\"21237\" data-full-url=\"http:\/\/www.cssr.news\/italian\/wp-content\/uploads\/sites\/2\/2023\/03\/sn2023-0319-bolivia01.jpeg\" data-link=\"https:\/\/www.cssr.news\/italian\/?attachment_id=21237\" class=\"wp-image-21237\" srcset=\"https:\/\/www.cssr.news\/italian\/wp-content\/uploads\/sites\/2\/2023\/03\/sn2023-0319-bolivia01-1024x682.jpeg 1024w, https:\/\/www.cssr.news\/italian\/wp-content\/uploads\/sites\/2\/2023\/03\/sn2023-0319-bolivia01-300x200.jpeg 300w, https:\/\/www.cssr.news\/italian\/wp-content\/uploads\/sites\/2\/2023\/03\/sn2023-0319-bolivia01-768x512.jpeg 768w, https:\/\/www.cssr.news\/italian\/wp-content\/uploads\/sites\/2\/2023\/03\/sn2023-0319-bolivia01-1536x1023.jpeg 1536w, https:\/\/www.cssr.news\/italian\/wp-content\/uploads\/sites\/2\/2023\/03\/sn2023-0319-bolivia01-696x464.jpeg 696w, https:\/\/www.cssr.news\/italian\/wp-content\/uploads\/sites\/2\/2023\/03\/sn2023-0319-bolivia01-1068x712.jpeg 1068w, https:\/\/www.cssr.news\/italian\/wp-content\/uploads\/sites\/2\/2023\/03\/sn2023-0319-bolivia01-630x420.jpeg 630w, https:\/\/www.cssr.news\/italian\/wp-content\/uploads\/sites\/2\/2023\/03\/sn2023-0319-bolivia01.jpeg 1600w\" sizes=\"(max-width: 1024px) 100vw, 1024px\" \/><\/a><\/figure><\/li><\/ul><\/figure>\n\n\n\n<p>Di tanti segni importanti nella celebrazione, quali: la presentazione del Padre Provinciale al Vescovo, la manifestazione della loro volont\u00e0 dei candidati davanti al Vescovo, la promessa di obbedienza al Vescovo diocesano, la preghiera di intersezione (litanie) , Nella predicazione profetica del Vangelo, si pu\u00f2 mettere in rilievo la preghiera dopo l&#8217;imposizione delle mani: <em>Manda su di loro lo Spirito Santo perch\u00e9, rafforzati dalla tua grazia dei sette doni, svolgano fedelmente il loro ministero.<\/em> Il loro ministero si manifesta nel servizio a Dio presso l&#8217;altare e nel servizio al popolo nella preghiera e nella carit\u00e0.<\/p>\n\n\n\n<p>Ringraziamo Dio per la professione perpetua e il ministero diaconale di questi nostri confratelli, che affidiamo alle vostre preghiere perch\u00e9 vivano fedelmente la vocazione ricevuta.<\/p>\n\n\n\n<p class=\"has-text-align-right\"><em>Fratello RONALD AGAPITO BOLIVAR APARICIO CSsR<\/em><\/p>\n","protected":false},"excerpt":{"rendered":"<p>\u00abIl Figlio dell&#8217;uomo non \u00e8 venuto per essere servito, ma per servire\u00bb Mt 20,28 La giornata del 18 marzo, \u00e8 stato un giorno di gioia e letizia per la nostra Congregazione del Santissimo Redentore, in particolare per la Provincia di Bolivia, Viceprovincia del Per\u00f9 Sud, Viceprovincia del Per\u00f9 Nord e Viceprovincia di Fortaleza (Brasile) per [&hellip;]<\/p>\n","protected":false},"author":3,"featured_media":21239,"comment_status":"closed","ping_status":"closed","sticky":false,"template":"","format":"standard","meta":{"_mi_skip_tracking":false},"categories":[14],"tags":[],"_links":{"self":[{"href":"https:\/\/www.cssr.news\/italian\/wp-json\/wp\/v2\/posts\/21236"}],"collection":[{"href":"https:\/\/www.cssr.news\/italian\/wp-json\/wp\/v2\/posts"}],"about":[{"href":"https:\/\/www.cssr.news\/italian\/wp-json\/wp\/v2\/types\/post"}],"author":[{"embeddable":true,"href":"https:\/\/www.cssr.news\/italian\/wp-json\/wp\/v2\/users\/3"}],"replies":[{"embeddable":true,"href":"https:\/\/www.cssr.news\/italian\/wp-json\/wp\/v2\/comments?post=21236"}],"version-history":[{"count":1,"href":"https:\/\/www.cssr.news\/italian\/wp-json\/wp\/v2\/posts\/21236\/revisions"}],"predecessor-version":[{"id":21243,"href":"https:\/\/www.cssr.news\/italian\/wp-json\/wp\/v2\/posts\/21236\/revisions\/21243"}],"wp:featuredmedia":[{"embeddable":true,"href":"https:\/\/www.cssr.news\/italian\/wp-json\/wp\/v2\/media\/21239"}],"wp:attachment":[{"href":"https:\/\/www.cssr.news\/italian\/wp-json\/wp\/v2\/media?parent=21236"}],"wp:term":[{"taxonomy":"category","embeddable":true,"href":"https:\/\/www.cssr.news\/italian\/wp-json\/wp\/v2\/categories?post=21236"},{"taxonomy":"post_tag","embeddable":true,"href":"https:\/\/www.cssr.news\/italian\/wp-json\/wp\/v2\/tags?post=21236"}],"curies":[{"name":"wp","href":"https:\/\/api.w.org\/{rel}","templated":true}]}}