{"id":21278,"date":"2023-03-27T10:13:49","date_gmt":"2023-03-27T08:13:49","guid":{"rendered":"https:\/\/www.cssr.news\/italian\/?p=21278"},"modified":"2023-03-27T10:13:49","modified_gmt":"2023-03-27T08:13:49","slug":"la-provincia-redentorista-di-sao-paulo-celebra-il-diaconato-di-jonathan-antonio","status":"publish","type":"post","link":"https:\/\/www.cssr.news\/italian\/2023\/03\/la-provincia-redentorista-di-sao-paulo-celebra-il-diaconato-di-jonathan-antonio\/","title":{"rendered":"La Provincia Redentorista di S\u00e3o Paulo celebra il diaconato di Jonathan Ant\u00f4nio"},"content":{"rendered":"\n<p>La Provincia Redentorista di S\u00e3o Paulo ha celebrato questo sabato scorso 25 marzo, presso il Seminario Redentorista Santo Afonso, ad Aparecida (SP), l&#8217;Ordinazione Diaconale di Jonathan Ant\u00f4nio da Silva, C.Ss.R. Il giovane, nato a Formiga (MG) ha scelto come motto: \u201cBeati i misericordiosi, perch\u00e9 troveranno misericordia\u201d (Mt 5,7).<\/p>\n\n\n\n<p>Venerd\u00ec 24 marzo, sempre al Seminario Santo Afonso, Jonathan ha emesso i voti perpetui, in una celebrazione presieduta da p. Marlos Aur\u00e9lio, C.Ss.R, Superiore Provinciale della Provincia di S\u00e3o Paulo.<\/p>\n\n\n\n<p>Sabato, in una celebrazione trasmessa sul canale YouTube dei Redentoristi di San Paolo, la Celebrazione Eucaristica dell&#8217;Ordinazione Diaconale \u00e8 stata presieduta dal Vescovo Emerito di Coari  e Missionario Redentorista, Dom Jo\u00e9rcio Gon\u00e7alves Pereira, C.Ss.R. Hanno concelebrato i sacerdoti redentoristi Arcangelo Valdevino dos Santos, Marlos Aur\u00e9lio e Pedro Paulo Dal B\u00f3, oltre al parroco della Parrocchia San Paolo Apostolo, di Formiga (MG), p. Daniel Luiz Rodriguez.<\/p>\n\n\n\n<figure class=\"wp-block-gallery columns-3 is-cropped\"><ul class=\"blocks-gallery-grid\"><li class=\"blocks-gallery-item\"><figure><a href=\"http:\/\/www.cssr.news\/italian\/wp-content\/uploads\/sites\/2\/2023\/03\/sn2023-0325-brasil03.jpg\"><img width=\"1024\" height=\"675\" src=\"http:\/\/www.cssr.news\/italian\/wp-content\/uploads\/sites\/2\/2023\/03\/sn2023-0325-brasil03-1024x675.jpg\" alt=\"\" data-id=\"21281\" data-full-url=\"http:\/\/www.cssr.news\/italian\/wp-content\/uploads\/sites\/2\/2023\/03\/sn2023-0325-brasil03.jpg\" data-link=\"https:\/\/www.cssr.news\/italian\/?attachment_id=21281\" class=\"wp-image-21281\" srcset=\"https:\/\/www.cssr.news\/italian\/wp-content\/uploads\/sites\/2\/2023\/03\/sn2023-0325-brasil03-1024x675.jpg 1024w, https:\/\/www.cssr.news\/italian\/wp-content\/uploads\/sites\/2\/2023\/03\/sn2023-0325-brasil03-300x198.jpg 300w, https:\/\/www.cssr.news\/italian\/wp-content\/uploads\/sites\/2\/2023\/03\/sn2023-0325-brasil03-768x507.jpg 768w, https:\/\/www.cssr.news\/italian\/wp-content\/uploads\/sites\/2\/2023\/03\/sn2023-0325-brasil03-696x459.jpg 696w, https:\/\/www.cssr.news\/italian\/wp-content\/uploads\/sites\/2\/2023\/03\/sn2023-0325-brasil03-1068x704.jpg 1068w, https:\/\/www.cssr.news\/italian\/wp-content\/uploads\/sites\/2\/2023\/03\/sn2023-0325-brasil03-637x420.jpg 637w, https:\/\/www.cssr.news\/italian\/wp-content\/uploads\/sites\/2\/2023\/03\/sn2023-0325-brasil03.jpg 1166w\" sizes=\"(max-width: 1024px) 100vw, 1024px\" \/><\/a><\/figure><\/li><li class=\"blocks-gallery-item\"><figure><a href=\"http:\/\/www.cssr.news\/italian\/wp-content\/uploads\/sites\/2\/2023\/03\/sn2023-0325-brasil04.jpg\"><img width=\"399\" height=\"554\" src=\"http:\/\/www.cssr.news\/italian\/wp-content\/uploads\/sites\/2\/2023\/03\/sn2023-0325-brasil04.jpg\" alt=\"\" data-id=\"21280\" data-full-url=\"http:\/\/www.cssr.news\/italian\/wp-content\/uploads\/sites\/2\/2023\/03\/sn2023-0325-brasil04.jpg\" data-link=\"https:\/\/www.cssr.news\/italian\/?attachment_id=21280\" class=\"wp-image-21280\" srcset=\"https:\/\/www.cssr.news\/italian\/wp-content\/uploads\/sites\/2\/2023\/03\/sn2023-0325-brasil04.jpg 399w, https:\/\/www.cssr.news\/italian\/wp-content\/uploads\/sites\/2\/2023\/03\/sn2023-0325-brasil04-216x300.jpg 216w, https:\/\/www.cssr.news\/italian\/wp-content\/uploads\/sites\/2\/2023\/03\/sn2023-0325-brasil04-302x420.jpg 302w\" sizes=\"(max-width: 399px) 100vw, 399px\" \/><\/a><\/figure><\/li><li class=\"blocks-gallery-item\"><figure><a href=\"http:\/\/www.cssr.news\/italian\/wp-content\/uploads\/sites\/2\/2023\/03\/sn2023-0325-brasil05.jpg\"><img width=\"873\" height=\"569\" src=\"http:\/\/www.cssr.news\/italian\/wp-content\/uploads\/sites\/2\/2023\/03\/sn2023-0325-brasil05.jpg\" alt=\"\" data-id=\"21279\" data-full-url=\"http:\/\/www.cssr.news\/italian\/wp-content\/uploads\/sites\/2\/2023\/03\/sn2023-0325-brasil05.jpg\" data-link=\"https:\/\/www.cssr.news\/italian\/?attachment_id=21279\" class=\"wp-image-21279\" srcset=\"https:\/\/www.cssr.news\/italian\/wp-content\/uploads\/sites\/2\/2023\/03\/sn2023-0325-brasil05.jpg 873w, https:\/\/www.cssr.news\/italian\/wp-content\/uploads\/sites\/2\/2023\/03\/sn2023-0325-brasil05-300x196.jpg 300w, https:\/\/www.cssr.news\/italian\/wp-content\/uploads\/sites\/2\/2023\/03\/sn2023-0325-brasil05-768x501.jpg 768w, https:\/\/www.cssr.news\/italian\/wp-content\/uploads\/sites\/2\/2023\/03\/sn2023-0325-brasil05-696x454.jpg 696w, https:\/\/www.cssr.news\/italian\/wp-content\/uploads\/sites\/2\/2023\/03\/sn2023-0325-brasil05-644x420.jpg 644w\" sizes=\"(max-width: 873px) 100vw, 873px\" \/><\/a><\/figure><\/li><li class=\"blocks-gallery-item\"><figure><a href=\"http:\/\/www.cssr.news\/italian\/wp-content\/uploads\/sites\/2\/2023\/03\/sn2023-0325-brasil01.jpg\"><img width=\"1024\" height=\"627\" src=\"http:\/\/www.cssr.news\/italian\/wp-content\/uploads\/sites\/2\/2023\/03\/sn2023-0325-brasil01-1024x627.jpg\" alt=\"\" data-id=\"21283\" data-full-url=\"http:\/\/www.cssr.news\/italian\/wp-content\/uploads\/sites\/2\/2023\/03\/sn2023-0325-brasil01.jpg\" data-link=\"https:\/\/www.cssr.news\/italian\/?attachment_id=21283\" class=\"wp-image-21283\" srcset=\"https:\/\/www.cssr.news\/italian\/wp-content\/uploads\/sites\/2\/2023\/03\/sn2023-0325-brasil01-1024x627.jpg 1024w, https:\/\/www.cssr.news\/italian\/wp-content\/uploads\/sites\/2\/2023\/03\/sn2023-0325-brasil01-300x184.jpg 300w, https:\/\/www.cssr.news\/italian\/wp-content\/uploads\/sites\/2\/2023\/03\/sn2023-0325-brasil01-768x470.jpg 768w, https:\/\/www.cssr.news\/italian\/wp-content\/uploads\/sites\/2\/2023\/03\/sn2023-0325-brasil01-696x426.jpg 696w, https:\/\/www.cssr.news\/italian\/wp-content\/uploads\/sites\/2\/2023\/03\/sn2023-0325-brasil01-1068x654.jpg 1068w, https:\/\/www.cssr.news\/italian\/wp-content\/uploads\/sites\/2\/2023\/03\/sn2023-0325-brasil01-686x420.jpg 686w, https:\/\/www.cssr.news\/italian\/wp-content\/uploads\/sites\/2\/2023\/03\/sn2023-0325-brasil01.jpg 1112w\" sizes=\"(max-width: 1024px) 100vw, 1024px\" \/><\/a><\/figure><\/li><\/ul><\/figure>\n\n\n\n<p>Nella sua omelia, Dom Jo\u00e9rcio ha ricordato che siamo nell&#8217;Anno Vocazionale:<\/p>\n\n\n\n<p>\u201cSe siamo nel mondo, Dio affida a ciascuno di noi un compito, una missione. Ecco perch\u00e9 devi essere nel tuo posto migliore al mondo, producendo il meglio di te stesso. La vocazione \u00e8 fatica, impegno, donazione. Seguendo ci\u00f2 che Dio vuole da me, perch\u00e9 la vocazione \u00e8 sua, non mia. La nostra vocazione scaturisce dalla vocazione di Dio\u201d.<\/p>\n\n\n\n<p>Dom Jo\u00e9rcio ha ricordato il discorso di Jonathan durante i voti perpetui, rafforzando l&#8217;impegno di un diacono e anche di un missionario redentorista:<\/p>\n\n\n\n<p>\u201cLa bellezza di aver scelto la Congregazione Redentorista. Il carisma della nostra Congregazione: &#8216;Annunciare la buona novella ai poveri, agli abbandonati, ai dimenticati&#8217;. Ecco perch\u00e9 diventi un Missionario Redentorista della Speranza. La gente soffre gi\u00e0 tanto, ecco perch\u00e9 tu sei un Missionario della Speranza. Essere diacono non \u00e8 importante, la cosa pi\u00f9 importante \u00e8 essere santo. Non essere diacono, ma trovare l\u00ec il senso della sofferenza e del morire. Non per essere diacono, ma per essere portatore delle misericordie della buona novella della salvezza di Dio\u201d.<\/p>\n\n\n\n<p><a href=\"https:\/\/www.a12.com\/redentoristas\/noticias\/provincia-redentorista-de-sao-paulo-celebra-o-diaconato-de-jonathan-antonio\" data-type=\"URL\" data-id=\"https:\/\/www.a12.com\/redentoristas\/noticias\/provincia-redentorista-de-sao-paulo-celebra-o-diaconato-de-jonathan-antonio\" target=\"_blank\" rel=\"noreferrer noopener\"><strong>Si pu\u00f2 vedere il video e altre foto di questo evento qui nella pagina del portale a12.com<\/strong><\/a><\/p>\n","protected":false},"excerpt":{"rendered":"<p>La Provincia Redentorista di S\u00e3o Paulo ha celebrato questo sabato scorso 25 marzo, presso il Seminario Redentorista Santo Afonso, ad Aparecida (SP), l&#8217;Ordinazione Diaconale di Jonathan Ant\u00f4nio da Silva, C.Ss.R. Il giovane, nato a Formiga (MG) ha scelto come motto: \u201cBeati i misericordiosi, perch\u00e9 troveranno misericordia\u201d (Mt 5,7). Venerd\u00ec 24 marzo, sempre al Seminario Santo [&hellip;]<\/p>\n","protected":false},"author":3,"featured_media":21282,"comment_status":"closed","ping_status":"closed","sticky":false,"template":"","format":"standard","meta":{"_mi_skip_tracking":false},"categories":[14],"tags":[],"_links":{"self":[{"href":"https:\/\/www.cssr.news\/italian\/wp-json\/wp\/v2\/posts\/21278"}],"collection":[{"href":"https:\/\/www.cssr.news\/italian\/wp-json\/wp\/v2\/posts"}],"about":[{"href":"https:\/\/www.cssr.news\/italian\/wp-json\/wp\/v2\/types\/post"}],"author":[{"embeddable":true,"href":"https:\/\/www.cssr.news\/italian\/wp-json\/wp\/v2\/users\/3"}],"replies":[{"embeddable":true,"href":"https:\/\/www.cssr.news\/italian\/wp-json\/wp\/v2\/comments?post=21278"}],"version-history":[{"count":1,"href":"https:\/\/www.cssr.news\/italian\/wp-json\/wp\/v2\/posts\/21278\/revisions"}],"predecessor-version":[{"id":21284,"href":"https:\/\/www.cssr.news\/italian\/wp-json\/wp\/v2\/posts\/21278\/revisions\/21284"}],"wp:featuredmedia":[{"embeddable":true,"href":"https:\/\/www.cssr.news\/italian\/wp-json\/wp\/v2\/media\/21282"}],"wp:attachment":[{"href":"https:\/\/www.cssr.news\/italian\/wp-json\/wp\/v2\/media?parent=21278"}],"wp:term":[{"taxonomy":"category","embeddable":true,"href":"https:\/\/www.cssr.news\/italian\/wp-json\/wp\/v2\/categories?post=21278"},{"taxonomy":"post_tag","embeddable":true,"href":"https:\/\/www.cssr.news\/italian\/wp-json\/wp\/v2\/tags?post=21278"}],"curies":[{"name":"wp","href":"https:\/\/api.w.org\/{rel}","templated":true}]}}