{"id":21583,"date":"2023-05-03T11:14:00","date_gmt":"2023-05-03T09:14:00","guid":{"rendered":"https:\/\/www.cssr.news\/italian\/?p=21583"},"modified":"2023-05-04T07:22:09","modified_gmt":"2023-05-04T05:22:09","slug":"investitura-dei-novizi-in-ghana","status":"publish","type":"post","link":"https:\/\/www.cssr.news\/italian\/2023\/05\/investitura-dei-novizi-in-ghana\/","title":{"rendered":"Investitura dei novizi in Ghana"},"content":{"rendered":"\n<p>Sul memoriale di S. Athanasius, la Vice-Provincia Redentorista D&#8217;Afrique de L&#8217;Ouest e la Vice-Provincia della Nigeria si sono rallegrati quando sette Novizi Redentoristi sono stati investiti nell&#8217;abito marted\u00ec 2 maggio 2023, presso la Comunit\u00e0 del Noviziato Comune, Ghana (Ejisu-Kubease). \u00c8 stato un momento molto particolare del loro cammino vocazionale. Dopo aver trascorso alcuni mesi in noviziato con il loro maestro dei novizi, \u00e8 stata data loro una \u201cIdentit\u00e0\u201d dei Redentoristi come nostri fratelli, decretando la loro vocazione religiosa.<\/p>\n\n\n\n<p>Nell&#8217;omelia il rev p. SEYDOU Ibrahim, il Vicario (Vice-Provinciale) dei Redentoristi dell&#8217;Afrique de l&#8217;Ouest, che ha presieduto la Celebrazione Eucaristica, ha invitato i Sette Novizi che sono stati rivestiti dell&#8217;Abito Redentorista a non dimenticare &#8220;Chi sono&#8221; come Redentoristi. Ha aggiunto che la nostra identit\u00e0 di Redentoristi ci aiuta a sapere da dove veniamo, chi siamo e dove stiamo andando. Infine, ha detto che indossando l&#8217;abito del Redentorista, indossano Cristo stesso.<\/p>\n\n\n\n<figure class=\"wp-block-gallery columns-3 is-cropped\"><ul class=\"blocks-gallery-grid\"><li class=\"blocks-gallery-item\"><figure><a href=\"http:\/\/www.cssr.news\/italian\/wp-content\/uploads\/sites\/2\/2023\/05\/sn2023-0503-ghana2.jpg\"><img width=\"1024\" height=\"539\" src=\"http:\/\/www.cssr.news\/italian\/wp-content\/uploads\/sites\/2\/2023\/05\/sn2023-0503-ghana2-1024x539.jpg\" alt=\"\" data-id=\"21589\" data-full-url=\"http:\/\/www.cssr.news\/italian\/wp-content\/uploads\/sites\/2\/2023\/05\/sn2023-0503-ghana2.jpg\" data-link=\"https:\/\/www.cssr.news\/italian\/?attachment_id=21589\" class=\"wp-image-21589\" srcset=\"https:\/\/www.cssr.news\/italian\/wp-content\/uploads\/sites\/2\/2023\/05\/sn2023-0503-ghana2-1024x539.jpg 1024w, https:\/\/www.cssr.news\/italian\/wp-content\/uploads\/sites\/2\/2023\/05\/sn2023-0503-ghana2-300x158.jpg 300w, https:\/\/www.cssr.news\/italian\/wp-content\/uploads\/sites\/2\/2023\/05\/sn2023-0503-ghana2-768x404.jpg 768w, https:\/\/www.cssr.news\/italian\/wp-content\/uploads\/sites\/2\/2023\/05\/sn2023-0503-ghana2-696x366.jpg 696w, https:\/\/www.cssr.news\/italian\/wp-content\/uploads\/sites\/2\/2023\/05\/sn2023-0503-ghana2-1068x562.jpg 1068w, https:\/\/www.cssr.news\/italian\/wp-content\/uploads\/sites\/2\/2023\/05\/sn2023-0503-ghana2-798x420.jpg 798w, https:\/\/www.cssr.news\/italian\/wp-content\/uploads\/sites\/2\/2023\/05\/sn2023-0503-ghana2.jpg 1434w\" sizes=\"(max-width: 1024px) 100vw, 1024px\" \/><\/a><\/figure><\/li><li class=\"blocks-gallery-item\"><figure><a href=\"http:\/\/www.cssr.news\/italian\/wp-content\/uploads\/sites\/2\/2023\/05\/sn2023-0503-ghana3.jpg\"><img width=\"1024\" height=\"521\" src=\"http:\/\/www.cssr.news\/italian\/wp-content\/uploads\/sites\/2\/2023\/05\/sn2023-0503-ghana3-1024x521.jpg\" alt=\"\" data-id=\"21588\" data-full-url=\"http:\/\/www.cssr.news\/italian\/wp-content\/uploads\/sites\/2\/2023\/05\/sn2023-0503-ghana3.jpg\" data-link=\"https:\/\/www.cssr.news\/italian\/?attachment_id=21588\" class=\"wp-image-21588\" srcset=\"https:\/\/www.cssr.news\/italian\/wp-content\/uploads\/sites\/2\/2023\/05\/sn2023-0503-ghana3-1024x521.jpg 1024w, https:\/\/www.cssr.news\/italian\/wp-content\/uploads\/sites\/2\/2023\/05\/sn2023-0503-ghana3-300x153.jpg 300w, https:\/\/www.cssr.news\/italian\/wp-content\/uploads\/sites\/2\/2023\/05\/sn2023-0503-ghana3-768x391.jpg 768w, https:\/\/www.cssr.news\/italian\/wp-content\/uploads\/sites\/2\/2023\/05\/sn2023-0503-ghana3-696x354.jpg 696w, https:\/\/www.cssr.news\/italian\/wp-content\/uploads\/sites\/2\/2023\/05\/sn2023-0503-ghana3-1068x543.jpg 1068w, https:\/\/www.cssr.news\/italian\/wp-content\/uploads\/sites\/2\/2023\/05\/sn2023-0503-ghana3-826x420.jpg 826w, https:\/\/www.cssr.news\/italian\/wp-content\/uploads\/sites\/2\/2023\/05\/sn2023-0503-ghana3.jpg 1093w\" sizes=\"(max-width: 1024px) 100vw, 1024px\" \/><\/a><\/figure><\/li><li class=\"blocks-gallery-item\"><figure><a href=\"http:\/\/www.cssr.news\/italian\/wp-content\/uploads\/sites\/2\/2023\/05\/sn2023-0503-ghana4.jpg\"><img width=\"1024\" height=\"575\" src=\"http:\/\/www.cssr.news\/italian\/wp-content\/uploads\/sites\/2\/2023\/05\/sn2023-0503-ghana4-1024x575.jpg\" alt=\"\" data-id=\"21587\" data-full-url=\"http:\/\/www.cssr.news\/italian\/wp-content\/uploads\/sites\/2\/2023\/05\/sn2023-0503-ghana4.jpg\" data-link=\"https:\/\/www.cssr.news\/italian\/?attachment_id=21587\" class=\"wp-image-21587\" srcset=\"https:\/\/www.cssr.news\/italian\/wp-content\/uploads\/sites\/2\/2023\/05\/sn2023-0503-ghana4-1024x575.jpg 1024w, https:\/\/www.cssr.news\/italian\/wp-content\/uploads\/sites\/2\/2023\/05\/sn2023-0503-ghana4-300x169.jpg 300w, https:\/\/www.cssr.news\/italian\/wp-content\/uploads\/sites\/2\/2023\/05\/sn2023-0503-ghana4-768x431.jpg 768w, https:\/\/www.cssr.news\/italian\/wp-content\/uploads\/sites\/2\/2023\/05\/sn2023-0503-ghana4-696x391.jpg 696w, https:\/\/www.cssr.news\/italian\/wp-content\/uploads\/sites\/2\/2023\/05\/sn2023-0503-ghana4-1068x600.jpg 1068w, https:\/\/www.cssr.news\/italian\/wp-content\/uploads\/sites\/2\/2023\/05\/sn2023-0503-ghana4-748x420.jpg 748w, https:\/\/www.cssr.news\/italian\/wp-content\/uploads\/sites\/2\/2023\/05\/sn2023-0503-ghana4.jpg 1116w\" sizes=\"(max-width: 1024px) 100vw, 1024px\" \/><\/a><\/figure><\/li><\/ul><\/figure>\n\n\n\n<p>La celebrazione \u00e8 stata allietata dalla presenza di alcuni membri del nostro Consiglio e del Corpo studentesco, venuti a pregare e celebrare con i nostri novizi in questa occasione speciale. Dopo la Celebrazione, il Superiore della Comunit\u00e0, Rev. P. Pascal Wendpuire Tiendrebeogo C.Ss.R., ha ringraziato p. Ibrahim per aver accettato di officiare questa grande e memorabile occasione.<\/p>\n\n\n\n<p>Come di consueto, dopo la Messa, i novizi appena investiti sono stati al centro della celebrazione e sono stati cos\u00ec raggiunti da altri per servizi fotografici in cui tutti hanno brillato di ampi sorrisi \u2013 tutto a maggior gloria di Dio!<\/p>\n\n\n\n<figure class=\"wp-block-gallery columns-3 is-cropped\"><ul class=\"blocks-gallery-grid\"><li class=\"blocks-gallery-item\"><figure><a href=\"http:\/\/www.cssr.news\/italian\/wp-content\/uploads\/sites\/2\/2023\/05\/sn2023-0503-ghana5.jpg\"><img width=\"504\" height=\"680\" src=\"http:\/\/www.cssr.news\/italian\/wp-content\/uploads\/sites\/2\/2023\/05\/sn2023-0503-ghana5.jpg\" alt=\"\" data-id=\"21586\" data-full-url=\"http:\/\/www.cssr.news\/italian\/wp-content\/uploads\/sites\/2\/2023\/05\/sn2023-0503-ghana5.jpg\" data-link=\"https:\/\/www.cssr.news\/italian\/?attachment_id=21586\" class=\"wp-image-21586\" srcset=\"https:\/\/www.cssr.news\/italian\/wp-content\/uploads\/sites\/2\/2023\/05\/sn2023-0503-ghana5.jpg 504w, https:\/\/www.cssr.news\/italian\/wp-content\/uploads\/sites\/2\/2023\/05\/sn2023-0503-ghana5-222x300.jpg 222w, https:\/\/www.cssr.news\/italian\/wp-content\/uploads\/sites\/2\/2023\/05\/sn2023-0503-ghana5-311x420.jpg 311w\" sizes=\"(max-width: 504px) 100vw, 504px\" \/><\/a><\/figure><\/li><li class=\"blocks-gallery-item\"><figure><a href=\"http:\/\/www.cssr.news\/italian\/wp-content\/uploads\/sites\/2\/2023\/05\/sn2023-0503-ghana6.jpg\"><img width=\"752\" height=\"527\" src=\"http:\/\/www.cssr.news\/italian\/wp-content\/uploads\/sites\/2\/2023\/05\/sn2023-0503-ghana6.jpg\" alt=\"\" data-id=\"21585\" data-full-url=\"http:\/\/www.cssr.news\/italian\/wp-content\/uploads\/sites\/2\/2023\/05\/sn2023-0503-ghana6.jpg\" data-link=\"https:\/\/www.cssr.news\/italian\/?attachment_id=21585\" class=\"wp-image-21585\" srcset=\"https:\/\/www.cssr.news\/italian\/wp-content\/uploads\/sites\/2\/2023\/05\/sn2023-0503-ghana6.jpg 752w, https:\/\/www.cssr.news\/italian\/wp-content\/uploads\/sites\/2\/2023\/05\/sn2023-0503-ghana6-300x210.jpg 300w, https:\/\/www.cssr.news\/italian\/wp-content\/uploads\/sites\/2\/2023\/05\/sn2023-0503-ghana6-100x70.jpg 100w, https:\/\/www.cssr.news\/italian\/wp-content\/uploads\/sites\/2\/2023\/05\/sn2023-0503-ghana6-696x488.jpg 696w, https:\/\/www.cssr.news\/italian\/wp-content\/uploads\/sites\/2\/2023\/05\/sn2023-0503-ghana6-599x420.jpg 599w\" sizes=\"(max-width: 752px) 100vw, 752px\" \/><\/a><\/figure><\/li><li class=\"blocks-gallery-item\"><figure><a href=\"http:\/\/www.cssr.news\/italian\/wp-content\/uploads\/sites\/2\/2023\/05\/sn2023-0503-ghana7.jpg\"><img width=\"913\" height=\"461\" src=\"http:\/\/www.cssr.news\/italian\/wp-content\/uploads\/sites\/2\/2023\/05\/sn2023-0503-ghana7.jpg\" alt=\"\" data-id=\"21584\" data-full-url=\"http:\/\/www.cssr.news\/italian\/wp-content\/uploads\/sites\/2\/2023\/05\/sn2023-0503-ghana7.jpg\" data-link=\"https:\/\/www.cssr.news\/italian\/?attachment_id=21584\" class=\"wp-image-21584\" srcset=\"https:\/\/www.cssr.news\/italian\/wp-content\/uploads\/sites\/2\/2023\/05\/sn2023-0503-ghana7.jpg 913w, https:\/\/www.cssr.news\/italian\/wp-content\/uploads\/sites\/2\/2023\/05\/sn2023-0503-ghana7-300x151.jpg 300w, https:\/\/www.cssr.news\/italian\/wp-content\/uploads\/sites\/2\/2023\/05\/sn2023-0503-ghana7-768x388.jpg 768w, https:\/\/www.cssr.news\/italian\/wp-content\/uploads\/sites\/2\/2023\/05\/sn2023-0503-ghana7-696x351.jpg 696w, https:\/\/www.cssr.news\/italian\/wp-content\/uploads\/sites\/2\/2023\/05\/sn2023-0503-ghana7-832x420.jpg 832w\" sizes=\"(max-width: 913px) 100vw, 913px\" \/><\/a><\/figure><\/li><\/ul><\/figure>\n\n\n\n<p>Ringraziamo tutti coloro che in modi diversi attraverso la preghiera e il sostegno continuano a camminare con i nostri fratelli. Ringraziamo p. Noel Eshikena C.Ss.R che \u00e8 stato il Maestro dei novizi dei nostri fratelli nel loro cammino spirituale per alcuni mesi prima della sua nomina a Vicario della Vice-Provincia della Nigeria. Ringraziamo anche P. OUASSA Minama Ghislain Martial (Maestro dei Novizi), per quanto sta facendo per il Noviziato qui in Ghana.<\/p>\n\n\n\n<p>Fratello Dennis Opoku Kusi, C.Ss.R.<\/p>\n","protected":false},"excerpt":{"rendered":"<p>Sul memoriale di S. Athanasius, la Vice-Provincia Redentorista D&#8217;Afrique de L&#8217;Ouest e la Vice-Provincia della Nigeria si sono rallegrati quando sette Novizi Redentoristi sono stati investiti nell&#8217;abito marted\u00ec 2 maggio 2023, presso la Comunit\u00e0 del Noviziato Comune, Ghana (Ejisu-Kubease). \u00c8 stato un momento molto particolare del loro cammino vocazionale. Dopo aver trascorso alcuni mesi in [&hellip;]<\/p>\n","protected":false},"author":3,"featured_media":21590,"comment_status":"closed","ping_status":"closed","sticky":false,"template":"","format":"standard","meta":{"_mi_skip_tracking":false},"categories":[14],"tags":[],"_links":{"self":[{"href":"https:\/\/www.cssr.news\/italian\/wp-json\/wp\/v2\/posts\/21583"}],"collection":[{"href":"https:\/\/www.cssr.news\/italian\/wp-json\/wp\/v2\/posts"}],"about":[{"href":"https:\/\/www.cssr.news\/italian\/wp-json\/wp\/v2\/types\/post"}],"author":[{"embeddable":true,"href":"https:\/\/www.cssr.news\/italian\/wp-json\/wp\/v2\/users\/3"}],"replies":[{"embeddable":true,"href":"https:\/\/www.cssr.news\/italian\/wp-json\/wp\/v2\/comments?post=21583"}],"version-history":[{"count":1,"href":"https:\/\/www.cssr.news\/italian\/wp-json\/wp\/v2\/posts\/21583\/revisions"}],"predecessor-version":[{"id":21591,"href":"https:\/\/www.cssr.news\/italian\/wp-json\/wp\/v2\/posts\/21583\/revisions\/21591"}],"wp:featuredmedia":[{"embeddable":true,"href":"https:\/\/www.cssr.news\/italian\/wp-json\/wp\/v2\/media\/21590"}],"wp:attachment":[{"href":"https:\/\/www.cssr.news\/italian\/wp-json\/wp\/v2\/media?parent=21583"}],"wp:term":[{"taxonomy":"category","embeddable":true,"href":"https:\/\/www.cssr.news\/italian\/wp-json\/wp\/v2\/categories?post=21583"},{"taxonomy":"post_tag","embeddable":true,"href":"https:\/\/www.cssr.news\/italian\/wp-json\/wp\/v2\/tags?post=21583"}],"curies":[{"name":"wp","href":"https:\/\/api.w.org\/{rel}","templated":true}]}}