{"id":21592,"date":"2023-05-03T11:23:00","date_gmt":"2023-05-03T09:23:00","guid":{"rendered":"https:\/\/www.cssr.news\/italian\/?p=21592"},"modified":"2023-05-04T07:30:21","modified_gmt":"2023-05-04T05:30:21","slug":"25-anni-di-presenza-delle-redentoristine-a-kiri-burkina-faso","status":"publish","type":"post","link":"https:\/\/www.cssr.news\/italian\/2023\/05\/25-anni-di-presenza-delle-redentoristine-a-kiri-burkina-faso\/","title":{"rendered":"25 anni di presenza delle Redentoristine a Kiri, Burkina Faso"},"content":{"rendered":"\n<p>Cari fratelli e sorelle, \u00e8 con grande gioia, fervore e preghiera che abbiamo vissuto oggi a Kiri, la celebrazione del 25\u00b0 anniversario dell&#8217;apertura del Monastero del Santissimo Redentore di Kiri a Bobo-Dioulasso.<\/p>\n\n\n\n<p>A questa celebrazione hanno partecipato le Redentoristine di Diabo, i Redentoristi della Vice Provincia dell&#8217;Africa Occidentale e i discepoli del Santissimo Redentore che sono laici associati alle Redentoristine, una dozzina di sacerdoti dell&#8217;Arcidiocesi di Bobo Dioulasso, religiosi e molti altri fedeli amici del Monastero di Kiri.<\/p>\n\n\n\n<figure class=\"wp-block-gallery columns-2 is-cropped\"><ul class=\"blocks-gallery-grid\"><li class=\"blocks-gallery-item\"><figure><a href=\"http:\/\/www.cssr.news\/italian\/wp-content\/uploads\/sites\/2\/2023\/05\/sn2023-0503-burkina2.jpg\"><img width=\"423\" height=\"317\" src=\"http:\/\/www.cssr.news\/italian\/wp-content\/uploads\/sites\/2\/2023\/05\/sn2023-0503-burkina2.jpg\" alt=\"\" data-id=\"21595\" data-full-url=\"http:\/\/www.cssr.news\/italian\/wp-content\/uploads\/sites\/2\/2023\/05\/sn2023-0503-burkina2.jpg\" data-link=\"https:\/\/www.cssr.news\/italian\/?attachment_id=21595\" class=\"wp-image-21595\" srcset=\"https:\/\/www.cssr.news\/italian\/wp-content\/uploads\/sites\/2\/2023\/05\/sn2023-0503-burkina2.jpg 423w, https:\/\/www.cssr.news\/italian\/wp-content\/uploads\/sites\/2\/2023\/05\/sn2023-0503-burkina2-300x225.jpg 300w, https:\/\/www.cssr.news\/italian\/wp-content\/uploads\/sites\/2\/2023\/05\/sn2023-0503-burkina2-80x60.jpg 80w, https:\/\/www.cssr.news\/italian\/wp-content\/uploads\/sites\/2\/2023\/05\/sn2023-0503-burkina2-265x198.jpg 265w\" sizes=\"(max-width: 423px) 100vw, 423px\" \/><\/a><\/figure><\/li><li class=\"blocks-gallery-item\"><figure><a href=\"http:\/\/www.cssr.news\/italian\/wp-content\/uploads\/sites\/2\/2023\/05\/sn2023-0503-burkina3.jpg\"><img width=\"605\" height=\"265\" src=\"http:\/\/www.cssr.news\/italian\/wp-content\/uploads\/sites\/2\/2023\/05\/sn2023-0503-burkina3.jpg\" alt=\"\" data-id=\"21594\" data-full-url=\"http:\/\/www.cssr.news\/italian\/wp-content\/uploads\/sites\/2\/2023\/05\/sn2023-0503-burkina3.jpg\" data-link=\"https:\/\/www.cssr.news\/italian\/?attachment_id=21594\" class=\"wp-image-21594\" srcset=\"https:\/\/www.cssr.news\/italian\/wp-content\/uploads\/sites\/2\/2023\/05\/sn2023-0503-burkina3.jpg 605w, https:\/\/www.cssr.news\/italian\/wp-content\/uploads\/sites\/2\/2023\/05\/sn2023-0503-burkina3-300x131.jpg 300w\" sizes=\"(max-width: 605px) 100vw, 605px\" \/><\/a><\/figure><\/li><\/ul><\/figure>\n\n\n\n<p>La storia dell&#8217;istituzione delle Redentoristine a Kiri ci permette di conoscere che la richiesta \u00e8 stata fatta pi\u00f9 volte dal Vescovo Anselme SANOU a partire dal 17 novembre 1980, ed \u00e8 stato dopo 17 anni di attesa che \u00e8 diventata realt\u00e0.<\/p>\n\n\n\n<p>Durante la messa, presieduta dal Vicario Generale di Bobo, in rappresentanza del Vescovo Paul OUEDRAOGO, il cappellano del Monastero ha dato il benvenuto a tutti ricordando le parole del Vescovo Anselme SANON definendo il Monastero il giorno prima (24\/4\/2023). Infatti, questo Prelato vede il Monastero di Kiri come \u201cun parafulmine per proteggere la Chiesa di Dio e il mondo\u201d. Infatti, secondo l&#8217;attuale cappellano del Monastero, p. Bonaventura HIEN, \u00e8 la preghiera che fa del Monastero questo parafulmine.<\/p>\n\n\n\n<div class=\"wp-block-image\"><figure class=\"aligncenter size-large\"><a href=\"http:\/\/www.cssr.news\/italian\/wp-content\/uploads\/sites\/2\/2023\/05\/sn2023-0503-burkina4.jpg\"><img width=\"605\" height=\"265\" src=\"http:\/\/www.cssr.news\/italian\/wp-content\/uploads\/sites\/2\/2023\/05\/sn2023-0503-burkina4.jpg\" alt=\"\" class=\"wp-image-21593\" srcset=\"https:\/\/www.cssr.news\/italian\/wp-content\/uploads\/sites\/2\/2023\/05\/sn2023-0503-burkina4.jpg 605w, https:\/\/www.cssr.news\/italian\/wp-content\/uploads\/sites\/2\/2023\/05\/sn2023-0503-burkina4-300x131.jpg 300w\" sizes=\"(max-width: 605px) 100vw, 605px\" \/><\/a><\/figure><\/div>\n\n\n\n<p>Per questo il Vicario Generale, p. Jacques DEMBELE, nella sua omelia, dalle letture del giorno, festa di San Marco, ha mostrato che le Redentoristine hanno obbedito all&#8217;ordine di Ges\u00f9 di andare ad annunciare la Buona Novella fino a stabilirsi a Kiri per la principale missione di preghiera della Diocesi, la Chiesa e il mondo. Ha invitato tutti i fedeli, e in modo particolare i sacerdoti, a far conoscere le suore perch\u00e9 poco conosciute dalla maggior parte dei cristiani della diocesi.<\/p>\n\n\n\n<p>In questa solenne occasione di ringraziamento, le Redentoristine hanno rinnovato i loro voti per un nuovo inizio nella loro alleanza con il Signore. Terminata la celebrazione eucaristica, le monache hanno offerto a tutti un calice di amicizia con una festa fraterna nella cappellania del Monastero.<\/p>\n\n\n\n<p>Che Dio benedica le nostre monache con tante sante vocazioni!<\/p>\n\n\n\n<p>P. Simeon Chabi BIAOU<\/p>\n","protected":false},"excerpt":{"rendered":"<p>Cari fratelli e sorelle, \u00e8 con grande gioia, fervore e preghiera che abbiamo vissuto oggi a Kiri, la celebrazione del 25\u00b0 anniversario dell&#8217;apertura del Monastero del Santissimo Redentore di Kiri a Bobo-Dioulasso. A questa celebrazione hanno partecipato le Redentoristine di Diabo, i Redentoristi della Vice Provincia dell&#8217;Africa Occidentale e i discepoli del Santissimo Redentore che [&hellip;]<\/p>\n","protected":false},"author":3,"featured_media":21596,"comment_status":"closed","ping_status":"closed","sticky":false,"template":"","format":"standard","meta":{"_mi_skip_tracking":false},"categories":[16],"tags":[],"_links":{"self":[{"href":"https:\/\/www.cssr.news\/italian\/wp-json\/wp\/v2\/posts\/21592"}],"collection":[{"href":"https:\/\/www.cssr.news\/italian\/wp-json\/wp\/v2\/posts"}],"about":[{"href":"https:\/\/www.cssr.news\/italian\/wp-json\/wp\/v2\/types\/post"}],"author":[{"embeddable":true,"href":"https:\/\/www.cssr.news\/italian\/wp-json\/wp\/v2\/users\/3"}],"replies":[{"embeddable":true,"href":"https:\/\/www.cssr.news\/italian\/wp-json\/wp\/v2\/comments?post=21592"}],"version-history":[{"count":1,"href":"https:\/\/www.cssr.news\/italian\/wp-json\/wp\/v2\/posts\/21592\/revisions"}],"predecessor-version":[{"id":21597,"href":"https:\/\/www.cssr.news\/italian\/wp-json\/wp\/v2\/posts\/21592\/revisions\/21597"}],"wp:featuredmedia":[{"embeddable":true,"href":"https:\/\/www.cssr.news\/italian\/wp-json\/wp\/v2\/media\/21596"}],"wp:attachment":[{"href":"https:\/\/www.cssr.news\/italian\/wp-json\/wp\/v2\/media?parent=21592"}],"wp:term":[{"taxonomy":"category","embeddable":true,"href":"https:\/\/www.cssr.news\/italian\/wp-json\/wp\/v2\/categories?post=21592"},{"taxonomy":"post_tag","embeddable":true,"href":"https:\/\/www.cssr.news\/italian\/wp-json\/wp\/v2\/tags?post=21592"}],"curies":[{"name":"wp","href":"https:\/\/api.w.org\/{rel}","templated":true}]}}