{"id":21598,"date":"2023-05-03T12:31:00","date_gmt":"2023-05-03T10:31:00","guid":{"rendered":"https:\/\/www.cssr.news\/italian\/?p=21598"},"modified":"2023-05-04T09:14:06","modified_gmt":"2023-05-04T07:14:06","slug":"la-conferenza-nordamericana-si-e-riunita-per-la-terza-fase-del-capitolo-generale","status":"publish","type":"post","link":"https:\/\/www.cssr.news\/italian\/2023\/05\/la-conferenza-nordamericana-si-e-riunita-per-la-terza-fase-del-capitolo-generale\/","title":{"rendered":"La Conferenza Nordamericana si \u00e8 riunita per la Terza Fase del Capitolo Generale"},"content":{"rendered":"\n<p>Confratelli e Partner in Missione si sono riuniti presso la San Alfonso Retreat House a Long Branch, New Jersey, dal 17 al 26 aprile per celebrare la Fase III del 26\u00b0 Capitolo Generale. P. Rog\u00e9rio Gomes, superiore generale, e fratello Larry Lujan ha rappresentato il governo generale. Altri confratelli provenivano da tutte le unit\u00e0 del Nord America (Baltimora, Canada, Denver, Extra-patriam e Messico), compreso il nostro superiore generale emerito, p. Michael Brehl. Tre Partner in Missione provenivano dalle province di Baltimora, Canada e Denver.<\/p>\n\n\n\n<figure class=\"wp-block-gallery columns-2 is-cropped\"><ul class=\"blocks-gallery-grid\"><li class=\"blocks-gallery-item\"><figure><a href=\"http:\/\/www.cssr.news\/italian\/wp-content\/uploads\/sites\/2\/2023\/04\/sn2023-0419-usa01.jpg\"><img width=\"1024\" height=\"768\" src=\"http:\/\/www.cssr.news\/italian\/wp-content\/uploads\/sites\/2\/2023\/04\/sn2023-0419-usa01-1024x768.jpg\" alt=\"\" data-id=\"21461\" data-full-url=\"http:\/\/www.cssr.news\/italian\/wp-content\/uploads\/sites\/2\/2023\/04\/sn2023-0419-usa01.jpg\" data-link=\"https:\/\/www.cssr.news\/italian\/2023\/04\/la-conferenza-nordamericana-si-incontra-per-la-terza-fase-del-capitolo-generale\/sn2023-0419-usa01\/\" class=\"wp-image-21461\" srcset=\"https:\/\/www.cssr.news\/italian\/wp-content\/uploads\/sites\/2\/2023\/04\/sn2023-0419-usa01-1024x768.jpg 1024w, https:\/\/www.cssr.news\/italian\/wp-content\/uploads\/sites\/2\/2023\/04\/sn2023-0419-usa01-300x225.jpg 300w, https:\/\/www.cssr.news\/italian\/wp-content\/uploads\/sites\/2\/2023\/04\/sn2023-0419-usa01-768x576.jpg 768w, https:\/\/www.cssr.news\/italian\/wp-content\/uploads\/sites\/2\/2023\/04\/sn2023-0419-usa01-1536x1152.jpg 1536w, https:\/\/www.cssr.news\/italian\/wp-content\/uploads\/sites\/2\/2023\/04\/sn2023-0419-usa01-80x60.jpg 80w, https:\/\/www.cssr.news\/italian\/wp-content\/uploads\/sites\/2\/2023\/04\/sn2023-0419-usa01-265x198.jpg 265w, https:\/\/www.cssr.news\/italian\/wp-content\/uploads\/sites\/2\/2023\/04\/sn2023-0419-usa01-696x522.jpg 696w, https:\/\/www.cssr.news\/italian\/wp-content\/uploads\/sites\/2\/2023\/04\/sn2023-0419-usa01-1068x801.jpg 1068w, https:\/\/www.cssr.news\/italian\/wp-content\/uploads\/sites\/2\/2023\/04\/sn2023-0419-usa01-560x420.jpg 560w, https:\/\/www.cssr.news\/italian\/wp-content\/uploads\/sites\/2\/2023\/04\/sn2023-0419-usa01.jpg 1618w\" sizes=\"(max-width: 1024px) 100vw, 1024px\" \/><\/a><\/figure><\/li><li class=\"blocks-gallery-item\"><figure><a href=\"http:\/\/www.cssr.news\/italian\/wp-content\/uploads\/sites\/2\/2023\/04\/sn2023-0419-usa03.jpg\"><img width=\"1024\" height=\"771\" src=\"http:\/\/www.cssr.news\/italian\/wp-content\/uploads\/sites\/2\/2023\/04\/sn2023-0419-usa03-1024x771.jpg\" alt=\"\" data-id=\"21459\" data-full-url=\"http:\/\/www.cssr.news\/italian\/wp-content\/uploads\/sites\/2\/2023\/04\/sn2023-0419-usa03.jpg\" data-link=\"https:\/\/www.cssr.news\/italian\/2023\/04\/la-conferenza-nordamericana-si-incontra-per-la-terza-fase-del-capitolo-generale\/sn2023-0419-usa03\/\" class=\"wp-image-21459\" srcset=\"https:\/\/www.cssr.news\/italian\/wp-content\/uploads\/sites\/2\/2023\/04\/sn2023-0419-usa03-1024x771.jpg 1024w, https:\/\/www.cssr.news\/italian\/wp-content\/uploads\/sites\/2\/2023\/04\/sn2023-0419-usa03-300x226.jpg 300w, https:\/\/www.cssr.news\/italian\/wp-content\/uploads\/sites\/2\/2023\/04\/sn2023-0419-usa03-768x579.jpg 768w, https:\/\/www.cssr.news\/italian\/wp-content\/uploads\/sites\/2\/2023\/04\/sn2023-0419-usa03-80x60.jpg 80w, https:\/\/www.cssr.news\/italian\/wp-content\/uploads\/sites\/2\/2023\/04\/sn2023-0419-usa03-696x524.jpg 696w, https:\/\/www.cssr.news\/italian\/wp-content\/uploads\/sites\/2\/2023\/04\/sn2023-0419-usa03-1068x805.jpg 1068w, https:\/\/www.cssr.news\/italian\/wp-content\/uploads\/sites\/2\/2023\/04\/sn2023-0419-usa03-558x420.jpg 558w, https:\/\/www.cssr.news\/italian\/wp-content\/uploads\/sites\/2\/2023\/04\/sn2023-0419-usa03.jpg 1516w\" sizes=\"(max-width: 1024px) 100vw, 1024px\" \/><\/a><\/figure><\/li><\/ul><\/figure>\n\n\n\n<p>Il focus della Fase III del Capitolo Generale \u00e8 quadruplice: 1) comunicare a tutta la Congregazione, attraverso le Conferenze, lo spirito della fase canonica del Capitolo Generale; 2) discernere i modi per attuare le decisioni del Capitolo Generale al fine di rivitalizzare la vita apostolica della conferenza e continuare il processo di ristrutturazione e riconfigurazione per la missione; 3) fornire una piattaforma al Governo Generale per presentare il suo piano per il prossimo sessennio (temi per ogni anno del sessennio, es. vita comunitaria per il 2023); e 4) produrre un piano strategico per la conferenza del prossimo sessennio.<\/p>\n\n\n\n<p>Per raggiungere questi obiettivi, tre sono state le parti principali dell&#8217;incontro: a) una parte educativa, in cui il superiore generale, il coordinatore della conferenza e altri hanno aggiornato sul processo e lo svolgimento del Capitolo generale, partendo da cosa \u00e8 successo dalla Fase I (Maggio 2022-Long Branch, NJ) alla Fase Canonica (Settembre-Ottobre 2023-Roma) fino alla Fase III (Aprile 2023-Long Branch, NJ); 2) una componente emotiva, che era principalmente un modo per &#8220;fare il check-in&#8221; o vedere dove si trovavano le persone a livello di sentimenti, riconoscendo che qualsiasi eccitazione, agitazione o qualsiasi altra via di mezzo che i partecipanti stavano sperimentando erano molto probabilmente vissute dai confratelli anche nelle loro unit\u00e0. Questo per sottolineare che l&#8217;avanzamento del processo di ristrutturazione richiedeva un&#8217;attenzione a tutta la persona nelle diverse unit\u00e0; e 3) la componente di pianificazione, che \u00e8 stata la parte principale dell&#8217;incontro.<\/p>\n\n\n\n<p>Per la componente progettuale, p. Rog\u00e9rio ha presentato il progetto per il sessennio del Governo generale. Poi, cinque piccoli gruppi si sono riuniti per discutere i temi dell&#8217;Identit\u00e0 Redentorista, della Missione Redentorista, della Vita Redentorista Redentorista, della Formazione per la Missione Redentorista e della Leadership\/Governance per la Missione Redentorista. Ogni piccolo gruppo si \u00e8 riunito per due giorni interi per suggerire piani strategici concreti relativi alla propria area di intervento e al piano del Governo Generale per il sessennio. Il quinto giorno, i notai hanno presentato all&#8217;assemblea plenaria il materiale del loro piccolo gruppo e la commissione di redazione ha preso i contributi e ha iniziato la redazione di un piano strategico della conferenza.<\/p>\n\n\n\n<p>Il programma di lavoro \u00e8 stato un regalo per tutto il gruppo perch\u00e9 hanno avuto due giorni liberi di fila mentre la commissione redazionale lavorava alla loro bozza. Il luned\u00ec della seconda settimana, la commissione di redazione ha presentato la sua bozza, che \u00e8 stata rivista in piccoli gruppi e ha risposto in sessione plenaria. C&#8217;\u00e8 stato un incontro informativo su Zoom con p. Nicolas Ayoube, Consultore Generale dell&#8217;Africa e del Madagascar, in cui p. Nicolas ha potuto parlare del COREAM come una priorit\u00e0 della congregazione e stabilire un collegamento personale con quelli della conferenza del Nord America riuniti per la Fase III. Alla fine della giornata, la commissione di redazione \u00e8 tornata al lavoro e marted\u00ec ha presentato una bozza rivista, che \u00e8 stata nuovamente discussa in sessione plenaria. La bozza finale del Piano strategico \u00e8 stata approvata all&#8217;unanimit\u00e0 mercoled\u00ec mattina.<\/p>\n\n\n\n<p>Tra le aree di intervento del piano strategico vi sono una rinnovata enfasi sul Piano di vita comunitaria (PVC) per il miglioramento della vita comunitaria; proseguire il lavoro di ristrutturazione e riconfigurazione con l&#8217;obiettivo di una nuova configurazione entro il 2026 per le province di Baltimora, Denver, Messico e la Viceprovincia di Extra-patriam; un impegno di personale e struttura per la formazione permanente. Altre aree riguardano la spiritualit\u00e0, l&#8217;evangelizzazione e la comunicazione.<\/p>\n\n\n\n<p>Il feedback informale e formale indica un incontro che \u00e8 stato fruttuoso in termini di costruzione di legami tra i membri della conferenza e di produzione di un piano strategico ragionevole e realizzabile.<\/p>\n\n\n\n<p>P. Kevin O&#8217;Neil, CSsR<\/p>\n\n\n\n<figure class=\"wp-block-gallery columns-3 is-cropped\"><ul class=\"blocks-gallery-grid\"><li class=\"blocks-gallery-item\"><figure><a href=\"http:\/\/www.cssr.news\/italian\/wp-content\/uploads\/sites\/2\/2023\/04\/sn2023-0419-usa02.jpg\"><img width=\"1024\" height=\"768\" src=\"http:\/\/www.cssr.news\/italian\/wp-content\/uploads\/sites\/2\/2023\/04\/sn2023-0419-usa02-1024x768.jpg\" alt=\"\" data-id=\"21460\" data-full-url=\"http:\/\/www.cssr.news\/italian\/wp-content\/uploads\/sites\/2\/2023\/04\/sn2023-0419-usa02.jpg\" data-link=\"https:\/\/www.cssr.news\/italian\/2023\/04\/la-conferenza-nordamericana-si-incontra-per-la-terza-fase-del-capitolo-generale\/sn2023-0419-usa02\/\" class=\"wp-image-21460\" srcset=\"https:\/\/www.cssr.news\/italian\/wp-content\/uploads\/sites\/2\/2023\/04\/sn2023-0419-usa02-1024x768.jpg 1024w, https:\/\/www.cssr.news\/italian\/wp-content\/uploads\/sites\/2\/2023\/04\/sn2023-0419-usa02-300x225.jpg 300w, https:\/\/www.cssr.news\/italian\/wp-content\/uploads\/sites\/2\/2023\/04\/sn2023-0419-usa02-768x576.jpg 768w, https:\/\/www.cssr.news\/italian\/wp-content\/uploads\/sites\/2\/2023\/04\/sn2023-0419-usa02-1536x1152.jpg 1536w, https:\/\/www.cssr.news\/italian\/wp-content\/uploads\/sites\/2\/2023\/04\/sn2023-0419-usa02-80x60.jpg 80w, https:\/\/www.cssr.news\/italian\/wp-content\/uploads\/sites\/2\/2023\/04\/sn2023-0419-usa02-265x198.jpg 265w, https:\/\/www.cssr.news\/italian\/wp-content\/uploads\/sites\/2\/2023\/04\/sn2023-0419-usa02-696x522.jpg 696w, https:\/\/www.cssr.news\/italian\/wp-content\/uploads\/sites\/2\/2023\/04\/sn2023-0419-usa02-1068x801.jpg 1068w, https:\/\/www.cssr.news\/italian\/wp-content\/uploads\/sites\/2\/2023\/04\/sn2023-0419-usa02-560x420.jpg 560w, https:\/\/www.cssr.news\/italian\/wp-content\/uploads\/sites\/2\/2023\/04\/sn2023-0419-usa02.jpg 1618w\" sizes=\"(max-width: 1024px) 100vw, 1024px\" \/><\/a><\/figure><\/li><li class=\"blocks-gallery-item\"><figure><a href=\"http:\/\/www.cssr.news\/italian\/wp-content\/uploads\/sites\/2\/2023\/04\/sn2023-0419-usa04.jpg\"><img width=\"1024\" height=\"628\" src=\"http:\/\/www.cssr.news\/italian\/wp-content\/uploads\/sites\/2\/2023\/04\/sn2023-0419-usa04-1024x628.jpg\" alt=\"\" data-id=\"21458\" data-full-url=\"http:\/\/www.cssr.news\/italian\/wp-content\/uploads\/sites\/2\/2023\/04\/sn2023-0419-usa04.jpg\" data-link=\"https:\/\/www.cssr.news\/italian\/2023\/04\/la-conferenza-nordamericana-si-incontra-per-la-terza-fase-del-capitolo-generale\/sn2023-0419-usa04\/\" class=\"wp-image-21458\" srcset=\"https:\/\/www.cssr.news\/italian\/wp-content\/uploads\/sites\/2\/2023\/04\/sn2023-0419-usa04-1024x628.jpg 1024w, https:\/\/www.cssr.news\/italian\/wp-content\/uploads\/sites\/2\/2023\/04\/sn2023-0419-usa04-300x184.jpg 300w, https:\/\/www.cssr.news\/italian\/wp-content\/uploads\/sites\/2\/2023\/04\/sn2023-0419-usa04-768x471.jpg 768w, https:\/\/www.cssr.news\/italian\/wp-content\/uploads\/sites\/2\/2023\/04\/sn2023-0419-usa04-1536x942.jpg 1536w, https:\/\/www.cssr.news\/italian\/wp-content\/uploads\/sites\/2\/2023\/04\/sn2023-0419-usa04-696x427.jpg 696w, https:\/\/www.cssr.news\/italian\/wp-content\/uploads\/sites\/2\/2023\/04\/sn2023-0419-usa04-1068x655.jpg 1068w, https:\/\/www.cssr.news\/italian\/wp-content\/uploads\/sites\/2\/2023\/04\/sn2023-0419-usa04-685x420.jpg 685w, https:\/\/www.cssr.news\/italian\/wp-content\/uploads\/sites\/2\/2023\/04\/sn2023-0419-usa04.jpg 1618w\" sizes=\"(max-width: 1024px) 100vw, 1024px\" \/><\/a><\/figure><\/li><li class=\"blocks-gallery-item\"><figure><a href=\"http:\/\/www.cssr.news\/italian\/wp-content\/uploads\/sites\/2\/2023\/04\/sn2023-0419-usa05.jpg\"><img width=\"1024\" height=\"835\" src=\"http:\/\/www.cssr.news\/italian\/wp-content\/uploads\/sites\/2\/2023\/04\/sn2023-0419-usa05-1024x835.jpg\" alt=\"\" data-id=\"21457\" data-full-url=\"http:\/\/www.cssr.news\/italian\/wp-content\/uploads\/sites\/2\/2023\/04\/sn2023-0419-usa05.jpg\" data-link=\"https:\/\/www.cssr.news\/italian\/2023\/04\/la-conferenza-nordamericana-si-incontra-per-la-terza-fase-del-capitolo-generale\/sn2023-0419-usa05\/\" class=\"wp-image-21457\" srcset=\"https:\/\/www.cssr.news\/italian\/wp-content\/uploads\/sites\/2\/2023\/04\/sn2023-0419-usa05-1024x835.jpg 1024w, https:\/\/www.cssr.news\/italian\/wp-content\/uploads\/sites\/2\/2023\/04\/sn2023-0419-usa05-300x245.jpg 300w, https:\/\/www.cssr.news\/italian\/wp-content\/uploads\/sites\/2\/2023\/04\/sn2023-0419-usa05-768x627.jpg 768w, https:\/\/www.cssr.news\/italian\/wp-content\/uploads\/sites\/2\/2023\/04\/sn2023-0419-usa05-1536x1253.jpg 1536w, https:\/\/www.cssr.news\/italian\/wp-content\/uploads\/sites\/2\/2023\/04\/sn2023-0419-usa05-696x568.jpg 696w, https:\/\/www.cssr.news\/italian\/wp-content\/uploads\/sites\/2\/2023\/04\/sn2023-0419-usa05-1068x871.jpg 1068w, https:\/\/www.cssr.news\/italian\/wp-content\/uploads\/sites\/2\/2023\/04\/sn2023-0419-usa05-515x420.jpg 515w, https:\/\/www.cssr.news\/italian\/wp-content\/uploads\/sites\/2\/2023\/04\/sn2023-0419-usa05.jpg 1618w\" sizes=\"(max-width: 1024px) 100vw, 1024px\" \/><\/a><\/figure><\/li><li class=\"blocks-gallery-item\"><figure><a href=\"http:\/\/www.cssr.news\/italian\/wp-content\/uploads\/sites\/2\/2023\/04\/sn2023-0419-usa06.jpg\"><img width=\"1024\" height=\"654\" src=\"http:\/\/www.cssr.news\/italian\/wp-content\/uploads\/sites\/2\/2023\/04\/sn2023-0419-usa06-1024x654.jpg\" alt=\"\" data-id=\"21456\" data-full-url=\"http:\/\/www.cssr.news\/italian\/wp-content\/uploads\/sites\/2\/2023\/04\/sn2023-0419-usa06.jpg\" data-link=\"https:\/\/www.cssr.news\/italian\/2023\/04\/la-conferenza-nordamericana-si-incontra-per-la-terza-fase-del-capitolo-generale\/sn2023-0419-usa06\/\" class=\"wp-image-21456\" srcset=\"https:\/\/www.cssr.news\/italian\/wp-content\/uploads\/sites\/2\/2023\/04\/sn2023-0419-usa06-1024x654.jpg 1024w, https:\/\/www.cssr.news\/italian\/wp-content\/uploads\/sites\/2\/2023\/04\/sn2023-0419-usa06-300x192.jpg 300w, https:\/\/www.cssr.news\/italian\/wp-content\/uploads\/sites\/2\/2023\/04\/sn2023-0419-usa06-768x491.jpg 768w, https:\/\/www.cssr.news\/italian\/wp-content\/uploads\/sites\/2\/2023\/04\/sn2023-0419-usa06-1536x982.jpg 1536w, https:\/\/www.cssr.news\/italian\/wp-content\/uploads\/sites\/2\/2023\/04\/sn2023-0419-usa06-696x445.jpg 696w, https:\/\/www.cssr.news\/italian\/wp-content\/uploads\/sites\/2\/2023\/04\/sn2023-0419-usa06-1068x683.jpg 1068w, https:\/\/www.cssr.news\/italian\/wp-content\/uploads\/sites\/2\/2023\/04\/sn2023-0419-usa06-657x420.jpg 657w, https:\/\/www.cssr.news\/italian\/wp-content\/uploads\/sites\/2\/2023\/04\/sn2023-0419-usa06.jpg 1618w\" sizes=\"(max-width: 1024px) 100vw, 1024px\" \/><\/a><\/figure><\/li><li class=\"blocks-gallery-item\"><figure><a href=\"http:\/\/www.cssr.news\/italian\/wp-content\/uploads\/sites\/2\/2023\/04\/sn2023-0419s1.jpg\"><img width=\"1024\" height=\"682\" src=\"http:\/\/www.cssr.news\/italian\/wp-content\/uploads\/sites\/2\/2023\/04\/sn2023-0419s1.jpg\" alt=\"\" data-id=\"21463\" data-full-url=\"http:\/\/www.cssr.news\/italian\/wp-content\/uploads\/sites\/2\/2023\/04\/sn2023-0419s1.jpg\" data-link=\"https:\/\/www.cssr.news\/italian\/2023\/04\/la-conferenza-nordamericana-si-incontra-per-la-terza-fase-del-capitolo-generale\/sn2023-0419s1\/\" class=\"wp-image-21463\" srcset=\"https:\/\/www.cssr.news\/italian\/wp-content\/uploads\/sites\/2\/2023\/04\/sn2023-0419s1.jpg 1024w, https:\/\/www.cssr.news\/italian\/wp-content\/uploads\/sites\/2\/2023\/04\/sn2023-0419s1-300x200.jpg 300w, https:\/\/www.cssr.news\/italian\/wp-content\/uploads\/sites\/2\/2023\/04\/sn2023-0419s1-768x512.jpg 768w, https:\/\/www.cssr.news\/italian\/wp-content\/uploads\/sites\/2\/2023\/04\/sn2023-0419s1-696x464.jpg 696w, https:\/\/www.cssr.news\/italian\/wp-content\/uploads\/sites\/2\/2023\/04\/sn2023-0419s1-631x420.jpg 631w\" sizes=\"(max-width: 1024px) 100vw, 1024px\" \/><\/a><\/figure><\/li><\/ul><\/figure>\n","protected":false},"excerpt":{"rendered":"<p>Confratelli e Partner in Missione si sono riuniti presso la San Alfonso Retreat House a Long Branch, New Jersey, dal 17 al 26 aprile per celebrare la Fase III del 26\u00b0 Capitolo Generale. P. Rog\u00e9rio Gomes, superiore generale, e fratello Larry Lujan ha rappresentato il governo generale. Altri confratelli provenivano da tutte le unit\u00e0 del [&hellip;]<\/p>\n","protected":false},"author":3,"featured_media":21599,"comment_status":"closed","ping_status":"closed","sticky":false,"template":"","format":"standard","meta":{"_mi_skip_tracking":false},"categories":[9],"tags":[],"_links":{"self":[{"href":"https:\/\/www.cssr.news\/italian\/wp-json\/wp\/v2\/posts\/21598"}],"collection":[{"href":"https:\/\/www.cssr.news\/italian\/wp-json\/wp\/v2\/posts"}],"about":[{"href":"https:\/\/www.cssr.news\/italian\/wp-json\/wp\/v2\/types\/post"}],"author":[{"embeddable":true,"href":"https:\/\/www.cssr.news\/italian\/wp-json\/wp\/v2\/users\/3"}],"replies":[{"embeddable":true,"href":"https:\/\/www.cssr.news\/italian\/wp-json\/wp\/v2\/comments?post=21598"}],"version-history":[{"count":2,"href":"https:\/\/www.cssr.news\/italian\/wp-json\/wp\/v2\/posts\/21598\/revisions"}],"predecessor-version":[{"id":21604,"href":"https:\/\/www.cssr.news\/italian\/wp-json\/wp\/v2\/posts\/21598\/revisions\/21604"}],"wp:featuredmedia":[{"embeddable":true,"href":"https:\/\/www.cssr.news\/italian\/wp-json\/wp\/v2\/media\/21599"}],"wp:attachment":[{"href":"https:\/\/www.cssr.news\/italian\/wp-json\/wp\/v2\/media?parent=21598"}],"wp:term":[{"taxonomy":"category","embeddable":true,"href":"https:\/\/www.cssr.news\/italian\/wp-json\/wp\/v2\/categories?post=21598"},{"taxonomy":"post_tag","embeddable":true,"href":"https:\/\/www.cssr.news\/italian\/wp-json\/wp\/v2\/tags?post=21598"}],"curies":[{"name":"wp","href":"https:\/\/api.w.org\/{rel}","templated":true}]}}