{"id":21807,"date":"2023-05-25T09:23:49","date_gmt":"2023-05-25T07:23:49","guid":{"rendered":"https:\/\/www.cssr.news\/italian\/?p=21807"},"modified":"2023-05-25T13:23:22","modified_gmt":"2023-05-25T11:23:22","slug":"brasile-assemblea-della-nuova-provincia-redentorista","status":"publish","type":"post","link":"https:\/\/www.cssr.news\/italian\/2023\/05\/brasile-assemblea-della-nuova-provincia-redentorista\/","title":{"rendered":"Brasile: Assemblea della Nuova Provincia Redentorista"},"content":{"rendered":"\n<p><strong><strong>Il 22 maggio \u00e8 iniziata l&#8217;Assemblea con le tre Unit\u00e0 Redentoriste che saranno unificate in Brasile: S\u00e3o Paulo, Rio de Janeiro e Bahia. L\u2019incontro, che terminer\u00e0 il 26 maggio, si svolge presso il Seminario Redentorista Santo Afonso, ad Aparecida (SP) e i partecipanti saranno 214, di cui sei laici.<\/strong><\/strong><\/p>\n\n\n\n<div class=\"wp-block-image\"><figure class=\"alignleft size-large is-resized\"><a href=\"http:\/\/www.cssr.news\/italian\/wp-content\/uploads\/sites\/2\/2023\/05\/sn2023_05aparecida_02.jpg\"><img src=\"http:\/\/www.cssr.news\/italian\/wp-content\/uploads\/sites\/2\/2023\/05\/sn2023_05aparecida_02.jpg\" alt=\"\" class=\"wp-image-21811\" width=\"311\" height=\"267\" srcset=\"https:\/\/www.cssr.news\/italian\/wp-content\/uploads\/sites\/2\/2023\/05\/sn2023_05aparecida_02.jpg 641w, https:\/\/www.cssr.news\/italian\/wp-content\/uploads\/sites\/2\/2023\/05\/sn2023_05aparecida_02-300x258.jpg 300w, https:\/\/www.cssr.news\/italian\/wp-content\/uploads\/sites\/2\/2023\/05\/sn2023_05aparecida_02-489x420.jpg 489w\" sizes=\"(max-width: 311px) 100vw, 311px\" \/><\/a><\/figure><\/div>\n\n\n\n<p>Questo vero processo di comunione ha l\u2019obiettivo di presentare una sintesi del lavoro svolto dalle sottocommissioni, in vista della nuova Provincia, che sar\u00e0 eretta il 9 novembre 2023.<br>L\u2019Assemblea di Aparecida sar\u00e0 fondamentale anche per la scelta del nome della futura Provincia. Verranno analizzati i suggerimenti delle tre Unit\u00e0.<\/p>\n\n\n\n<p>Da quanto apprendiamo dal portale redentorista a12.com, uno dei responsabili dell\u2019organizzazione dell\u2019evento, il fratelo Marco Lucas, C.Ss.R, ha evidenziato l\u2019importanza della missione affidata alla Congregazione del Santissimo Redentore, nell\u2019annuncio del Vangelo di Ges\u00f9:<br><em><em>\u201cDa alcuni anni la Congregazione Redentorista sta riflettendo sul processo di Riconfigurazione delle (Vice) Province presenti in tutto il mondo. \u00c8 un processo necessario in una societ\u00e0 segnata da cambiamenti e da esigenze sempre pi\u00f9 complesse. Pertanto, la ristrutturazione \u00e8 importante, poich\u00e9 non ha solo l\u2019obiettivo di salvare le strutture delle Unit\u00e0, ma piuttosto di rafforzare la missione affidata alla Congregazione del Santissimo Redentore, nell\u2019annuncio del Vangelo di Ges\u00f9. Per le Unit\u00e0 di S\u00e3o Paulo, Rio-Minas-Esp\u00edrito Santo e Bahia, l\u2019incontro sar\u00e0 caratterizzato da momenti di riflessione, condivisione e decisioni importanti, per continuare la creazione della nuova Provincia Redentorista che agir\u00e0 in queste regioni\u201d.<\/em><\/em><\/p>\n\n\n\n<p>Il Fratello Redentorista ha anche evidenziato il processo di organizzazione dell\u2019Assemblea, ripartita tra le tre Unit\u00e0:<br><em>\u201cIl Governo Provinciale delle Unit\u00e0 Redentoriste di S\u00e3o Paulo, Rio-Minas-Esp\u00edrito Santo e Bahia ha indicato alcuni confratelli per collaborare all\u2019organizzazione dell\u2019Assemblea Provinciale. Questa \u00e9quipe prescelta \u00e8 stata incaricata di organizzare l\u2019intero evento, permettendo a tutti i Redentoristi e ai laici invitati di conoscersi e dare alcune indicazioni, che favoriranno il processo di Riconfigurazione delle Unit\u00e0\u201d.<\/em><\/p>\n\n\n\n<div class=\"wp-block-image\"><figure class=\"aligncenter size-large\"><a href=\"http:\/\/www.cssr.news\/italian\/wp-content\/uploads\/sites\/2\/2023\/05\/sn2023_05aparecida_03.jpg\"><img width=\"974\" height=\"520\" src=\"http:\/\/www.cssr.news\/italian\/wp-content\/uploads\/sites\/2\/2023\/05\/sn2023_05aparecida_03.jpg\" alt=\"\" class=\"wp-image-21810\" srcset=\"https:\/\/www.cssr.news\/italian\/wp-content\/uploads\/sites\/2\/2023\/05\/sn2023_05aparecida_03.jpg 974w, https:\/\/www.cssr.news\/italian\/wp-content\/uploads\/sites\/2\/2023\/05\/sn2023_05aparecida_03-300x160.jpg 300w, https:\/\/www.cssr.news\/italian\/wp-content\/uploads\/sites\/2\/2023\/05\/sn2023_05aparecida_03-768x410.jpg 768w, https:\/\/www.cssr.news\/italian\/wp-content\/uploads\/sites\/2\/2023\/05\/sn2023_05aparecida_03-696x372.jpg 696w, https:\/\/www.cssr.news\/italian\/wp-content\/uploads\/sites\/2\/2023\/05\/sn2023_05aparecida_03-787x420.jpg 787w\" sizes=\"(max-width: 974px) 100vw, 974px\" \/><\/a><\/figure><\/div>\n\n\n\n<p>Dopo l\u2019Assemblea, tra la fine di maggio e l\u2019inizio di giugno, si svolger\u00e0 lo scrutinio per l\u2019elezione del Superiore provinciale. Ciascuna (Vice) Provincia, attraverso una votazione individuale, pu\u00f2 nominare fino a cinque nominativi per la carica. Il 6 giugno si effettuer\u00e0 lo spoglio e, 15 giorni dopo la comunicazione dell\u2019esito dello scrutinio, ci sar\u00e0 l\u2019anteprima della votazione.<\/p>\n\n\n\n<p>(Scala News\/a12.com)<\/p>\n","protected":false},"excerpt":{"rendered":"<p>Il 22 maggio \u00e8 iniziata l&#8217;Assemblea con le tre Unit\u00e0 Redentoriste che saranno unificate in Brasile: S\u00e3o Paulo, Rio de Janeiro e Bahia. L\u2019incontro, che terminer\u00e0 il 26 maggio, si svolge presso il Seminario Redentorista Santo Afonso, ad Aparecida (SP) e i partecipanti saranno 214, di cui sei laici. Questo vero processo di comunione ha [&hellip;]<\/p>\n","protected":false},"author":3,"featured_media":21812,"comment_status":"closed","ping_status":"closed","sticky":false,"template":"","format":"standard","meta":{"_mi_skip_tracking":false},"categories":[9],"tags":[],"_links":{"self":[{"href":"https:\/\/www.cssr.news\/italian\/wp-json\/wp\/v2\/posts\/21807"}],"collection":[{"href":"https:\/\/www.cssr.news\/italian\/wp-json\/wp\/v2\/posts"}],"about":[{"href":"https:\/\/www.cssr.news\/italian\/wp-json\/wp\/v2\/types\/post"}],"author":[{"embeddable":true,"href":"https:\/\/www.cssr.news\/italian\/wp-json\/wp\/v2\/users\/3"}],"replies":[{"embeddable":true,"href":"https:\/\/www.cssr.news\/italian\/wp-json\/wp\/v2\/comments?post=21807"}],"version-history":[{"count":5,"href":"https:\/\/www.cssr.news\/italian\/wp-json\/wp\/v2\/posts\/21807\/revisions"}],"predecessor-version":[{"id":21816,"href":"https:\/\/www.cssr.news\/italian\/wp-json\/wp\/v2\/posts\/21807\/revisions\/21816"}],"wp:featuredmedia":[{"embeddable":true,"href":"https:\/\/www.cssr.news\/italian\/wp-json\/wp\/v2\/media\/21812"}],"wp:attachment":[{"href":"https:\/\/www.cssr.news\/italian\/wp-json\/wp\/v2\/media?parent=21807"}],"wp:term":[{"taxonomy":"category","embeddable":true,"href":"https:\/\/www.cssr.news\/italian\/wp-json\/wp\/v2\/categories?post=21807"},{"taxonomy":"post_tag","embeddable":true,"href":"https:\/\/www.cssr.news\/italian\/wp-json\/wp\/v2\/tags?post=21807"}],"curies":[{"name":"wp","href":"https:\/\/api.w.org\/{rel}","templated":true}]}}