{"id":21817,"date":"2023-05-25T15:04:25","date_gmt":"2023-05-25T13:04:25","guid":{"rendered":"https:\/\/www.cssr.news\/italian\/?p=21817"},"modified":"2023-05-25T15:04:26","modified_gmt":"2023-05-25T13:04:26","slug":"chiusura-dellincontro-della-conferenza-dellamerica-latina-e-dei-caraibi-per-la-terza-fase-del-xxvi-capitolo-generale","status":"publish","type":"post","link":"https:\/\/www.cssr.news\/italian\/2023\/05\/chiusura-dellincontro-della-conferenza-dellamerica-latina-e-dei-caraibi-per-la-terza-fase-del-xxvi-capitolo-generale\/","title":{"rendered":"Chiusura dell&#8217;incontro della conferenza dell&#8217;America Latina e dei Caraibi per la terza fase del XXVI Capitolo Generale"},"content":{"rendered":"\n<p>Il 18 maggio si \u00e8 conclusa la terza fase del XXVI Capitolo Generale alla Conferenza dell&#8217;America Latina e dei Caraibi, incontro di confratelli e associati per la missione che si sono riuniti presso la Casa di Ritiri Marianella ad Atyr\u00e1 \u2013 Paraguay. P. Rog\u00e9rio Gomes, Superiore Generale, e P. Jairo D\u00edaz, Consigliere Generale, hanno rappresentato il Governo Generale. Erano presenti anche P. Vicente Soria, Economo Generale, e P. Jos\u00e9 Carlos Linhares, Procuratore Generale. Gli altri confratelli provenivano da tutte le unit\u00e0 dell&#8217;America Latina e dei Caraibi, 58 partecipanti in tutto, compresi tre laici associati nella missione.<\/p>\n\n\n\n<p>L&#8217;obiettivo della Fase III del XXVI Capitolo Generale \u00e8 stato raggiunto:<\/p>\n\n\n\n<p>1) Comunicare a tutta la Congregazione, attraverso le Conferenze, lo spirito della fase canonica del Capitolo Generale.<\/p>\n\n\n\n<p>2) Effettuare un discernimento delle forme di attuazione delle decisioni del Capitolo Generale per rivitalizzare la vita apostolica della conferenza e continuare il processo di ristrutturazione e riconfigurazione per la missione.<\/p>\n\n\n\n<p>3) Fornire una struttura affinch\u00e9 il Governo generale presenti il \u200b\u200bprogetto per il prossimo sessennio.<\/p>\n\n\n\n<p>4) Fare un piano strategico fattibile per la conferenza per i prossimi sei anni.<\/p>\n\n\n\n<p>Per raggiungere questi obiettivi, il superiore generale, il consigliere di conferenza e il coordinatore di conferenza hanno aggiornato attraverso le loro relazioni sul processo e lo sviluppo del XXVI Capitolo generale, sulla base di quanto \u00e8 accaduto dalla Fase I, la Fase canonica e la proiezione per la Fase III.<\/p>\n\n\n\n<p>Padre Rog\u00e9rio G\u00f3mes ha presentato il progetto per il sessennio del Governo Generale. Hanno lavorato in gruppi sui temi dell&#8217;Identit\u00e0 Redentorista, della Missione Redentorista, della Vita Redentorista, della Formazione della Missione Redentorista e della Leadership per la Missione Redentorista.<\/p>\n\n\n\n<p>A gruppi sono state avanzate proposte per il piano strategico della Conferenza, relativo alle sue aree di intervento e per il piano del Governo generale per il sessennio.<\/p>\n\n\n\n<p>In mezzo al lavoro e alla riflessione, c&#8217;\u00e8 stato un clima di fraternit\u00e0 e di gioia, c&#8217;\u00e8 stata una giornata di pausa e una visita alle Cascate dell&#8217;Iguaz\u00fa in Brasile.<\/p>\n\n\n\n<figure class=\"wp-block-gallery columns-2 is-cropped\"><ul class=\"blocks-gallery-grid\"><li class=\"blocks-gallery-item\"><figure><a href=\"http:\/\/www.cssr.news\/italian\/wp-content\/uploads\/sites\/2\/2023\/05\/sn2023_paraguay_clausura02.jpg\"><img width=\"1024\" height=\"536\" src=\"http:\/\/www.cssr.news\/italian\/wp-content\/uploads\/sites\/2\/2023\/05\/sn2023_paraguay_clausura02-1024x536.jpg\" alt=\"\" data-id=\"21819\" data-full-url=\"http:\/\/www.cssr.news\/italian\/wp-content\/uploads\/sites\/2\/2023\/05\/sn2023_paraguay_clausura02.jpg\" data-link=\"https:\/\/www.cssr.news\/italian\/?attachment_id=21819\" class=\"wp-image-21819\" srcset=\"https:\/\/www.cssr.news\/italian\/wp-content\/uploads\/sites\/2\/2023\/05\/sn2023_paraguay_clausura02-1024x536.jpg 1024w, https:\/\/www.cssr.news\/italian\/wp-content\/uploads\/sites\/2\/2023\/05\/sn2023_paraguay_clausura02-300x157.jpg 300w, https:\/\/www.cssr.news\/italian\/wp-content\/uploads\/sites\/2\/2023\/05\/sn2023_paraguay_clausura02-768x402.jpg 768w, https:\/\/www.cssr.news\/italian\/wp-content\/uploads\/sites\/2\/2023\/05\/sn2023_paraguay_clausura02-1536x804.jpg 1536w, https:\/\/www.cssr.news\/italian\/wp-content\/uploads\/sites\/2\/2023\/05\/sn2023_paraguay_clausura02-696x365.jpg 696w, https:\/\/www.cssr.news\/italian\/wp-content\/uploads\/sites\/2\/2023\/05\/sn2023_paraguay_clausura02-1068x559.jpg 1068w, https:\/\/www.cssr.news\/italian\/wp-content\/uploads\/sites\/2\/2023\/05\/sn2023_paraguay_clausura02-802x420.jpg 802w, https:\/\/www.cssr.news\/italian\/wp-content\/uploads\/sites\/2\/2023\/05\/sn2023_paraguay_clausura02.jpg 1600w\" sizes=\"(max-width: 1024px) 100vw, 1024px\" \/><\/a><\/figure><\/li><li class=\"blocks-gallery-item\"><figure><a href=\"http:\/\/www.cssr.news\/italian\/wp-content\/uploads\/sites\/2\/2023\/05\/sn2023_paraguay_clausura03.jpg\"><img width=\"1024\" height=\"537\" src=\"http:\/\/www.cssr.news\/italian\/wp-content\/uploads\/sites\/2\/2023\/05\/sn2023_paraguay_clausura03-1024x537.jpg\" alt=\"\" data-id=\"21818\" data-full-url=\"http:\/\/www.cssr.news\/italian\/wp-content\/uploads\/sites\/2\/2023\/05\/sn2023_paraguay_clausura03.jpg\" data-link=\"https:\/\/www.cssr.news\/italian\/?attachment_id=21818\" class=\"wp-image-21818\" srcset=\"https:\/\/www.cssr.news\/italian\/wp-content\/uploads\/sites\/2\/2023\/05\/sn2023_paraguay_clausura03-1024x537.jpg 1024w, https:\/\/www.cssr.news\/italian\/wp-content\/uploads\/sites\/2\/2023\/05\/sn2023_paraguay_clausura03-300x157.jpg 300w, https:\/\/www.cssr.news\/italian\/wp-content\/uploads\/sites\/2\/2023\/05\/sn2023_paraguay_clausura03-768x403.jpg 768w, https:\/\/www.cssr.news\/italian\/wp-content\/uploads\/sites\/2\/2023\/05\/sn2023_paraguay_clausura03-696x365.jpg 696w, https:\/\/www.cssr.news\/italian\/wp-content\/uploads\/sites\/2\/2023\/05\/sn2023_paraguay_clausura03-1068x560.jpg 1068w, https:\/\/www.cssr.news\/italian\/wp-content\/uploads\/sites\/2\/2023\/05\/sn2023_paraguay_clausura03-801x420.jpg 801w, https:\/\/www.cssr.news\/italian\/wp-content\/uploads\/sites\/2\/2023\/05\/sn2023_paraguay_clausura03.jpg 1280w\" sizes=\"(max-width: 1024px) 100vw, 1024px\" \/><\/a><\/figure><\/li><\/ul><\/figure>\n\n\n\n<p>La seconda settimana \u00e8 stata caratterizzata da un intenso lavoro in cui \u00e8 stato approvato il piano strategico della conferenza, in cui si sono rispecchiate le diverse aree di lavoro di detto piano, tra cui l&#8217;accento sulla vita comunitaria, la continuit\u00e0 del lavoro di ristrutturazione e riconfigurazione, un impegno per rafforzare la formazione permanente, un&#8217;opzione dedicata alla promozione vocazionale, una costante revisione e valutazione della formazione iniziale, nonch\u00e9 una valutazione positiva dell&#8217;esperienza dei tre noviziati della conferenza.<\/p>\n\n\n\n<p>Nell&#8217;assemblea sono stati proposti tre nomi per suggerire al Governo Generale il nome del prossimo coordinatore della conferenza, \u00e8 stato ascoltato un rapporto dettagliato delle missioni di Cuba, Suriname e Uruguay e sono stati presentati i processi e i progressi che ogni futura unit\u00e0 sta facendo in merito al processo di riconfigurazione.<\/p>\n\n\n\n<p>La valutazione dell&#8217;incontro \u00e8 stata positiva, poich\u00e9 ha aiutato tutti i partecipanti a rafforzare i vincoli di fraternit\u00e0 e di vita missionaria.<\/p>\n\n\n\n<p><em>Scala News<\/em><\/p>\n","protected":false},"excerpt":{"rendered":"<p>Il 18 maggio si \u00e8 conclusa la terza fase del XXVI Capitolo Generale alla Conferenza dell&#8217;America Latina e dei Caraibi, incontro di confratelli e associati per la missione che si sono riuniti presso la Casa di Ritiri Marianella ad Atyr\u00e1 \u2013 Paraguay. P. Rog\u00e9rio Gomes, Superiore Generale, e P. Jairo D\u00edaz, Consigliere Generale, hanno rappresentato [&hellip;]<\/p>\n","protected":false},"author":3,"featured_media":21820,"comment_status":"closed","ping_status":"closed","sticky":false,"template":"","format":"standard","meta":{"_mi_skip_tracking":false},"categories":[9],"tags":[],"_links":{"self":[{"href":"https:\/\/www.cssr.news\/italian\/wp-json\/wp\/v2\/posts\/21817"}],"collection":[{"href":"https:\/\/www.cssr.news\/italian\/wp-json\/wp\/v2\/posts"}],"about":[{"href":"https:\/\/www.cssr.news\/italian\/wp-json\/wp\/v2\/types\/post"}],"author":[{"embeddable":true,"href":"https:\/\/www.cssr.news\/italian\/wp-json\/wp\/v2\/users\/3"}],"replies":[{"embeddable":true,"href":"https:\/\/www.cssr.news\/italian\/wp-json\/wp\/v2\/comments?post=21817"}],"version-history":[{"count":1,"href":"https:\/\/www.cssr.news\/italian\/wp-json\/wp\/v2\/posts\/21817\/revisions"}],"predecessor-version":[{"id":21821,"href":"https:\/\/www.cssr.news\/italian\/wp-json\/wp\/v2\/posts\/21817\/revisions\/21821"}],"wp:featuredmedia":[{"embeddable":true,"href":"https:\/\/www.cssr.news\/italian\/wp-json\/wp\/v2\/media\/21820"}],"wp:attachment":[{"href":"https:\/\/www.cssr.news\/italian\/wp-json\/wp\/v2\/media?parent=21817"}],"wp:term":[{"taxonomy":"category","embeddable":true,"href":"https:\/\/www.cssr.news\/italian\/wp-json\/wp\/v2\/categories?post=21817"},{"taxonomy":"post_tag","embeddable":true,"href":"https:\/\/www.cssr.news\/italian\/wp-json\/wp\/v2\/tags?post=21817"}],"curies":[{"name":"wp","href":"https:\/\/api.w.org\/{rel}","templated":true}]}}