{"id":21828,"date":"2023-05-25T18:31:00","date_gmt":"2023-05-25T16:31:00","guid":{"rendered":"https:\/\/www.cssr.news\/italian\/?p=21828"},"modified":"2023-05-26T18:36:53","modified_gmt":"2023-05-26T16:36:53","slug":"colombia-ordinazione-episcopale-di-mons-alvaro-mon-perez-c-ss-r","status":"publish","type":"post","link":"https:\/\/www.cssr.news\/italian\/2023\/05\/colombia-ordinazione-episcopale-di-mons-alvaro-mon-perez-c-ss-r\/","title":{"rendered":"Colombia: Ordinazione Episcopale di Mons. \u00c1lvaro Mon P\u00e9rez C.Ss.R."},"content":{"rendered":"\n<p>Con grande gioia, luned\u00ec scorso, 22 maggio, \u00e8 avvenuta l&#8217;Ordinazione Episcopale del nostro confratello redentorista P. \u00c1lvaro Mon P\u00e9rez, che dal 30 marzo era gi\u00e0 stato nominato da Papa Francesco nuovo Vicario Apostolico di Puerto Carre\u00f1o nel dipartimento di Vichada, Colombia.<\/p>\n\n\n\n<p>L&#8217;ordinazione di Monsignor \u00c1lvaro \u00e8 stata presieduta da Monsignor Francisco Antonio Ceballos Escobar, Vescovo della Diocesi di Riohacha e anche Missionario Redentorista. Monsignor Ceballos \u00e8 stato Vicario di Puerto Carre\u00f1o tra il 2010 e il 2020. Durante la celebrazione erano presenti 9 vescovi e circa 40 sacerdoti provenienti da diverse parti del Paese. Da segnalare la partecipazione di P. Jairo D\u00edaz, Consultore Generale della Congregazione, P. David Charters, Segretario della Nunziatura Apostolica e P. Luis Carlos Jaime, Superiore Provinciale.<\/p>\n\n\n\n<figure class=\"wp-block-gallery columns-3 is-cropped\"><ul class=\"blocks-gallery-grid\"><li class=\"blocks-gallery-item\"><figure><a href=\"http:\/\/www.cssr.news\/italian\/wp-content\/uploads\/sites\/2\/2023\/05\/sn2023-colombia2.jpg\"><img width=\"1024\" height=\"683\" src=\"http:\/\/www.cssr.news\/italian\/wp-content\/uploads\/sites\/2\/2023\/05\/sn2023-colombia2-1024x683.jpg\" alt=\"\" data-id=\"21832\" data-full-url=\"http:\/\/www.cssr.news\/italian\/wp-content\/uploads\/sites\/2\/2023\/05\/sn2023-colombia2.jpg\" data-link=\"https:\/\/www.cssr.news\/italian\/?attachment_id=21832\" class=\"wp-image-21832\" srcset=\"https:\/\/www.cssr.news\/italian\/wp-content\/uploads\/sites\/2\/2023\/05\/sn2023-colombia2-1024x683.jpg 1024w, https:\/\/www.cssr.news\/italian\/wp-content\/uploads\/sites\/2\/2023\/05\/sn2023-colombia2-300x200.jpg 300w, https:\/\/www.cssr.news\/italian\/wp-content\/uploads\/sites\/2\/2023\/05\/sn2023-colombia2-768x512.jpg 768w, https:\/\/www.cssr.news\/italian\/wp-content\/uploads\/sites\/2\/2023\/05\/sn2023-colombia2-1536x1024.jpg 1536w, https:\/\/www.cssr.news\/italian\/wp-content\/uploads\/sites\/2\/2023\/05\/sn2023-colombia2-2048x1365.jpg 2048w, https:\/\/www.cssr.news\/italian\/wp-content\/uploads\/sites\/2\/2023\/05\/sn2023-colombia2-696x464.jpg 696w, https:\/\/www.cssr.news\/italian\/wp-content\/uploads\/sites\/2\/2023\/05\/sn2023-colombia2-1068x712.jpg 1068w, https:\/\/www.cssr.news\/italian\/wp-content\/uploads\/sites\/2\/2023\/05\/sn2023-colombia2-630x420.jpg 630w\" sizes=\"(max-width: 1024px) 100vw, 1024px\" \/><\/a><\/figure><\/li><li class=\"blocks-gallery-item\"><figure><a href=\"http:\/\/www.cssr.news\/italian\/wp-content\/uploads\/sites\/2\/2023\/05\/sn2023-colombia3.jpg\"><img width=\"1024\" height=\"682\" src=\"http:\/\/www.cssr.news\/italian\/wp-content\/uploads\/sites\/2\/2023\/05\/sn2023-colombia3-1024x682.jpg\" alt=\"\" data-id=\"21831\" data-full-url=\"http:\/\/www.cssr.news\/italian\/wp-content\/uploads\/sites\/2\/2023\/05\/sn2023-colombia3.jpg\" data-link=\"https:\/\/www.cssr.news\/italian\/?attachment_id=21831\" class=\"wp-image-21831\" srcset=\"https:\/\/www.cssr.news\/italian\/wp-content\/uploads\/sites\/2\/2023\/05\/sn2023-colombia3-1024x682.jpg 1024w, https:\/\/www.cssr.news\/italian\/wp-content\/uploads\/sites\/2\/2023\/05\/sn2023-colombia3-300x200.jpg 300w, https:\/\/www.cssr.news\/italian\/wp-content\/uploads\/sites\/2\/2023\/05\/sn2023-colombia3-768x512.jpg 768w, https:\/\/www.cssr.news\/italian\/wp-content\/uploads\/sites\/2\/2023\/05\/sn2023-colombia3-1536x1024.jpg 1536w, https:\/\/www.cssr.news\/italian\/wp-content\/uploads\/sites\/2\/2023\/05\/sn2023-colombia3-696x464.jpg 696w, https:\/\/www.cssr.news\/italian\/wp-content\/uploads\/sites\/2\/2023\/05\/sn2023-colombia3-1068x712.jpg 1068w, https:\/\/www.cssr.news\/italian\/wp-content\/uploads\/sites\/2\/2023\/05\/sn2023-colombia3-630x420.jpg 630w, https:\/\/www.cssr.news\/italian\/wp-content\/uploads\/sites\/2\/2023\/05\/sn2023-colombia3.jpg 1772w\" sizes=\"(max-width: 1024px) 100vw, 1024px\" \/><\/a><\/figure><\/li><li class=\"blocks-gallery-item\"><figure><a href=\"http:\/\/www.cssr.news\/italian\/wp-content\/uploads\/sites\/2\/2023\/05\/sn2023-colombia4.jpg\"><img width=\"682\" height=\"1024\" src=\"http:\/\/www.cssr.news\/italian\/wp-content\/uploads\/sites\/2\/2023\/05\/sn2023-colombia4-682x1024.jpg\" alt=\"\" data-id=\"21830\" data-full-url=\"http:\/\/www.cssr.news\/italian\/wp-content\/uploads\/sites\/2\/2023\/05\/sn2023-colombia4.jpg\" data-link=\"https:\/\/www.cssr.news\/italian\/?attachment_id=21830\" class=\"wp-image-21830\" srcset=\"https:\/\/www.cssr.news\/italian\/wp-content\/uploads\/sites\/2\/2023\/05\/sn2023-colombia4-682x1024.jpg 682w, https:\/\/www.cssr.news\/italian\/wp-content\/uploads\/sites\/2\/2023\/05\/sn2023-colombia4-200x300.jpg 200w, https:\/\/www.cssr.news\/italian\/wp-content\/uploads\/sites\/2\/2023\/05\/sn2023-colombia4-768x1152.jpg 768w, https:\/\/www.cssr.news\/italian\/wp-content\/uploads\/sites\/2\/2023\/05\/sn2023-colombia4-1024x1536.jpg 1024w, https:\/\/www.cssr.news\/italian\/wp-content\/uploads\/sites\/2\/2023\/05\/sn2023-colombia4-696x1044.jpg 696w, https:\/\/www.cssr.news\/italian\/wp-content\/uploads\/sites\/2\/2023\/05\/sn2023-colombia4-1068x1602.jpg 1068w, https:\/\/www.cssr.news\/italian\/wp-content\/uploads\/sites\/2\/2023\/05\/sn2023-colombia4-280x420.jpg 280w, https:\/\/www.cssr.news\/italian\/wp-content\/uploads\/sites\/2\/2023\/05\/sn2023-colombia4.jpg 1181w\" sizes=\"(max-width: 682px) 100vw, 682px\" \/><\/a><\/figure><\/li><li class=\"blocks-gallery-item\"><figure><a href=\"http:\/\/www.cssr.news\/italian\/wp-content\/uploads\/sites\/2\/2023\/05\/sn2023-colombia5.jpg\"><img width=\"1024\" height=\"682\" src=\"http:\/\/www.cssr.news\/italian\/wp-content\/uploads\/sites\/2\/2023\/05\/sn2023-colombia5-1024x682.jpg\" alt=\"\" data-id=\"21829\" data-full-url=\"http:\/\/www.cssr.news\/italian\/wp-content\/uploads\/sites\/2\/2023\/05\/sn2023-colombia5.jpg\" data-link=\"https:\/\/www.cssr.news\/italian\/?attachment_id=21829\" class=\"wp-image-21829\" srcset=\"https:\/\/www.cssr.news\/italian\/wp-content\/uploads\/sites\/2\/2023\/05\/sn2023-colombia5-1024x682.jpg 1024w, https:\/\/www.cssr.news\/italian\/wp-content\/uploads\/sites\/2\/2023\/05\/sn2023-colombia5-300x200.jpg 300w, https:\/\/www.cssr.news\/italian\/wp-content\/uploads\/sites\/2\/2023\/05\/sn2023-colombia5-768x512.jpg 768w, https:\/\/www.cssr.news\/italian\/wp-content\/uploads\/sites\/2\/2023\/05\/sn2023-colombia5-1536x1024.jpg 1536w, https:\/\/www.cssr.news\/italian\/wp-content\/uploads\/sites\/2\/2023\/05\/sn2023-colombia5-696x464.jpg 696w, https:\/\/www.cssr.news\/italian\/wp-content\/uploads\/sites\/2\/2023\/05\/sn2023-colombia5-1068x712.jpg 1068w, https:\/\/www.cssr.news\/italian\/wp-content\/uploads\/sites\/2\/2023\/05\/sn2023-colombia5-630x420.jpg 630w, https:\/\/www.cssr.news\/italian\/wp-content\/uploads\/sites\/2\/2023\/05\/sn2023-colombia5.jpg 1772w\" sizes=\"(max-width: 1024px) 100vw, 1024px\" \/><\/a><\/figure><\/li><\/ul><\/figure>\n\n\n\n<p>Nell&#8217;omelia, monsignor Ceballos ha ringraziato monsignor Mon per averlo scelto per svolgere l&#8217;ordinazione episcopale e ha sottolineato che sia lui che monsignor \u00c1lvaro non hanno studiato per essere vescovi, ma per seguire l&#8217;esempio di Ges\u00f9 Cristo nel predicare la parola di Dio ai poveri, come indicato nelle costituzioni redentoriste. Monsignor Ceballos ha ricordato che la nomina di monsignor \u00c1lvaro a vescovo \u00e8 frutto della grazia di Dio e non di una pretesa umana.<\/p>\n\n\n\n<p>Monsignor Ceballos ha parlato delle sfide pastorali e della mancanza di strutture consolidate a Puerto Carre\u00f1o. Ha incoraggiato monsignor \u00c1lvaro ad assumere con ottimismo il suo ministero episcopale, come profeta, testimone e servitore della speranza in quel territorio di missione. Lo ha invitato anche ad essere un pastore vicino alla gente, camminando con loro e dando priorit\u00e0 alla missione con i pi\u00f9 poveri e bisognosi, seguendo l&#8217;esempio del nostro fondatore, Sant&#8217;Alfonso Mar\u00eda de Ligorio.<\/p>\n\n\n\n<p>Successivamente, nel suo discorso al termine dell&#8217;Eucaristia, Monsignor \u00c1lvaro Mon ha espresso la sua gratitudine a Dio per essere nato in una famiglia credente, umile e laboriosa, nonch\u00e9 per aver fatto parte dei missionari redentoristi. Ha ringraziato la sua famiglia e i fedeli per il loro amore e le loro preghiere e ha inviato i suoi saluti e benedizioni a tutti coloro che compongono la Chiesa privata di Puerto Carre\u00f1o, inclusi fedeli, sacerdoti, diaconi, catechisti, agenti pastorali e autorit\u00e0 civili.<\/p>\n\n\n\n<p>Come famiglia redentorista, ringraziamo Dio per questa grande benedizione alla Chiesa e alla Congregazione e auguriamo a Monsignor \u00c1lvaro successo nella sua nuova missione. Ringraziamo i confratelli, seminaristi, laici e collaboratori che in modi diversi hanno contribuito alla solenne celebrazione dell&#8217;Eucaristia.<\/p>\n\n\n\n<p>Preghiamo in anticipo per la possessione canonica che monsignor \u00c1lvaro Mon effettuer\u00e0 a Puerto Carre\u00f1o, Vichada, l&#8217;8 giugno, e alla quale si attende una buona partecipazione anche da parte dei suoi fedeli, delle autorit\u00e0 ecclesiastiche e civili della sua giurisdizione.<\/p>\n\n\n\n<p>P. Oscar David Tarazona Trujillo C.Ss.R.<\/p>\n","protected":false},"excerpt":{"rendered":"<p>Con grande gioia, luned\u00ec scorso, 22 maggio, \u00e8 avvenuta l&#8217;Ordinazione Episcopale del nostro confratello redentorista P. \u00c1lvaro Mon P\u00e9rez, che dal 30 marzo era gi\u00e0 stato nominato da Papa Francesco nuovo Vicario Apostolico di Puerto Carre\u00f1o nel dipartimento di Vichada, Colombia. L&#8217;ordinazione di Monsignor \u00c1lvaro \u00e8 stata presieduta da Monsignor Francisco Antonio Ceballos Escobar, Vescovo [&hellip;]<\/p>\n","protected":false},"author":3,"featured_media":21833,"comment_status":"closed","ping_status":"closed","sticky":false,"template":"","format":"standard","meta":{"_mi_skip_tracking":false},"categories":[30],"tags":[],"_links":{"self":[{"href":"https:\/\/www.cssr.news\/italian\/wp-json\/wp\/v2\/posts\/21828"}],"collection":[{"href":"https:\/\/www.cssr.news\/italian\/wp-json\/wp\/v2\/posts"}],"about":[{"href":"https:\/\/www.cssr.news\/italian\/wp-json\/wp\/v2\/types\/post"}],"author":[{"embeddable":true,"href":"https:\/\/www.cssr.news\/italian\/wp-json\/wp\/v2\/users\/3"}],"replies":[{"embeddable":true,"href":"https:\/\/www.cssr.news\/italian\/wp-json\/wp\/v2\/comments?post=21828"}],"version-history":[{"count":1,"href":"https:\/\/www.cssr.news\/italian\/wp-json\/wp\/v2\/posts\/21828\/revisions"}],"predecessor-version":[{"id":21834,"href":"https:\/\/www.cssr.news\/italian\/wp-json\/wp\/v2\/posts\/21828\/revisions\/21834"}],"wp:featuredmedia":[{"embeddable":true,"href":"https:\/\/www.cssr.news\/italian\/wp-json\/wp\/v2\/media\/21833"}],"wp:attachment":[{"href":"https:\/\/www.cssr.news\/italian\/wp-json\/wp\/v2\/media?parent=21828"}],"wp:term":[{"taxonomy":"category","embeddable":true,"href":"https:\/\/www.cssr.news\/italian\/wp-json\/wp\/v2\/categories?post=21828"},{"taxonomy":"post_tag","embeddable":true,"href":"https:\/\/www.cssr.news\/italian\/wp-json\/wp\/v2\/tags?post=21828"}],"curies":[{"name":"wp","href":"https:\/\/api.w.org\/{rel}","templated":true}]}}