{"id":21937,"date":"2023-06-07T18:27:37","date_gmt":"2023-06-07T16:27:37","guid":{"rendered":"https:\/\/www.cssr.news\/italian\/?p=21937"},"modified":"2023-06-07T18:40:02","modified_gmt":"2023-06-07T16:40:02","slug":"provincia-di-varsavia-nuovi-oblati-redentoristi-e-celebrazione-giubilare-a-szczecinek","status":"publish","type":"post","link":"https:\/\/www.cssr.news\/italian\/2023\/06\/provincia-di-varsavia-nuovi-oblati-redentoristi-e-celebrazione-giubilare-a-szczecinek\/","title":{"rendered":"Provincia di Varsavia: Nuovi Oblati Redentoristi e Celebrazione Giubilare a Szczecinek"},"content":{"rendered":"\n<p>Il 4 giugno 2023 \u00e8 stato un giorno speciale per la parrocchia dello Spirito Santo di Szczecinek. Abbiamo celebrato il 100\u00b0 anniversario della dedicazione della chiesa e il 50\u00b0 anniversario della parrocchia. La Messa giubilare \u00e8 stata presieduta da mons. Krzysztof Zadarko, vescovo ausiliare della diocesi di Koszalin-Ko\u0142obrzeg (Polonia).<\/p>\n\n\n\n<p>Alla nostra celebrazione hanno partecipato Madre Agnieszka Krauz, superiora provinciale delle Suore Serve dell&#8217;Immacolata Concezione della Beata Vergine Maria di D\u0119bica, e le suore che hanno lavorato nella nostra parrocchia. Erano presenti anche rappresentanti delle autorit\u00e0 civili, dei servizi in divisa, dirigenti scolastici e rappresentanti di diversi enti e aziende della citt\u00e0.<\/p>\n\n\n\n<p>Nell&#8217;omelia il Vescovo ha condiviso la riflessione sul mistero della Chiesa, che ci \u00e8 stato donato da Dio Uno e Trino e nella quale siamo entrati attraverso il Santo Battesimo. Il Vescovo ha parlato della Chiesa \u2013 quella fatta di mattoni e quella che \u00e8 il Corpo Mistico di Cristo. Il predicatore ci ha guidato attraverso la storia della chiesa e della comunit\u00e0 redentorista di Stettino. Ha menzionato i tanti Redentoristi che hanno lavorato nella parrocchia e ha fatto notare le numerose opere compiute nel corso degli anni.<\/p>\n\n\n\n<p>Al termine della Messa, padre Dariusz Paszy\u0144ski CSsR, superiore provinciale, ha consegnato i diplomi ai nuovi oblati \u2013 Marianna e Feliks Radzymi\u0144ski, Lidia e Marian Duchnowicz, Dorota Szpernalowska, Stefan Przyborek e Szymon Cie\u015blar che sono i primi oblati nella storia della nostra casa religiosa a Szczecinek.<\/p>\n\n\n\n<figure class=\"wp-block-gallery columns-3 is-cropped\"><ul class=\"blocks-gallery-grid\"><li class=\"blocks-gallery-item\"><figure><a href=\"http:\/\/www.cssr.news\/italian\/wp-content\/uploads\/sites\/2\/2023\/06\/sn2023-0607-PL-Szczecinek20.jpg\"><img width=\"1024\" height=\"685\" src=\"http:\/\/www.cssr.news\/italian\/wp-content\/uploads\/sites\/2\/2023\/06\/sn2023-0607-PL-Szczecinek20-1024x685.jpg\" alt=\"\" data-id=\"21942\" data-full-url=\"http:\/\/www.cssr.news\/italian\/wp-content\/uploads\/sites\/2\/2023\/06\/sn2023-0607-PL-Szczecinek20.jpg\" data-link=\"https:\/\/www.cssr.news\/italian\/?attachment_id=21942\" class=\"wp-image-21942\" srcset=\"https:\/\/www.cssr.news\/italian\/wp-content\/uploads\/sites\/2\/2023\/06\/sn2023-0607-PL-Szczecinek20-1024x685.jpg 1024w, https:\/\/www.cssr.news\/italian\/wp-content\/uploads\/sites\/2\/2023\/06\/sn2023-0607-PL-Szczecinek20-300x201.jpg 300w, https:\/\/www.cssr.news\/italian\/wp-content\/uploads\/sites\/2\/2023\/06\/sn2023-0607-PL-Szczecinek20-768x514.jpg 768w, https:\/\/www.cssr.news\/italian\/wp-content\/uploads\/sites\/2\/2023\/06\/sn2023-0607-PL-Szczecinek20-696x466.jpg 696w, https:\/\/www.cssr.news\/italian\/wp-content\/uploads\/sites\/2\/2023\/06\/sn2023-0607-PL-Szczecinek20-1068x715.jpg 1068w, https:\/\/www.cssr.news\/italian\/wp-content\/uploads\/sites\/2\/2023\/06\/sn2023-0607-PL-Szczecinek20-628x420.jpg 628w, https:\/\/www.cssr.news\/italian\/wp-content\/uploads\/sites\/2\/2023\/06\/sn2023-0607-PL-Szczecinek20.jpg 1140w\" sizes=\"(max-width: 1024px) 100vw, 1024px\" \/><\/a><\/figure><\/li><li class=\"blocks-gallery-item\"><figure><a href=\"http:\/\/www.cssr.news\/italian\/wp-content\/uploads\/sites\/2\/2023\/06\/sn2023-0607-PL-Szczecinek11.jpg\"><img width=\"1024\" height=\"685\" src=\"http:\/\/www.cssr.news\/italian\/wp-content\/uploads\/sites\/2\/2023\/06\/sn2023-0607-PL-Szczecinek11-1024x685.jpg\" alt=\"\" data-id=\"21941\" data-full-url=\"http:\/\/www.cssr.news\/italian\/wp-content\/uploads\/sites\/2\/2023\/06\/sn2023-0607-PL-Szczecinek11.jpg\" data-link=\"https:\/\/www.cssr.news\/italian\/?attachment_id=21941\" class=\"wp-image-21941\" srcset=\"https:\/\/www.cssr.news\/italian\/wp-content\/uploads\/sites\/2\/2023\/06\/sn2023-0607-PL-Szczecinek11-1024x685.jpg 1024w, https:\/\/www.cssr.news\/italian\/wp-content\/uploads\/sites\/2\/2023\/06\/sn2023-0607-PL-Szczecinek11-300x201.jpg 300w, https:\/\/www.cssr.news\/italian\/wp-content\/uploads\/sites\/2\/2023\/06\/sn2023-0607-PL-Szczecinek11-768x514.jpg 768w, https:\/\/www.cssr.news\/italian\/wp-content\/uploads\/sites\/2\/2023\/06\/sn2023-0607-PL-Szczecinek11-696x466.jpg 696w, https:\/\/www.cssr.news\/italian\/wp-content\/uploads\/sites\/2\/2023\/06\/sn2023-0607-PL-Szczecinek11-1068x715.jpg 1068w, https:\/\/www.cssr.news\/italian\/wp-content\/uploads\/sites\/2\/2023\/06\/sn2023-0607-PL-Szczecinek11-628x420.jpg 628w, https:\/\/www.cssr.news\/italian\/wp-content\/uploads\/sites\/2\/2023\/06\/sn2023-0607-PL-Szczecinek11.jpg 1140w\" sizes=\"(max-width: 1024px) 100vw, 1024px\" \/><\/a><\/figure><\/li><li class=\"blocks-gallery-item\"><figure><a href=\"http:\/\/www.cssr.news\/italian\/wp-content\/uploads\/sites\/2\/2023\/06\/sn2023-0607-PL-Szczecinek12.jpg\"><img width=\"1024\" height=\"685\" src=\"http:\/\/www.cssr.news\/italian\/wp-content\/uploads\/sites\/2\/2023\/06\/sn2023-0607-PL-Szczecinek12-1024x685.jpg\" alt=\"\" data-id=\"21940\" data-full-url=\"http:\/\/www.cssr.news\/italian\/wp-content\/uploads\/sites\/2\/2023\/06\/sn2023-0607-PL-Szczecinek12.jpg\" data-link=\"https:\/\/www.cssr.news\/italian\/?attachment_id=21940\" class=\"wp-image-21940\" srcset=\"https:\/\/www.cssr.news\/italian\/wp-content\/uploads\/sites\/2\/2023\/06\/sn2023-0607-PL-Szczecinek12-1024x685.jpg 1024w, https:\/\/www.cssr.news\/italian\/wp-content\/uploads\/sites\/2\/2023\/06\/sn2023-0607-PL-Szczecinek12-300x201.jpg 300w, https:\/\/www.cssr.news\/italian\/wp-content\/uploads\/sites\/2\/2023\/06\/sn2023-0607-PL-Szczecinek12-768x514.jpg 768w, https:\/\/www.cssr.news\/italian\/wp-content\/uploads\/sites\/2\/2023\/06\/sn2023-0607-PL-Szczecinek12-696x466.jpg 696w, https:\/\/www.cssr.news\/italian\/wp-content\/uploads\/sites\/2\/2023\/06\/sn2023-0607-PL-Szczecinek12-1068x715.jpg 1068w, https:\/\/www.cssr.news\/italian\/wp-content\/uploads\/sites\/2\/2023\/06\/sn2023-0607-PL-Szczecinek12-628x420.jpg 628w, https:\/\/www.cssr.news\/italian\/wp-content\/uploads\/sites\/2\/2023\/06\/sn2023-0607-PL-Szczecinek12.jpg 1140w\" sizes=\"(max-width: 1024px) 100vw, 1024px\" \/><\/a><\/figure><\/li><li class=\"blocks-gallery-item\"><figure><a href=\"http:\/\/www.cssr.news\/italian\/wp-content\/uploads\/sites\/2\/2023\/06\/sn2023-0607-PL-Szczecinek13.jpg\"><img width=\"1024\" height=\"685\" src=\"http:\/\/www.cssr.news\/italian\/wp-content\/uploads\/sites\/2\/2023\/06\/sn2023-0607-PL-Szczecinek13-1024x685.jpg\" alt=\"\" data-id=\"21939\" data-full-url=\"http:\/\/www.cssr.news\/italian\/wp-content\/uploads\/sites\/2\/2023\/06\/sn2023-0607-PL-Szczecinek13.jpg\" data-link=\"https:\/\/www.cssr.news\/italian\/?attachment_id=21939\" class=\"wp-image-21939\" srcset=\"https:\/\/www.cssr.news\/italian\/wp-content\/uploads\/sites\/2\/2023\/06\/sn2023-0607-PL-Szczecinek13-1024x685.jpg 1024w, https:\/\/www.cssr.news\/italian\/wp-content\/uploads\/sites\/2\/2023\/06\/sn2023-0607-PL-Szczecinek13-300x201.jpg 300w, https:\/\/www.cssr.news\/italian\/wp-content\/uploads\/sites\/2\/2023\/06\/sn2023-0607-PL-Szczecinek13-768x514.jpg 768w, https:\/\/www.cssr.news\/italian\/wp-content\/uploads\/sites\/2\/2023\/06\/sn2023-0607-PL-Szczecinek13-696x466.jpg 696w, https:\/\/www.cssr.news\/italian\/wp-content\/uploads\/sites\/2\/2023\/06\/sn2023-0607-PL-Szczecinek13-1068x715.jpg 1068w, https:\/\/www.cssr.news\/italian\/wp-content\/uploads\/sites\/2\/2023\/06\/sn2023-0607-PL-Szczecinek13-628x420.jpg 628w, https:\/\/www.cssr.news\/italian\/wp-content\/uploads\/sites\/2\/2023\/06\/sn2023-0607-PL-Szczecinek13.jpg 1140w\" sizes=\"(max-width: 1024px) 100vw, 1024px\" \/><\/a><\/figure><\/li><li class=\"blocks-gallery-item\"><figure><a href=\"http:\/\/www.cssr.news\/italian\/wp-content\/uploads\/sites\/2\/2023\/06\/sn2023-0607-PL-Szczecinek21.jpg\"><img width=\"1024\" height=\"685\" src=\"http:\/\/www.cssr.news\/italian\/wp-content\/uploads\/sites\/2\/2023\/06\/sn2023-0607-PL-Szczecinek21-1024x685.jpg\" alt=\"\" data-id=\"21938\" data-full-url=\"http:\/\/www.cssr.news\/italian\/wp-content\/uploads\/sites\/2\/2023\/06\/sn2023-0607-PL-Szczecinek21.jpg\" data-link=\"https:\/\/www.cssr.news\/italian\/?attachment_id=21938\" class=\"wp-image-21938\" srcset=\"https:\/\/www.cssr.news\/italian\/wp-content\/uploads\/sites\/2\/2023\/06\/sn2023-0607-PL-Szczecinek21-1024x685.jpg 1024w, https:\/\/www.cssr.news\/italian\/wp-content\/uploads\/sites\/2\/2023\/06\/sn2023-0607-PL-Szczecinek21-300x201.jpg 300w, https:\/\/www.cssr.news\/italian\/wp-content\/uploads\/sites\/2\/2023\/06\/sn2023-0607-PL-Szczecinek21-768x514.jpg 768w, https:\/\/www.cssr.news\/italian\/wp-content\/uploads\/sites\/2\/2023\/06\/sn2023-0607-PL-Szczecinek21-696x466.jpg 696w, https:\/\/www.cssr.news\/italian\/wp-content\/uploads\/sites\/2\/2023\/06\/sn2023-0607-PL-Szczecinek21-1068x715.jpg 1068w, https:\/\/www.cssr.news\/italian\/wp-content\/uploads\/sites\/2\/2023\/06\/sn2023-0607-PL-Szczecinek21-628x420.jpg 628w, https:\/\/www.cssr.news\/italian\/wp-content\/uploads\/sites\/2\/2023\/06\/sn2023-0607-PL-Szczecinek21.jpg 1140w\" sizes=\"(max-width: 1024px) 100vw, 1024px\" \/><\/a><\/figure><\/li><\/ul><\/figure>\n\n\n\n<p>Dopo la solenne benedizione, il Vescovo ha benedetto una targa commemorativa posta all&#8217;ingresso della chiesa.<\/p>\n\n\n\n<p>P. Arkadiusz Sojka CSsR,<br>parroco e superiore della comunit\u00e0 redentorista di Szczecinek<br>(www.redemptor.pl)<\/p>\n","protected":false},"excerpt":{"rendered":"<p>Il 4 giugno 2023 \u00e8 stato un giorno speciale per la parrocchia dello Spirito Santo di Szczecinek. Abbiamo celebrato il 100\u00b0 anniversario della dedicazione della chiesa e il 50\u00b0 anniversario della parrocchia. La Messa giubilare \u00e8 stata presieduta da mons. Krzysztof Zadarko, vescovo ausiliare della diocesi di Koszalin-Ko\u0142obrzeg (Polonia). Alla nostra celebrazione hanno partecipato Madre [&hellip;]<\/p>\n","protected":false},"author":3,"featured_media":21943,"comment_status":"closed","ping_status":"closed","sticky":false,"template":"","format":"standard","meta":{"_mi_skip_tracking":false},"categories":[2],"tags":[],"_links":{"self":[{"href":"https:\/\/www.cssr.news\/italian\/wp-json\/wp\/v2\/posts\/21937"}],"collection":[{"href":"https:\/\/www.cssr.news\/italian\/wp-json\/wp\/v2\/posts"}],"about":[{"href":"https:\/\/www.cssr.news\/italian\/wp-json\/wp\/v2\/types\/post"}],"author":[{"embeddable":true,"href":"https:\/\/www.cssr.news\/italian\/wp-json\/wp\/v2\/users\/3"}],"replies":[{"embeddable":true,"href":"https:\/\/www.cssr.news\/italian\/wp-json\/wp\/v2\/comments?post=21937"}],"version-history":[{"count":2,"href":"https:\/\/www.cssr.news\/italian\/wp-json\/wp\/v2\/posts\/21937\/revisions"}],"predecessor-version":[{"id":21946,"href":"https:\/\/www.cssr.news\/italian\/wp-json\/wp\/v2\/posts\/21937\/revisions\/21946"}],"wp:featuredmedia":[{"embeddable":true,"href":"https:\/\/www.cssr.news\/italian\/wp-json\/wp\/v2\/media\/21943"}],"wp:attachment":[{"href":"https:\/\/www.cssr.news\/italian\/wp-json\/wp\/v2\/media?parent=21937"}],"wp:term":[{"taxonomy":"category","embeddable":true,"href":"https:\/\/www.cssr.news\/italian\/wp-json\/wp\/v2\/categories?post=21937"},{"taxonomy":"post_tag","embeddable":true,"href":"https:\/\/www.cssr.news\/italian\/wp-json\/wp\/v2\/tags?post=21937"}],"curies":[{"name":"wp","href":"https:\/\/api.w.org\/{rel}","templated":true}]}}