{"id":22008,"date":"2023-06-12T16:04:42","date_gmt":"2023-06-12T14:04:42","guid":{"rendered":"https:\/\/www.cssr.news\/italian\/?p=22008"},"modified":"2023-06-12T16:04:44","modified_gmt":"2023-06-12T14:04:44","slug":"inaugurazione-della-sala-bernhard-haring-a-madrid","status":"publish","type":"post","link":"https:\/\/www.cssr.news\/italian\/2023\/06\/inaugurazione-della-sala-bernhard-haring-a-madrid\/","title":{"rendered":"Inaugurazione della sala Bernhard H\u00e4ring, a Madrid"},"content":{"rendered":"\n<p>Il 7 giugno di quest&#8217;anno \u00e8 stata inaugurata la Sala Bernhard H\u00e4ring, in omaggio e riconoscente memoria del nostro grande teologo moralista.<\/p>\n\n\n\n<p>Nonostante fosse un pomeriggio piovoso, la Sala era quasi piena per celebrare questo evento, su proposta della Comunit\u00e0 del Perpetuo Soccorso di Madrid.<\/p>\n\n\n\n<p>P. Jos\u00e9 Lu\u00eds Bartolom\u00e9, superiore della casa, ha fatto la presentazione e ha spiegato le ragioni per dedicare questa sala a P. H\u00e4ring. Egli, in pi\u00f9 occasioni \u00e8 stato in Spagna. Tra questi, ha partecipato al primo congresso morale, organizzato dai Redentoristi spagnoli, in occasione del I Centenario del loro arrivo in Spagna. Con questo congresso inizi\u00f2 il rinnovamento della teologia morale in Spagna.<\/p>\n\n\n\n<p>Momento clou del evento \u00e8 stata la stupenda conferenza di P. Marciano Vidal, professore emerito in diverse Universit\u00e0 e nel nostro Istituto Superiore di Scienze Morali. Ci ha parlato, magistralmente come sempre, degli ultimi dieci anni di pontificato di papa Francesco.<\/p>\n\n\n\n<figure class=\"wp-block-gallery columns-3 is-cropped\"><ul class=\"blocks-gallery-grid\"><li class=\"blocks-gallery-item\"><figure><a href=\"http:\/\/www.cssr.news\/italian\/wp-content\/uploads\/sites\/2\/2023\/06\/sn2023_vidal02.jpg\"><img width=\"886\" height=\"554\" src=\"http:\/\/www.cssr.news\/italian\/wp-content\/uploads\/sites\/2\/2023\/06\/sn2023_vidal02.jpg\" alt=\"\" data-id=\"22011\" data-full-url=\"http:\/\/www.cssr.news\/italian\/wp-content\/uploads\/sites\/2\/2023\/06\/sn2023_vidal02.jpg\" data-link=\"https:\/\/www.cssr.news\/italian\/?attachment_id=22011\" class=\"wp-image-22011\" srcset=\"https:\/\/www.cssr.news\/italian\/wp-content\/uploads\/sites\/2\/2023\/06\/sn2023_vidal02.jpg 886w, https:\/\/www.cssr.news\/italian\/wp-content\/uploads\/sites\/2\/2023\/06\/sn2023_vidal02-300x188.jpg 300w, https:\/\/www.cssr.news\/italian\/wp-content\/uploads\/sites\/2\/2023\/06\/sn2023_vidal02-768x480.jpg 768w, https:\/\/www.cssr.news\/italian\/wp-content\/uploads\/sites\/2\/2023\/06\/sn2023_vidal02-696x435.jpg 696w, https:\/\/www.cssr.news\/italian\/wp-content\/uploads\/sites\/2\/2023\/06\/sn2023_vidal02-672x420.jpg 672w\" sizes=\"(max-width: 886px) 100vw, 886px\" \/><\/a><\/figure><\/li><li class=\"blocks-gallery-item\"><figure><a href=\"http:\/\/www.cssr.news\/italian\/wp-content\/uploads\/sites\/2\/2023\/06\/sn2023_vidal03.jpg\"><img width=\"923\" height=\"527\" src=\"http:\/\/www.cssr.news\/italian\/wp-content\/uploads\/sites\/2\/2023\/06\/sn2023_vidal03.jpg\" alt=\"\" data-id=\"22010\" data-full-url=\"http:\/\/www.cssr.news\/italian\/wp-content\/uploads\/sites\/2\/2023\/06\/sn2023_vidal03.jpg\" data-link=\"https:\/\/www.cssr.news\/italian\/?attachment_id=22010\" class=\"wp-image-22010\" srcset=\"https:\/\/www.cssr.news\/italian\/wp-content\/uploads\/sites\/2\/2023\/06\/sn2023_vidal03.jpg 923w, https:\/\/www.cssr.news\/italian\/wp-content\/uploads\/sites\/2\/2023\/06\/sn2023_vidal03-300x171.jpg 300w, https:\/\/www.cssr.news\/italian\/wp-content\/uploads\/sites\/2\/2023\/06\/sn2023_vidal03-768x439.jpg 768w, https:\/\/www.cssr.news\/italian\/wp-content\/uploads\/sites\/2\/2023\/06\/sn2023_vidal03-696x397.jpg 696w, https:\/\/www.cssr.news\/italian\/wp-content\/uploads\/sites\/2\/2023\/06\/sn2023_vidal03-736x420.jpg 736w\" sizes=\"(max-width: 923px) 100vw, 923px\" \/><\/a><\/figure><\/li><li class=\"blocks-gallery-item\"><figure><a href=\"http:\/\/www.cssr.news\/italian\/wp-content\/uploads\/sites\/2\/2023\/06\/sn2023_vidal04.jpg\"><img width=\"886\" height=\"496\" src=\"http:\/\/www.cssr.news\/italian\/wp-content\/uploads\/sites\/2\/2023\/06\/sn2023_vidal04.jpg\" alt=\"\" data-id=\"22009\" data-full-url=\"http:\/\/www.cssr.news\/italian\/wp-content\/uploads\/sites\/2\/2023\/06\/sn2023_vidal04.jpg\" data-link=\"https:\/\/www.cssr.news\/italian\/?attachment_id=22009\" class=\"wp-image-22009\" srcset=\"https:\/\/www.cssr.news\/italian\/wp-content\/uploads\/sites\/2\/2023\/06\/sn2023_vidal04.jpg 886w, https:\/\/www.cssr.news\/italian\/wp-content\/uploads\/sites\/2\/2023\/06\/sn2023_vidal04-300x168.jpg 300w, https:\/\/www.cssr.news\/italian\/wp-content\/uploads\/sites\/2\/2023\/06\/sn2023_vidal04-768x430.jpg 768w, https:\/\/www.cssr.news\/italian\/wp-content\/uploads\/sites\/2\/2023\/06\/sn2023_vidal04-696x390.jpg 696w, https:\/\/www.cssr.news\/italian\/wp-content\/uploads\/sites\/2\/2023\/06\/sn2023_vidal04-750x420.jpg 750w\" sizes=\"(max-width: 886px) 100vw, 886px\" \/><\/a><\/figure><\/li><\/ul><\/figure>\n\n\n\n<p>Come idee centrali ha evidenziato:<\/p>\n\n\n\n<p>Papa Francesco ha posto la Chiesa in una prospettiva missionaria: una Chiesa &#8220;in uscita&#8221; verso le &#8220;periferie&#8221; della societ\u00e0.<br>Il Papa, &#8220;venuto da lontano&#8221;, ha evidenziato la misericordia come valore decisivo del messaggio cristiano.<br>Ha assunto l&#8217;interesse ecologico, attraverso un&#8217;enciclica (Laudato Si) e dedicando un Sinodo all&#8217;Amazzonia.<br>Ha accresciuto la Dottrina Sociale della Chiesa con la magnifica enciclica &#8220;Fratelli tutti&#8221;.<br>Il Papa di tutti, ha coltivato il dialogo con le Grandi Religioni, pi\u00f9 precisamente con l&#8217;Islam.<\/p>\n\n\n\n<p>Il ringraziamento \u00e8 stato rivolto a coloro che hanno reso possibile l&#8217;atto, a P. Manuel Redondo che ha disegnato la targa, a coloro che hanno collaborato e a tutti i presenti.<\/p>\n\n\n\n<p>           Dopo entrambi interventi, P. Jos\u00e9 Lu\u00eds ha scoperto la targa, collocata a tale scopo, all&#8217;ingresso dell&#8217;aula inaugurata. Dopo l&#8217;applauso riconoscente dei tanti presenti, abbiamo condiviso un vino spagnolo, offerto dalla Comunit\u00e0 e che \u00e8 stata occasione di condivisione tra tutti i parrocchiani presenti e con quelli venuti da altri luoghi.<\/p>\n\n\n\n<p>P. Manuel Redondo Moreno, CSsR<br>Madrid, 8 giugno 2023<\/p>\n","protected":false},"excerpt":{"rendered":"<p>Il 7 giugno di quest&#8217;anno \u00e8 stata inaugurata la Sala Bernhard H\u00e4ring, in omaggio e riconoscente memoria del nostro grande teologo moralista. Nonostante fosse un pomeriggio piovoso, la Sala era quasi piena per celebrare questo evento, su proposta della Comunit\u00e0 del Perpetuo Soccorso di Madrid. P. Jos\u00e9 Lu\u00eds Bartolom\u00e9, superiore della casa, ha fatto la [&hellip;]<\/p>\n","protected":false},"author":3,"featured_media":22012,"comment_status":"closed","ping_status":"closed","sticky":false,"template":"","format":"standard","meta":{"_mi_skip_tracking":false},"categories":[2],"tags":[],"_links":{"self":[{"href":"https:\/\/www.cssr.news\/italian\/wp-json\/wp\/v2\/posts\/22008"}],"collection":[{"href":"https:\/\/www.cssr.news\/italian\/wp-json\/wp\/v2\/posts"}],"about":[{"href":"https:\/\/www.cssr.news\/italian\/wp-json\/wp\/v2\/types\/post"}],"author":[{"embeddable":true,"href":"https:\/\/www.cssr.news\/italian\/wp-json\/wp\/v2\/users\/3"}],"replies":[{"embeddable":true,"href":"https:\/\/www.cssr.news\/italian\/wp-json\/wp\/v2\/comments?post=22008"}],"version-history":[{"count":1,"href":"https:\/\/www.cssr.news\/italian\/wp-json\/wp\/v2\/posts\/22008\/revisions"}],"predecessor-version":[{"id":22013,"href":"https:\/\/www.cssr.news\/italian\/wp-json\/wp\/v2\/posts\/22008\/revisions\/22013"}],"wp:featuredmedia":[{"embeddable":true,"href":"https:\/\/www.cssr.news\/italian\/wp-json\/wp\/v2\/media\/22012"}],"wp:attachment":[{"href":"https:\/\/www.cssr.news\/italian\/wp-json\/wp\/v2\/media?parent=22008"}],"wp:term":[{"taxonomy":"category","embeddable":true,"href":"https:\/\/www.cssr.news\/italian\/wp-json\/wp\/v2\/categories?post=22008"},{"taxonomy":"post_tag","embeddable":true,"href":"https:\/\/www.cssr.news\/italian\/wp-json\/wp\/v2\/tags?post=22008"}],"curies":[{"name":"wp","href":"https:\/\/api.w.org\/{rel}","templated":true}]}}