{"id":23097,"date":"2023-10-04T18:51:57","date_gmt":"2023-10-04T16:51:57","guid":{"rendered":"https:\/\/www.cssr.news\/italian\/?p=23097"},"modified":"2023-10-04T18:51:57","modified_gmt":"2023-10-04T16:51:57","slug":"un-sinodo-che-anima-la-missione-della-chiesa-universale-con-il-carisma-redentorista","status":"publish","type":"post","link":"https:\/\/www.cssr.news\/italian\/2023\/10\/un-sinodo-che-anima-la-missione-della-chiesa-universale-con-il-carisma-redentorista\/","title":{"rendered":"Un sinodo che anima la missione della Chiesa universale con il carisma redentorista"},"content":{"rendered":"\n<p>Con la prima sessione tenutasi oggi, 4 ottobre 2023, si apre ufficialmente il Sinodo \u201cper una Chiesa sinodale\u201d, che durer\u00e0 fino al 29 ottobre 2023.<\/p>\n\n\n\n<p><strong>\u201cSinodo sulla sinodalit\u00e0\u201d<\/strong><\/p>\n\n\n\n<p>La Chiesa di Dio \u00e8 convocata in Sinodo. Con questo appello, Papa Francesco invita tutta la Chiesa a mettere in discussione la sinodalit\u00e0: una questione decisiva per la vita e la missione della Chiesa.<\/p>\n\n\n\n<p><strong>Cos\u2019\u00e8 un Sinodo?<\/strong><\/p>\n\n\n\n<p>Un sinodo \u00e8 un incontro o assemblea religiosa in cui i vescovi, riuniti con il Santo Padre, hanno l&#8217;opportunit\u00e0 di scambiarsi reciprocamente informazioni e condividere esperienze, con l&#8217;obiettivo comune di ricercare soluzioni pastorali che abbiano validit\u00e0 e applicazione universali.<\/p>\n\n\n\n<p><strong>La novit\u00e0 di questo Sinodo 2023<\/strong><\/p>\n\n\n\n<p>Il 9 ottobre 2021 la Chiesa cattolica ha avviato un processo intenzionale di ascolto reciproco che dura da due anni e ha impegnato il Popolo di Dio in un cammino di comunione, partecipazione e missione<\/p>\n\n\n\n<p>Obiettivo di questo Processo sinodale non \u00e8 solo una serie di esercizi che iniziano e si fermano, ma un cammino di autentica crescita verso la comunione e la missione che Dio chiama la Chiesa a vivere nel terzo millennio.<\/p>\n\n\n\n<p>Sinodalit\u00e0 \u00e8 un termine nuovo che esprime l&#8217;identit\u00e0 della Chiesa come Popolo di Dio in cammino, in pellegrinaggio verso il Regno; Sottolinea la comune dignit\u00e0 di tutti i cristiani e afferma la loro corresponsabilit\u00e0 nella missione evangelizzatrice.<\/p>\n\n\n\n<p><strong>Che cosa significa questo evento nella vita della Congregazione del Santissimo Redentore?<\/strong><\/p>\n\n\n\n<p>Raccogliamo la risposta dal contributo e dalla testimonianza di alcuni confratelli che meglio ci mostrano il \u201cprocesso sinodale\u201d in questi tempi in cui viviamo l&#8217;impegno di esprimere al mondo la nostra identit\u00e0: <em>Missionari della speranza sulle orme del Redentore.<\/em><\/p>\n\n\n\n<div class=\"wp-block-image\"><figure class=\"aligncenter size-large is-resized\"><a href=\"http:\/\/www.cssr.news\/italian\/wp-content\/uploads\/sites\/2\/2021\/03\/tobin_pope.png\"><img src=\"http:\/\/www.cssr.news\/italian\/wp-content\/uploads\/sites\/2\/2021\/03\/tobin_pope.png\" alt=\"\" class=\"wp-image-14110\" width=\"477\" height=\"318\" srcset=\"https:\/\/www.cssr.news\/italian\/wp-content\/uploads\/sites\/2\/2021\/03\/tobin_pope.png 750w, https:\/\/www.cssr.news\/italian\/wp-content\/uploads\/sites\/2\/2021\/03\/tobin_pope-300x200.png 300w, https:\/\/www.cssr.news\/italian\/wp-content\/uploads\/sites\/2\/2021\/03\/tobin_pope-696x464.png 696w, https:\/\/www.cssr.news\/italian\/wp-content\/uploads\/sites\/2\/2021\/03\/tobin_pope-630x420.png 630w\" sizes=\"(max-width: 477px) 100vw, 477px\" \/><\/a><\/figure><\/div>\n\n\n\n<p><strong>Il cardinale Tobin: \u201cLa sinodalit\u00e0 \u00e8 il veicolo di Papa Francesco per cambiare la Chiesa\u201d (6 maggio 2021<\/strong>)<\/p>\n\n\n\n<p>Il cardinale Tobin, in una conferenza, ha identificato la proposta di sinodalit\u00e0 di Papa Francesco come il veicolo attraverso il quale spera di inaugurare questa nuova attenzione al bisogno di misericordia e all&#8217;ascolto di una serie di voci nella Chiesa, affermando che si tratta di un \u201cmodello della Chiesa che il Signore si aspetta da noi in questi millenni, e che richieder\u00e0 cambiamenti nel modo in cui facciamo e siamo Chiesa\u201d.<\/p>\n\n\n\n<p>Basandosi sulla propria esperienza partecipando a cinque sinodi come ex superiore generale della Congregazione del Santissimo Redentore, tre sotto Papa Giovanni Paolo II e due sotto Papa Benedetto XVI, Tobin ha detto che Francesco sta \u201cmettendo a punto un motore\u201d per il Sinodo dei vescovi, un organismo avviato da Papa Paolo VI.<\/p>\n\n\n\n<p>La sinodalit\u00e0, ha osservato il cardinale, \u00e8 uno \u201cslogan di questo papato\u201d spesso frainteso. Tobin ha detto che il percorso deve essere guidato da una Chiesa disposta a camminare insieme, riconoscendo l\u2019importanza della conversione e il ruolo che la misericordia gioca in quel processo.<\/p>\n\n\n\n<p>Scala News: <a href=\"https:\/\/www.cssr.news\/italian\/2021\/05\/cardinale-tobin-la-sinodalita-e-il-veicolo-di-papa-francesco-per-cambiare-la-chiesa\/\" data-type=\"URL\" data-id=\"https:\/\/www.cssr.news\/italian\/2021\/05\/cardinale-tobin-la-sinodalita-e-il-veicolo-di-papa-francesco-per-cambiare-la-chiesa\/\" target=\"_blank\" rel=\"noreferrer noopener\">Cardinale Tobin: La sinodalit\u00e0 \u00e8 il veicolo di Papa Francesco per cambiare la Chiesa<\/a><\/p>\n\n\n\n<p><strong>Un Redentorista nella Commissione Teologica della Sinodalit\u00e0<\/strong><\/p>\n\n\n\n<p>In ottobre 2021, il Segretario Generale del Sinodo dei Vescovi, il Cardinale Mario Grech, ha nominato una commissione teologica composta da 25 membri per assistere in questo processo sinodale che culminer\u00e0 con il Sinodo dei Vescovi a Roma nell&#8217;ottobre 2023. Tra i tre teologi asiatici nominati in questa Commissione \u00e8 il Padre Redentorista dello Sri Lanka, Vimal Tirimanna CSsR<\/p>\n\n\n\n<div class=\"wp-block-image\"><figure class=\"aligncenter size-large is-resized\"><a href=\"http:\/\/www.cssr.news\/italian\/wp-content\/uploads\/sites\/2\/2021\/10\/fr-Vimal-Synod1.jpg\"><img src=\"http:\/\/www.cssr.news\/italian\/wp-content\/uploads\/sites\/2\/2021\/10\/fr-Vimal-Synod1-1024x576.jpg\" alt=\"\" class=\"wp-image-16278\" width=\"513\" height=\"288\" srcset=\"https:\/\/www.cssr.news\/italian\/wp-content\/uploads\/sites\/2\/2021\/10\/fr-Vimal-Synod1-1024x576.jpg 1024w, https:\/\/www.cssr.news\/italian\/wp-content\/uploads\/sites\/2\/2021\/10\/fr-Vimal-Synod1-300x169.jpg 300w, https:\/\/www.cssr.news\/italian\/wp-content\/uploads\/sites\/2\/2021\/10\/fr-Vimal-Synod1-768x432.jpg 768w, https:\/\/www.cssr.news\/italian\/wp-content\/uploads\/sites\/2\/2021\/10\/fr-Vimal-Synod1-1536x864.jpg 1536w, https:\/\/www.cssr.news\/italian\/wp-content\/uploads\/sites\/2\/2021\/10\/fr-Vimal-Synod1-696x392.jpg 696w, https:\/\/www.cssr.news\/italian\/wp-content\/uploads\/sites\/2\/2021\/10\/fr-Vimal-Synod1-1068x601.jpg 1068w, https:\/\/www.cssr.news\/italian\/wp-content\/uploads\/sites\/2\/2021\/10\/fr-Vimal-Synod1-747x420.jpg 747w, https:\/\/www.cssr.news\/italian\/wp-content\/uploads\/sites\/2\/2021\/10\/fr-Vimal-Synod1.jpg 1920w\" sizes=\"(max-width: 513px) 100vw, 513px\" \/><\/a><\/figure><\/div>\n\n\n\n<p>Il 9 agosto 2022, padre Vimal ha tenuto la conferenza inaugurale in occasione dell&#8217;inaugurazione dell&#8217;anno accademico dell&#8217;Holy Trinity College di Harare, sull&#8217;attuale processo di sinodalit\u00e0 nella Chiesa, nello Zimbabwe, dove i nostri studenti di teologia completano i loro studi .<\/p>\n\n\n\n<p>La chiave dell&#8217;intervento di padre Vimal \u00e8 stata l&#8217;idea che il cammino sinodale non vuole lasciare indietro nessuno, poich\u00e9 tutti sono chiamati a camminare insieme verso una vita di santit\u00e0. Papa Francesco incoraggia la Chiesa verso la visione del Concilio Vaticano II, in cui la Chiesa definisce se stessa come popolo di Dio, che cammina insieme e ascolta lo Spirito Santo.<\/p>\n\n\n\n<p>Inoltre, il cammino sinodale offre una maggiore partecipazione dei laici alle attivit\u00e0 della Chiesa. Padre Vimal ha parlato della necessit\u00e0 di essere attenti ai segni dei tempi e di ricordarci della nostra vocazione. Ha sottolineato come la pandemia di Covid 19 ci abbia insegnato molte lezioni. Ha anche sottolineato che, come Redentoristi, a volte perdiamo di vista il cammino che dobbiamo seguire (seguire Cristo Redentore con un cuore pieno di gioia e sempre pronto ad accettare le sfide). Leggere, identificare e interpretare correttamente i segni dei tempi \u00e8 ci\u00f2 che definisce un vero Redentorista.<\/p>\n\n\n\n<p>Scala News: <a href=\"https:\/\/www.cssr.news\/italian\/2022\/08\/ritiro-regionale-annuale-e-conferenza-sulla-sinodalita-in-zimbabwe\/\" data-type=\"URL\" data-id=\"https:\/\/www.cssr.news\/italian\/2022\/08\/ritiro-regionale-annuale-e-conferenza-sulla-sinodalita-in-zimbabwe\/\" target=\"_blank\" rel=\"noreferrer noopener\">Ritiro regionale annuale e conferenza sulla sinodalit\u00e0 in Zimbabwe<\/a><\/p>\n\n\n\n<p><strong>Un processo sinodale che invita a ripensare la vita e la missione.<\/strong><\/p>\n\n\n\n<p>Un processo sinodale che si limiti a lamentare tutto ci\u00f2 che si \u00e8 perso o si sta perdendo nella vita e nella prassi ecclesiale non solo non \u00e8 sufficiente, ma non \u00e8 nemmeno autenticamente evangelico. Dovrebbe essere un processo che miri a trasformare lo spirito e lo stile di vita cristiano, le sue ispirazioni e le strutture ecclesiali, a tutti i livelli della vita delle Chiese.<\/p>\n\n\n\n<div class=\"wp-block-image\"><figure class=\"aligncenter size-large is-resized\"><a href=\"https:\/\/www.cssr.news\/italian\/wp-content\/uploads\/sites\/2\/2023\/10\/fidalgo_01.jpg\"><img src=\"https:\/\/www.cssr.news\/italian\/wp-content\/uploads\/sites\/2\/2023\/10\/fidalgo_01.jpg\" alt=\"\" class=\"wp-image-23098\" width=\"481\" height=\"259\" srcset=\"https:\/\/www.cssr.news\/italian\/wp-content\/uploads\/sites\/2\/2023\/10\/fidalgo_01.jpg 783w, https:\/\/www.cssr.news\/italian\/wp-content\/uploads\/sites\/2\/2023\/10\/fidalgo_01-300x162.jpg 300w, https:\/\/www.cssr.news\/italian\/wp-content\/uploads\/sites\/2\/2023\/10\/fidalgo_01-768x414.jpg 768w, https:\/\/www.cssr.news\/italian\/wp-content\/uploads\/sites\/2\/2023\/10\/fidalgo_01-696x375.jpg 696w, https:\/\/www.cssr.news\/italian\/wp-content\/uploads\/sites\/2\/2023\/10\/fidalgo_01-779x420.jpg 779w\" sizes=\"(max-width: 481px) 100vw, 481px\" \/><\/a><\/figure><\/div>\n\n\n\n<p>Se il processo della sinodalit\u00e0 mira davvero a far emergere le energie evangeliche pi\u00f9 genuine, di una Chiesa in uscita con l&#8217;annuncio del Vangelo a servizio della realizzazione del Regno, non pu\u00f2 soltanto avvalersi dei vecchi meccanismi e delle strutture, come vecchi otri, occorre una vera novit\u00e0, un salto negli atteggiamenti e nelle configurazioni personali, strutturali e sistemici.<\/p>\n\n\n\n<p>Il processo sinodale ci invita a ripensare la vita e la missione. Nel nostro caso, una teologia morale che ascolta e si occupa con attenzione delle preoccupazioni e delle domande del nostro tempo, con spirito sapienziale e profetico. Una teologia morale che favorisca configurazioni inter e transdisciplinari, coltivando l&#8217;arte del discernimento costante, al servizio della maturit\u00e0 e della liberazione delle coscienze. Una teologia morale concepita dalle periferie esistenziali, pi\u00f9 dalle intemperie che dalle false sicurezze. (Antonio Gerardo Fidalgo, CSsR)<\/p>\n\n\n\n<p>Scala News: <a href=\"https:\/\/www.cssr.news\/italian\/2022\/10\/sinodalita-vino-nuovo-in-otri-vecchi\/\" data-type=\"URL\" data-id=\"https:\/\/www.cssr.news\/italian\/2022\/10\/sinodalita-vino-nuovo-in-otri-vecchi\/\" target=\"_blank\" rel=\"noreferrer noopener\">Sinodalit\u00e0, vino nuovo in otri vecchi?<\/a><\/p>\n\n\n\n<p><strong>Vivere la sinodalit\u00e0 con il carisma redentorista<\/strong><\/p>\n\n\n\n<p>\u201cOggi iniziamo la terza fase del Capitolo Generale, il modo redentorista di celebrare la sinodalit\u00e0 nella nostra Congregazione\u201d\u2026 queste sono le prime parole del messaggio del Superiore Generale, P. Rog\u00e9rio Gomes, nel suo messaggio di apertura e meditazione per la terza fase del XXVI Capitolo Generale in Polonia pochi giorni fa (15 settembre 2023).<\/p>\n\n\n\n<div class=\"wp-block-image\"><figure class=\"aligncenter size-large is-resized\"><a href=\"http:\/\/www.cssr.news\/italian\/wp-content\/uploads\/sites\/2\/2023\/09\/sn2023-0913-16-copy.jpg\"><img src=\"http:\/\/www.cssr.news\/italian\/wp-content\/uploads\/sites\/2\/2023\/09\/sn2023-0913-16-copy-1024x683.jpg\" alt=\"\" class=\"wp-image-22956\" width=\"527\" height=\"351\" srcset=\"https:\/\/www.cssr.news\/italian\/wp-content\/uploads\/sites\/2\/2023\/09\/sn2023-0913-16-copy-1024x683.jpg 1024w, https:\/\/www.cssr.news\/italian\/wp-content\/uploads\/sites\/2\/2023\/09\/sn2023-0913-16-copy-300x200.jpg 300w, https:\/\/www.cssr.news\/italian\/wp-content\/uploads\/sites\/2\/2023\/09\/sn2023-0913-16-copy-768x512.jpg 768w, https:\/\/www.cssr.news\/italian\/wp-content\/uploads\/sites\/2\/2023\/09\/sn2023-0913-16-copy-1536x1024.jpg 1536w, https:\/\/www.cssr.news\/italian\/wp-content\/uploads\/sites\/2\/2023\/09\/sn2023-0913-16-copy-2048x1366.jpg 2048w, https:\/\/www.cssr.news\/italian\/wp-content\/uploads\/sites\/2\/2023\/09\/sn2023-0913-16-copy-696x464.jpg 696w, https:\/\/www.cssr.news\/italian\/wp-content\/uploads\/sites\/2\/2023\/09\/sn2023-0913-16-copy-1068x712.jpg 1068w, https:\/\/www.cssr.news\/italian\/wp-content\/uploads\/sites\/2\/2023\/09\/sn2023-0913-16-copy-630x420.jpg 630w\" sizes=\"(max-width: 527px) 100vw, 527px\" \/><\/a><\/figure><\/div>\n\n\n\n<p>Siamo missionari della Speranza sulle orme del Redentore. Con questo auspicio, celebrando questa Pentecoste, metteremo in pratica le decisioni del XXVI Capitolo Generale. Non abbiamo paura. Abbiamo il cuore sereno, aperto al dialogo, cercando insieme il bene della realt\u00e0 evangelizzatrice della Congregazione del Santissimo Redentore, preparandoci ai 300 anni della sua storia.<\/p>\n\n\n\n<p>Siate Missionari della Speranza camminando sulle orme del Redentore. Ci ricorda la nostra essenza. Siamo missionari. Siamo uomini apostolici. Viviamo in comune unione, costituiamo un unico corpo missionario mediante la nostra professione religiosa, siamo collaboratori, compagni e ministri di Ges\u00f9 Cristo nell&#8217;opera della Redenzione. Siamo forti nella fede, gioiosi nella speranza, ferventi nella carit\u00e0, infiammati di zelo, umili e sempre dediti alla preghiera. Siamo autentici discepoli di sant&#8217;Alfonso, seguiamo con gioia Cristo Redentore, partecipiamo al suo ministero, annunciamo con semplicit\u00e0 di vita e di linguaggio e con costante disponibilit\u00e0 alle cose pi\u00f9 difficili per portare agli uomini l&#8217;abbondante redenzione. (P. Rog\u00e9rio Gomes CSsR)<\/p>\n\n\n\n<p>Scala News: <a href=\"https:\/\/www.cssr.news\/italian\/2023\/09\/messaggio-di-apertura-e-meditazione-per-la-terza-fase-del-xxvi-capitolo-generale-in-polonia\/\" data-type=\"URL\" data-id=\"https:\/\/www.cssr.news\/italian\/2023\/09\/messaggio-di-apertura-e-meditazione-per-la-terza-fase-del-xxvi-capitolo-generale-in-polonia\/\" target=\"_blank\" rel=\"noreferrer noopener\">Messaggio di apertura e meditazione per la terza fase del XXVI Capitolo generale in Polonia<\/a><\/p>\n\n\n\n<p><strong>Scala News<\/strong><\/p>\n\n\n\n<hr class=\"wp-block-separator\"\/>\n\n\n\n<p>Il 7 luglio 2023, la Segreteria vaticana per i Sinodi ha pubblicato l\u2019elenco completo dei nomi dei partecipanti al Sinodo sulla sinodalit\u00e0. \u00c8 interessante notare che tra i partecipanti ci sono tre Redentoristi, vale a dire, Sua Eminenza Mons. Card. Joseph William TOBIN, C.SS.R., Arcivescovo di Newark (Stati Uniti d\u2019America), Sua Eccellenza Reverendissima Mons. Bohdan DZYURAKH, C.SS.R., Eparca Apostolico di Germania e Scandinavia e Vescovo titolare di Vagada, e Padre Vimal Tirimanna, CSsR, Docente di Teologia Morale a Roma e Sri Lanka.<\/p>\n","protected":false},"excerpt":{"rendered":"<p>Con la prima sessione tenutasi oggi, 4 ottobre 2023, si apre ufficialmente il Sinodo \u201cper una Chiesa sinodale\u201d, che durer\u00e0 fino al 29 ottobre 2023. \u201cSinodo sulla sinodalit\u00e0\u201d La Chiesa di Dio \u00e8 convocata in Sinodo. Con questo appello, Papa Francesco invita tutta la Chiesa a mettere in discussione la sinodalit\u00e0: una questione decisiva per [&hellip;]<\/p>\n","protected":false},"author":3,"featured_media":23100,"comment_status":"closed","ping_status":"closed","sticky":false,"template":"","format":"standard","meta":{"_mi_skip_tracking":false},"categories":[5],"tags":[],"_links":{"self":[{"href":"https:\/\/www.cssr.news\/italian\/wp-json\/wp\/v2\/posts\/23097"}],"collection":[{"href":"https:\/\/www.cssr.news\/italian\/wp-json\/wp\/v2\/posts"}],"about":[{"href":"https:\/\/www.cssr.news\/italian\/wp-json\/wp\/v2\/types\/post"}],"author":[{"embeddable":true,"href":"https:\/\/www.cssr.news\/italian\/wp-json\/wp\/v2\/users\/3"}],"replies":[{"embeddable":true,"href":"https:\/\/www.cssr.news\/italian\/wp-json\/wp\/v2\/comments?post=23097"}],"version-history":[{"count":3,"href":"https:\/\/www.cssr.news\/italian\/wp-json\/wp\/v2\/posts\/23097\/revisions"}],"predecessor-version":[{"id":23102,"href":"https:\/\/www.cssr.news\/italian\/wp-json\/wp\/v2\/posts\/23097\/revisions\/23102"}],"wp:featuredmedia":[{"embeddable":true,"href":"https:\/\/www.cssr.news\/italian\/wp-json\/wp\/v2\/media\/23100"}],"wp:attachment":[{"href":"https:\/\/www.cssr.news\/italian\/wp-json\/wp\/v2\/media?parent=23097"}],"wp:term":[{"taxonomy":"category","embeddable":true,"href":"https:\/\/www.cssr.news\/italian\/wp-json\/wp\/v2\/categories?post=23097"},{"taxonomy":"post_tag","embeddable":true,"href":"https:\/\/www.cssr.news\/italian\/wp-json\/wp\/v2\/tags?post=23097"}],"curies":[{"name":"wp","href":"https:\/\/api.w.org\/{rel}","templated":true}]}}