{"id":23104,"date":"2023-10-04T21:49:00","date_gmt":"2023-10-04T19:49:00","guid":{"rendered":"https:\/\/www.cssr.news\/italian\/?p=23104"},"modified":"2023-10-05T19:48:11","modified_gmt":"2023-10-05T17:48:11","slug":"5-ottobre-memoria-del-beato-francesco-saverio-seelos-2","status":"publish","type":"post","link":"https:\/\/www.cssr.news\/italian\/2023\/10\/5-ottobre-memoria-del-beato-francesco-saverio-seelos-2\/","title":{"rendered":"5 ottobre: Memoria del Beato Francesco Saverio Seelos"},"content":{"rendered":"\n<p>Con grande gioia il 5 ottobre noi, famiglia redentorista, celebriamo la festa del Beato Francesco Saverio Seelos C.S.R. Sua Santit\u00e0 il Papa Giovanni Paolo II, ha proclamato Beato Padre Seelos in Piazza San Pietro il 9 aprile del Solenne Anno Giubilare 2000.<\/p>\n\n\n\n<p>Dopo aver conosciuto l&#8217;opera dei missionari redentoristi, fondati per l&#8217;evangelizzazione dei pi\u00f9 abbandonati, decise di farsi religioso e di assistere gli immigrati di lingua tedesca negli Stati Uniti. Fu accettato dalla Congregazione il 22 novembre 1842 e salp\u00f2 dalla Francia per New York. \u00c8 stato ordinato sacerdote nella chiesa redentorista di St. James a Baltimora, Maryland, USA Dopo essere stato ordinato sacerdote, ha lavorato per nove anni nella parrocchia di St. Philomena a Pittsburgh, in Pennsylvania, prima come vice parroco con St. John Neumann, il Superiore della Comunit\u00e0 Religiosa, poi come Superiore stesso e negli ultimi tre anni come parroco. Durante questo periodo, \u00e8 stato anche il Maestro dei Novizi Redentoristi. Con Neumann si dedic\u00f2 anche alla predicazione delle missioni.<\/p>\n\n\n\n<figure class=\"wp-block-pullquote\"><blockquote><p>Fedele al carisma redentorista, praticava uno stile di vita semplice e un modo semplice di esprimersi. I temi della sua predicazione sono sempre stati ascoltati e compresi anche dalle persone pi\u00f9 semplici. Un impegno costante nella sua attivit\u00e0 pastorale \u00e8 stato quello di istruire i fanciulli nella fede. Non solo favor\u00ec questo ministero, ma lo ritenne anche fondamentale per la crescita della comunit\u00e0 cristiana nella Parrocchia.<\/p><\/blockquote><\/figure>\n\n\n\n<p>Per molti anni \u00e8 stato impegnato nella pastorale parrocchiale e nella formazione dei futuri Redentoristi come Prefetto degli Studenti. Si sforz\u00f2 di infondere in questi futuri missionari redentoristi l&#8217;entusiasmo, lo spirito di sacrificio e lo zelo apostolico per il benessere spirituale e temporale del popolo. Trascorse la maggior parte della sua vita predicando missioni in inglese e tedesco. Come pastore era conosciuto, gioiosamente disponibile con i suoi fedeli e singolarmente preoccupato per i pi\u00f9 poveri e abbandonati. Nel mese di settembre, stremato dalle visite e dalla cura delle vittime della Febbre Gialla, contrasse la temuta malattia. Dopo diverse settimane di paziente sopportazione della sua malattia, pass\u00f2 alla vita eterna il 4 ottobre 1867, all&#8217;et\u00e0 di 48 anni e 9 mesi.<\/p>\n\n\n\n<p>Scala News<\/p>\n\n\n\n<p>Ecco alcune foto della festa del Beato Francesco Saverio Seelos C.Ss.R celebrata con l&#8217;Eucaristia presso il Santuario della Madre del Perpetuo Soccorso, a Roma, alle ore 18.30. La Santa Messa \u00e8 stata presieduta da P. Rudolf, CSsR e concelebrata dai confratelli della Comunit\u00e0.<\/p>\n\n\n\n<figure class=\"wp-block-gallery columns-3 is-cropped\"><ul class=\"blocks-gallery-grid\"><li class=\"blocks-gallery-item\"><figure><a href=\"https:\/\/www.cssr.news\/italian\/wp-content\/uploads\/sites\/2\/2023\/10\/3Y0A8886-scaled.jpg\"><img width=\"1024\" height=\"683\" src=\"https:\/\/www.cssr.news\/italian\/wp-content\/uploads\/sites\/2\/2023\/10\/3Y0A8886-1024x683.jpg\" alt=\"\" data-id=\"23113\" data-full-url=\"https:\/\/www.cssr.news\/italian\/wp-content\/uploads\/sites\/2\/2023\/10\/3Y0A8886-scaled.jpg\" data-link=\"https:\/\/www.cssr.news\/italian\/2023\/10\/5-ottobre-memoria-del-beato-francesco-saverio-seelos-2\/3y0a8886\/\" class=\"wp-image-23113\" srcset=\"https:\/\/www.cssr.news\/italian\/wp-content\/uploads\/sites\/2\/2023\/10\/3Y0A8886-1024x683.jpg 1024w, https:\/\/www.cssr.news\/italian\/wp-content\/uploads\/sites\/2\/2023\/10\/3Y0A8886-300x200.jpg 300w, https:\/\/www.cssr.news\/italian\/wp-content\/uploads\/sites\/2\/2023\/10\/3Y0A8886-768x512.jpg 768w, https:\/\/www.cssr.news\/italian\/wp-content\/uploads\/sites\/2\/2023\/10\/3Y0A8886-1536x1024.jpg 1536w, https:\/\/www.cssr.news\/italian\/wp-content\/uploads\/sites\/2\/2023\/10\/3Y0A8886-2048x1365.jpg 2048w, https:\/\/www.cssr.news\/italian\/wp-content\/uploads\/sites\/2\/2023\/10\/3Y0A8886-696x464.jpg 696w, https:\/\/www.cssr.news\/italian\/wp-content\/uploads\/sites\/2\/2023\/10\/3Y0A8886-1068x712.jpg 1068w, https:\/\/www.cssr.news\/italian\/wp-content\/uploads\/sites\/2\/2023\/10\/3Y0A8886-630x420.jpg 630w\" sizes=\"(max-width: 1024px) 100vw, 1024px\" \/><\/a><\/figure><\/li><li class=\"blocks-gallery-item\"><figure><a href=\"https:\/\/www.cssr.news\/italian\/wp-content\/uploads\/sites\/2\/2023\/10\/A7404570-scaled.jpg\"><img width=\"1024\" height=\"683\" src=\"https:\/\/www.cssr.news\/italian\/wp-content\/uploads\/sites\/2\/2023\/10\/A7404570-1024x683.jpg\" alt=\"\" data-id=\"23115\" data-full-url=\"https:\/\/www.cssr.news\/italian\/wp-content\/uploads\/sites\/2\/2023\/10\/A7404570-scaled.jpg\" data-link=\"https:\/\/www.cssr.news\/italian\/2023\/10\/5-ottobre-memoria-del-beato-francesco-saverio-seelos-2\/a7404570\/\" class=\"wp-image-23115\" srcset=\"https:\/\/www.cssr.news\/italian\/wp-content\/uploads\/sites\/2\/2023\/10\/A7404570-1024x683.jpg 1024w, https:\/\/www.cssr.news\/italian\/wp-content\/uploads\/sites\/2\/2023\/10\/A7404570-300x200.jpg 300w, https:\/\/www.cssr.news\/italian\/wp-content\/uploads\/sites\/2\/2023\/10\/A7404570-768x512.jpg 768w, https:\/\/www.cssr.news\/italian\/wp-content\/uploads\/sites\/2\/2023\/10\/A7404570-1536x1024.jpg 1536w, https:\/\/www.cssr.news\/italian\/wp-content\/uploads\/sites\/2\/2023\/10\/A7404570-2048x1365.jpg 2048w, https:\/\/www.cssr.news\/italian\/wp-content\/uploads\/sites\/2\/2023\/10\/A7404570-696x464.jpg 696w, https:\/\/www.cssr.news\/italian\/wp-content\/uploads\/sites\/2\/2023\/10\/A7404570-1068x712.jpg 1068w, https:\/\/www.cssr.news\/italian\/wp-content\/uploads\/sites\/2\/2023\/10\/A7404570-630x420.jpg 630w\" sizes=\"(max-width: 1024px) 100vw, 1024px\" \/><\/a><\/figure><\/li><li class=\"blocks-gallery-item\"><figure><a href=\"https:\/\/www.cssr.news\/italian\/wp-content\/uploads\/sites\/2\/2023\/10\/A7404581-scaled.jpg\"><img width=\"1024\" height=\"683\" src=\"https:\/\/www.cssr.news\/italian\/wp-content\/uploads\/sites\/2\/2023\/10\/A7404581-1024x683.jpg\" alt=\"\" data-id=\"23116\" data-full-url=\"https:\/\/www.cssr.news\/italian\/wp-content\/uploads\/sites\/2\/2023\/10\/A7404581-scaled.jpg\" data-link=\"https:\/\/www.cssr.news\/italian\/2023\/10\/5-ottobre-memoria-del-beato-francesco-saverio-seelos-2\/a7404581\/\" class=\"wp-image-23116\" srcset=\"https:\/\/www.cssr.news\/italian\/wp-content\/uploads\/sites\/2\/2023\/10\/A7404581-1024x683.jpg 1024w, https:\/\/www.cssr.news\/italian\/wp-content\/uploads\/sites\/2\/2023\/10\/A7404581-300x200.jpg 300w, https:\/\/www.cssr.news\/italian\/wp-content\/uploads\/sites\/2\/2023\/10\/A7404581-768x512.jpg 768w, https:\/\/www.cssr.news\/italian\/wp-content\/uploads\/sites\/2\/2023\/10\/A7404581-1536x1024.jpg 1536w, https:\/\/www.cssr.news\/italian\/wp-content\/uploads\/sites\/2\/2023\/10\/A7404581-2048x1365.jpg 2048w, https:\/\/www.cssr.news\/italian\/wp-content\/uploads\/sites\/2\/2023\/10\/A7404581-696x464.jpg 696w, https:\/\/www.cssr.news\/italian\/wp-content\/uploads\/sites\/2\/2023\/10\/A7404581-1068x712.jpg 1068w, https:\/\/www.cssr.news\/italian\/wp-content\/uploads\/sites\/2\/2023\/10\/A7404581-630x420.jpg 630w\" sizes=\"(max-width: 1024px) 100vw, 1024px\" \/><\/a><\/figure><\/li><li class=\"blocks-gallery-item\"><figure><a href=\"https:\/\/www.cssr.news\/italian\/wp-content\/uploads\/sites\/2\/2023\/10\/A7404592-scaled.jpg\"><img width=\"1024\" height=\"683\" src=\"https:\/\/www.cssr.news\/italian\/wp-content\/uploads\/sites\/2\/2023\/10\/A7404592-1024x683.jpg\" alt=\"\" data-id=\"23117\" data-full-url=\"https:\/\/www.cssr.news\/italian\/wp-content\/uploads\/sites\/2\/2023\/10\/A7404592-scaled.jpg\" data-link=\"https:\/\/www.cssr.news\/italian\/2023\/10\/5-ottobre-memoria-del-beato-francesco-saverio-seelos-2\/a7404592\/\" class=\"wp-image-23117\" srcset=\"https:\/\/www.cssr.news\/italian\/wp-content\/uploads\/sites\/2\/2023\/10\/A7404592-1024x683.jpg 1024w, https:\/\/www.cssr.news\/italian\/wp-content\/uploads\/sites\/2\/2023\/10\/A7404592-300x200.jpg 300w, https:\/\/www.cssr.news\/italian\/wp-content\/uploads\/sites\/2\/2023\/10\/A7404592-768x512.jpg 768w, https:\/\/www.cssr.news\/italian\/wp-content\/uploads\/sites\/2\/2023\/10\/A7404592-1536x1024.jpg 1536w, https:\/\/www.cssr.news\/italian\/wp-content\/uploads\/sites\/2\/2023\/10\/A7404592-2048x1365.jpg 2048w, https:\/\/www.cssr.news\/italian\/wp-content\/uploads\/sites\/2\/2023\/10\/A7404592-696x464.jpg 696w, https:\/\/www.cssr.news\/italian\/wp-content\/uploads\/sites\/2\/2023\/10\/A7404592-1068x712.jpg 1068w, https:\/\/www.cssr.news\/italian\/wp-content\/uploads\/sites\/2\/2023\/10\/A7404592-630x420.jpg 630w\" sizes=\"(max-width: 1024px) 100vw, 1024px\" \/><\/a><\/figure><\/li><li class=\"blocks-gallery-item\"><figure><a href=\"https:\/\/www.cssr.news\/italian\/wp-content\/uploads\/sites\/2\/2023\/10\/A7404598-scaled.jpg\"><img width=\"1024\" height=\"683\" src=\"https:\/\/www.cssr.news\/italian\/wp-content\/uploads\/sites\/2\/2023\/10\/A7404598-1024x683.jpg\" alt=\"\" data-id=\"23118\" data-full-url=\"https:\/\/www.cssr.news\/italian\/wp-content\/uploads\/sites\/2\/2023\/10\/A7404598-scaled.jpg\" data-link=\"https:\/\/www.cssr.news\/italian\/2023\/10\/5-ottobre-memoria-del-beato-francesco-saverio-seelos-2\/a7404598\/\" class=\"wp-image-23118\" srcset=\"https:\/\/www.cssr.news\/italian\/wp-content\/uploads\/sites\/2\/2023\/10\/A7404598-1024x683.jpg 1024w, https:\/\/www.cssr.news\/italian\/wp-content\/uploads\/sites\/2\/2023\/10\/A7404598-300x200.jpg 300w, https:\/\/www.cssr.news\/italian\/wp-content\/uploads\/sites\/2\/2023\/10\/A7404598-768x512.jpg 768w, https:\/\/www.cssr.news\/italian\/wp-content\/uploads\/sites\/2\/2023\/10\/A7404598-1536x1024.jpg 1536w, https:\/\/www.cssr.news\/italian\/wp-content\/uploads\/sites\/2\/2023\/10\/A7404598-2048x1365.jpg 2048w, https:\/\/www.cssr.news\/italian\/wp-content\/uploads\/sites\/2\/2023\/10\/A7404598-696x464.jpg 696w, https:\/\/www.cssr.news\/italian\/wp-content\/uploads\/sites\/2\/2023\/10\/A7404598-1068x712.jpg 1068w, https:\/\/www.cssr.news\/italian\/wp-content\/uploads\/sites\/2\/2023\/10\/A7404598-630x420.jpg 630w\" sizes=\"(max-width: 1024px) 100vw, 1024px\" \/><\/a><\/figure><\/li><li class=\"blocks-gallery-item\"><figure><a href=\"https:\/\/www.cssr.news\/italian\/wp-content\/uploads\/sites\/2\/2023\/10\/A7404607-scaled.jpg\"><img width=\"1024\" height=\"683\" src=\"https:\/\/www.cssr.news\/italian\/wp-content\/uploads\/sites\/2\/2023\/10\/A7404607-1024x683.jpg\" alt=\"\" data-id=\"23119\" data-full-url=\"https:\/\/www.cssr.news\/italian\/wp-content\/uploads\/sites\/2\/2023\/10\/A7404607-scaled.jpg\" data-link=\"https:\/\/www.cssr.news\/italian\/2023\/10\/5-ottobre-memoria-del-beato-francesco-saverio-seelos-2\/a7404607\/\" class=\"wp-image-23119\" srcset=\"https:\/\/www.cssr.news\/italian\/wp-content\/uploads\/sites\/2\/2023\/10\/A7404607-1024x683.jpg 1024w, https:\/\/www.cssr.news\/italian\/wp-content\/uploads\/sites\/2\/2023\/10\/A7404607-300x200.jpg 300w, https:\/\/www.cssr.news\/italian\/wp-content\/uploads\/sites\/2\/2023\/10\/A7404607-768x512.jpg 768w, https:\/\/www.cssr.news\/italian\/wp-content\/uploads\/sites\/2\/2023\/10\/A7404607-1536x1024.jpg 1536w, https:\/\/www.cssr.news\/italian\/wp-content\/uploads\/sites\/2\/2023\/10\/A7404607-2048x1365.jpg 2048w, https:\/\/www.cssr.news\/italian\/wp-content\/uploads\/sites\/2\/2023\/10\/A7404607-696x464.jpg 696w, https:\/\/www.cssr.news\/italian\/wp-content\/uploads\/sites\/2\/2023\/10\/A7404607-1068x712.jpg 1068w, https:\/\/www.cssr.news\/italian\/wp-content\/uploads\/sites\/2\/2023\/10\/A7404607-630x420.jpg 630w\" sizes=\"(max-width: 1024px) 100vw, 1024px\" \/><\/a><\/figure><\/li><li class=\"blocks-gallery-item\"><figure><a href=\"https:\/\/www.cssr.news\/italian\/wp-content\/uploads\/sites\/2\/2023\/10\/A7404620-scaled.jpg\"><img width=\"1024\" height=\"683\" src=\"https:\/\/www.cssr.news\/italian\/wp-content\/uploads\/sites\/2\/2023\/10\/A7404620-1024x683.jpg\" alt=\"\" data-id=\"23120\" data-full-url=\"https:\/\/www.cssr.news\/italian\/wp-content\/uploads\/sites\/2\/2023\/10\/A7404620-scaled.jpg\" data-link=\"https:\/\/www.cssr.news\/italian\/2023\/10\/5-ottobre-memoria-del-beato-francesco-saverio-seelos-2\/a7404620\/\" class=\"wp-image-23120\" srcset=\"https:\/\/www.cssr.news\/italian\/wp-content\/uploads\/sites\/2\/2023\/10\/A7404620-1024x683.jpg 1024w, https:\/\/www.cssr.news\/italian\/wp-content\/uploads\/sites\/2\/2023\/10\/A7404620-300x200.jpg 300w, https:\/\/www.cssr.news\/italian\/wp-content\/uploads\/sites\/2\/2023\/10\/A7404620-768x512.jpg 768w, https:\/\/www.cssr.news\/italian\/wp-content\/uploads\/sites\/2\/2023\/10\/A7404620-1536x1024.jpg 1536w, https:\/\/www.cssr.news\/italian\/wp-content\/uploads\/sites\/2\/2023\/10\/A7404620-2048x1365.jpg 2048w, https:\/\/www.cssr.news\/italian\/wp-content\/uploads\/sites\/2\/2023\/10\/A7404620-696x464.jpg 696w, https:\/\/www.cssr.news\/italian\/wp-content\/uploads\/sites\/2\/2023\/10\/A7404620-1068x712.jpg 1068w, https:\/\/www.cssr.news\/italian\/wp-content\/uploads\/sites\/2\/2023\/10\/A7404620-630x420.jpg 630w\" sizes=\"(max-width: 1024px) 100vw, 1024px\" \/><\/a><\/figure><\/li><\/ul><\/figure>\n","protected":false},"excerpt":{"rendered":"<p>Con grande gioia il 5 ottobre noi, famiglia redentorista, celebriamo la festa del Beato Francesco Saverio Seelos C.S.R. Sua Santit\u00e0 il Papa Giovanni Paolo II, ha proclamato Beato Padre Seelos in Piazza San Pietro il 9 aprile del Solenne Anno Giubilare 2000. Dopo aver conosciuto l&#8217;opera dei missionari redentoristi, fondati per l&#8217;evangelizzazione dei pi\u00f9 abbandonati, [&hellip;]<\/p>\n","protected":false},"author":21,"featured_media":23105,"comment_status":"closed","ping_status":"closed","sticky":false,"template":"","format":"standard","meta":{"_mi_skip_tracking":false},"categories":[5],"tags":[],"_links":{"self":[{"href":"https:\/\/www.cssr.news\/italian\/wp-json\/wp\/v2\/posts\/23104"}],"collection":[{"href":"https:\/\/www.cssr.news\/italian\/wp-json\/wp\/v2\/posts"}],"about":[{"href":"https:\/\/www.cssr.news\/italian\/wp-json\/wp\/v2\/types\/post"}],"author":[{"embeddable":true,"href":"https:\/\/www.cssr.news\/italian\/wp-json\/wp\/v2\/users\/21"}],"replies":[{"embeddable":true,"href":"https:\/\/www.cssr.news\/italian\/wp-json\/wp\/v2\/comments?post=23104"}],"version-history":[{"count":2,"href":"https:\/\/www.cssr.news\/italian\/wp-json\/wp\/v2\/posts\/23104\/revisions"}],"predecessor-version":[{"id":23121,"href":"https:\/\/www.cssr.news\/italian\/wp-json\/wp\/v2\/posts\/23104\/revisions\/23121"}],"wp:featuredmedia":[{"embeddable":true,"href":"https:\/\/www.cssr.news\/italian\/wp-json\/wp\/v2\/media\/23105"}],"wp:attachment":[{"href":"https:\/\/www.cssr.news\/italian\/wp-json\/wp\/v2\/media?parent=23104"}],"wp:term":[{"taxonomy":"category","embeddable":true,"href":"https:\/\/www.cssr.news\/italian\/wp-json\/wp\/v2\/categories?post=23104"},{"taxonomy":"post_tag","embeddable":true,"href":"https:\/\/www.cssr.news\/italian\/wp-json\/wp\/v2\/tags?post=23104"}],"curies":[{"name":"wp","href":"https:\/\/api.w.org\/{rel}","templated":true}]}}