{"id":23170,"date":"2023-10-09T12:16:23","date_gmt":"2023-10-09T10:16:23","guid":{"rendered":"https:\/\/www.cssr.news\/italian\/?p=23170"},"modified":"2023-10-09T12:18:26","modified_gmt":"2023-10-09T10:18:26","slug":"omelia-di-sua-eminenza-il-cardinale-tobin-per-lordinazione-episcopale-di-mons-alfonso-amarante-c-ss-r","status":"publish","type":"post","link":"https:\/\/www.cssr.news\/italian\/2023\/10\/omelia-di-sua-eminenza-il-cardinale-tobin-per-lordinazione-episcopale-di-mons-alfonso-amarante-c-ss-r\/","title":{"rendered":"Omelia di Sua Eminenza il Cardinale Tobin per l&#8217;ordinazione episcopale di Mons. Alfonso Amarante, C.Ss.R."},"content":{"rendered":"\n<p class=\"has-text-align-right\">6 ottobre 2023<\/p>\n\n\n\n<p>Cari fratelli e sorelle in Cristo,<\/p>\n\n\n\n<p>In questa bellissima liturgia, la Chiesa celebra la fedelt\u00e0 di Dio che ancora una volta mantiene la sua promessa <strong><em>di dare pastori secondo il suo cuore<\/em> <em>che ci guideranno con scienza e intelligenza<\/em><\/strong>. La nomina di Padre Alfonso Amarante ha indubbiamente suscitato in lui proteste profetiche che prendono spunto dalle parole di Geremia: <strong><em>Ahim\u00e9, Signore Dio! Ecco, non so parlare<\/em><\/strong> \u2013 il nostro amato Alfonso osa aggiungere <em>perch\u00e9 sono giovane<\/em>? Per confortarlo \u2013 e confermare la nostra gratitudine per il suo generoso assenso alla chiamata del Santo Padre, propongo la testimonianza di uno dei suoi fratelli maggiori, un santo canonizzato che ha trovato la santit\u00e0 come vescovo.<\/p>\n\n\n\n<p>Alcuni anni fa, uno storico redentorista, lavorando negli Archivi Segreti del Vaticano, trov\u00f2 un rapporto piuttosto negativo su un vescovo redentorista negli Stati Uniti di nome Giovanni Neumann. Il documento era stato archiviato da un inviato speciale di Propaganda, il dipartimento della Curia romana che si occupava della Chiesa nei cosiddetti \u201cPaesi di missione\u201d. A met\u00e0 dell\u2019ottocento, gli Stati Uniti rientravano in questa categoria. Il nome dell&#8217;inviato era Gaetano Bedini, un arcivescovo, poi cardinale, che fu inviato appunto da Propaganda per esaminare la vita della Chiesa cattolica statunitense. Dopo una visita di otto mesi, present\u00f2 una relazione datata 12 luglio 1854.<\/p>\n\n\n\n<p>Avendo lavorato nella Curia, ho sorriso leggendo le parole di Bedini. Chiaramente egli non vuole esporsi criticando i vescovi degli Stati Uniti, e rassicura il suo capo dichiarando che il Prefetto <strong>\u00e8<\/strong> gi\u00e0 sufficientemente informato su questi americani. Nota che \u201cin realt\u00e0 sono molto rispettabili in ogni modo e degni della loro posizione elevata\u201d. Ma la cautela diplomatica di Bedini scompare quando parla di Monsignor Neumann. Scrive cos\u00ec:<\/p>\n\n\n\n<p>Eppure, oso menzionare il vescovo di Filadelfia, che non \u00e8 all&#8217;altezza dell&#8217;importanza di quella grande citt\u00e0. La questione non \u00e8 la dottrina o lo zelo o la piet\u00e0, ma piuttosto la sua personale trasandatezza e il suo disprezzo per la moda. La verit\u00e0 \u00e8 che \u00e8 evidentemente santo e zelante, ma pi\u00f9 come missionario che come Vescovo. Non bisogna dimenticare i modi molto modesti dell&#8217;Istituto a cui appartiene e Filadelfia [\u00e8] una citt\u00e0 popolosa, ricca, intelligente, piena di vita e di un&#8217;importanza che richiede chiaramente uno stile diverso di Vescovo.<\/p>\n\n\n\n<p>Bedini conclude il suo ritratto di Neumann con un giudizio:<\/p>\n\n\n\n<p>Sono convinto che potrebbe accettare volentieri di essere trasferito in una Diocesi in formazione e notevolmente povera, poich\u00e9 ci\u00f2 sarebbe pi\u00f9 adatto ai suoi modi, compresa la sua genuina e sentita umilt\u00e0.<\/p>\n\n\n\n<p>Ascoltando la valutazione dell&#8217;Arcivescovo Bedini, ci colpisce la distinzione tra la santit\u00e0 di Giovanni Neumann &#8211; quella che il legato chiama la \u201csantit\u00e0 di un missionario\u201d &#8211; e la santit\u00e0 di un vescovo. Se una tale distinzione \u00e8 mai stata giustifica<strong>ta<\/strong>, oggi certamente non pu\u00f2 essere mantenuta. Il Concilio Vaticano II e tutti i Papi del post-concilio hanno costantemente insegnato che la Chiesa \u00e8 missionaria per sua stessa natura. Con il nostro Battesimo, diventiamo corresponsabili della missione della Chiesa e ognuno di noi pu\u00f2 dire con l&#8217;apostolo Paolo&#8230; <strong><em>se annuncio il Vangelo, non ho motivo di vantarmi, perch\u00e9 mi \u00e8 stato imposto un obbligo e <u>guai<\/u> a me se non annuncio il Vangelo!<\/em><\/strong> (1 Cor. 9,16).<\/p>\n\n\n\n<p>Le sfide dell&#8217;annuncio del Vangelo oggi possono essere affrontate solo da una Chiesa di missionari, una Chiesa in uscita, una comunit\u00e0 che si preoccupa di annunciare la pienezza di vita \u2013 che \u00e8 possibile grazie all\u2019incontro con Ges\u00f9 Cristo \u2013 piuttosto che a ripiegare verso qualsiasi tipo di faziosit\u00e0 o vuota ideologia. Una Chiesa in cui tutti i battezzati si rendano conto che <strong><em>conserviamo questo tesoro in vasi di creta<\/em><\/strong>, affinch\u00e9 la potenza straordinaria sia da Dio e non da noi (2 Cor. 4,7). Una Chiesa le cui strutture sono inequivocabilmente missionarie, riflettendo umilmente la missione del Figlio, che il Padre ha inviato perch\u00e9 <strong><em>ha tanto amato il mondo<\/em><\/strong>.<\/p>\n\n\n\n<p>La missione di un vescovo missionario segue l&#8217;esempio del buon pastore, <em>che <strong>d\u00e0 la vita per le sue pecore<\/strong><\/em>. Se si pensa alla descrizione consegnataci da Ges\u00f9 nel Vangelo, il buon pastore e il \u201cmercenario\u201d sembrano uguali &#8211; fino a quando non compare sulla scena il lupo. \u00c8 quando la Chiesa locale \u00e8 minacciata, che il Vescovo dimostra il suo valore. All&#8217;epoca di Giovanni Neumann, la povert\u00e0, la scarsit\u00e0 di risorse e l&#8217;ostilit\u00e0 della cultura dominante minacciavano la vita e il futuro della nascente diocesi di Philadelphia. Giovanni Neumann non fugg\u00ec, ma ricostru\u00ec le chiese bruciate, organizz\u00f2 un sistema scolastico, sostenne gli ordini religiose e visit\u00f2 incessantemente il vasto territorio per organizzare strutture che garantissero la trasmissione della fede alle nuove generazioni. Le minacce lo confermarono come pastore secondo il cuore di Ges\u00f9, il Buon Pastore.<\/p>\n\n\n\n<p>Se la santit\u00e0 della Chiesa \u00e8 missionaria, allora la santit\u00e0 dei Pastori non pu\u00f2 che essere missionaria. Il ministero del Vescovo \u00e8 quello di chiamare e coordinare i doni di tutti i battezzati per il bene della missione della Chiesa.<\/p>\n\n\n\n<p>Sant&#8217;Agostino, anche lui vescovo, ha parlato per tutti coloro che condividono il ministero episcopale quando ha scritto:<\/p>\n\n\n\n<p>Qualunque cosa siamo, non riponete in noi la vostra speranza: se siamo buoni, siamo vostri servitori; se siamo cattivi, siamo ancora vostri servitori. Ma se siamo servi buoni e fedeli, allora siamo veramente tuoi servi.<\/p>\n\n\n\n<p>Caro Padre Alfonso, nel chiamarti all&#8217;Ordine dei Vescovi, il Successore di Pietro non ti ha chiamato a prenderti cura di una diocesi popolosa, ricca e intelligente, n\u00e9 di una diocesi ancora in formazione e notevolmente povera. Ti ha invece chiesto di supervisionare la missione di una particolare famiglia di fede, una venerabile Universit\u00e0 che ha sempre avuto uno stretto rapporto con il Vescovo di Roma. La strettissima relazione tra la Pontificia Universit\u00e0 Lateranense e il Sommo Pontefice \u00e8 stata particolarmente sottolineata da Papa Giovanni Paolo II che, durante la sua prima visita il 16 febbraio 1980, nel suo discorso nell&#8217;Aula Magna, rivolgendosi a tutte le componenti accademiche disse: <em>Voi costituite, a titolo speciale, l&#8217;Universit\u00e0 del Papa: un titolo senza dubbio onorifico, ma proprio per questo oneroso<\/em>.<\/p>\n\n\n\n<p>Sentirai questo peso, affronterai i lupi che minacciano la testimonianza evangelica &#8211; persino l&#8217;esistenza di una grande Universit\u00e0, troverai ogni giorno nuovi modi per dare la tua vita. Lo farai, caro fratello, non solo grazie ai doni di natura che Dio ti ha elargito, ma anche grazie al sacramento che stai per ricevere nella sua pienezza. Dio ti equipaggia per vivere la tua vita missionaria in questa nuovo servizio nella Chiesa con i doni di <strong><em>uno spirito di forza, di carit\u00e0 e di prudenza<\/em><\/strong>. Troverai la santit\u00e0 come <strong><em>messaggero, apostolo e maestro<\/em><\/strong>.<\/p>\n\n\n\n<p>Nel 1854 il vescovo Giovanni Neumann si rec\u00f2 a Roma e partecip\u00f2 a un evento unico nella storia moderna della Chiesa. Papa Pio IX defin\u00ec solennemente la dottrina dell&#8217;Immacolata Concezione: la verit\u00e0 che la Beata Vergine Maria fu mantenuta libera dal peccato originale fin dal momento del suo concepimento e fu riempita della grazia santificante normalmente conferita durante il battesimo. La sua partecipazione alla definizione di questa dottrina ha indubbiamente rafforzato San Giovanni Neumann, perch\u00e9 in questa verit\u00e0 Dio rivela ancora una volta che nulla pu\u00f2 vanificare la sua volont\u00e0 salvifica, nemmeno le tenebre del peccato e della morte. Maria ha collaborato con questa grazia e ha cantato: <strong><em>Colui che \u00e8 potente ha fatto grandi cose per me! Santo \u00e8 il Suo Nome<\/em><\/strong>!<\/p>\n\n\n\n<p>Che Maria Immacolata aiuti questa grande Universit\u00e0 a riconoscere che Dio ha fatto grandi cose per lei e che nulla, nemmeno il peccato e la morte, vanificher\u00e0 il divino piano. Allora, come Maria, questa Universit\u00e0 canter\u00e0 la grazia salvifica di Dio, e il suo Pastore trover\u00e0 la santit\u00e0 portando il Vangelo alle nuove generazioni.<\/p>\n\n\n\n<p>Amen!<\/p>\n\n\n\n<p class=\"has-text-align-right\">Joseph W. Tobin, C.Ss.R.<br>Arcivescovo di Newark<\/p>\n\n\n\n<p>Pdf allegato: <\/p>\n\n\n\n<div class=\"wp-block-file\"><a href=\"http:\/\/www.cssr.news\/italian\/wp-content\/uploads\/sites\/2\/2023\/10\/Ordinazione-Alfonso-Amarante-final.pdf\">Ordinazione di Alfonso Amarante<\/a><a href=\"http:\/\/www.cssr.news\/italian\/wp-content\/uploads\/sites\/2\/2023\/10\/Ordinazione-Alfonso-Amarante-final.pdf\" class=\"wp-block-file__button\" download>Download<\/a><\/div>\n","protected":false},"excerpt":{"rendered":"<p>6 ottobre 2023 Cari fratelli e sorelle in Cristo, In questa bellissima liturgia, la Chiesa celebra la fedelt\u00e0 di Dio che ancora una volta mantiene la sua promessa di dare pastori secondo il suo cuore che ci guideranno con scienza e intelligenza. La nomina di Padre Alfonso Amarante ha indubbiamente suscitato in lui proteste profetiche [&hellip;]<\/p>\n","protected":false},"author":21,"featured_media":23171,"comment_status":"closed","ping_status":"closed","sticky":false,"template":"","format":"standard","meta":{"_mi_skip_tracking":false},"categories":[30],"tags":[],"_links":{"self":[{"href":"https:\/\/www.cssr.news\/italian\/wp-json\/wp\/v2\/posts\/23170"}],"collection":[{"href":"https:\/\/www.cssr.news\/italian\/wp-json\/wp\/v2\/posts"}],"about":[{"href":"https:\/\/www.cssr.news\/italian\/wp-json\/wp\/v2\/types\/post"}],"author":[{"embeddable":true,"href":"https:\/\/www.cssr.news\/italian\/wp-json\/wp\/v2\/users\/21"}],"replies":[{"embeddable":true,"href":"https:\/\/www.cssr.news\/italian\/wp-json\/wp\/v2\/comments?post=23170"}],"version-history":[{"count":2,"href":"https:\/\/www.cssr.news\/italian\/wp-json\/wp\/v2\/posts\/23170\/revisions"}],"predecessor-version":[{"id":23175,"href":"https:\/\/www.cssr.news\/italian\/wp-json\/wp\/v2\/posts\/23170\/revisions\/23175"}],"wp:featuredmedia":[{"embeddable":true,"href":"https:\/\/www.cssr.news\/italian\/wp-json\/wp\/v2\/media\/23171"}],"wp:attachment":[{"href":"https:\/\/www.cssr.news\/italian\/wp-json\/wp\/v2\/media?parent=23170"}],"wp:term":[{"taxonomy":"category","embeddable":true,"href":"https:\/\/www.cssr.news\/italian\/wp-json\/wp\/v2\/categories?post=23170"},{"taxonomy":"post_tag","embeddable":true,"href":"https:\/\/www.cssr.news\/italian\/wp-json\/wp\/v2\/tags?post=23170"}],"curies":[{"name":"wp","href":"https:\/\/api.w.org\/{rel}","templated":true}]}}