{"id":23208,"date":"2023-10-12T10:31:21","date_gmt":"2023-10-12T08:31:21","guid":{"rendered":"https:\/\/www.cssr.news\/italian\/?p=23208"},"modified":"2023-10-12T10:31:22","modified_gmt":"2023-10-12T08:31:22","slug":"i-greco-cattolici-ucraini-in-irlanda-vivono-una-settimana-storica","status":"publish","type":"post","link":"https:\/\/www.cssr.news\/italian\/2023\/10\/i-greco-cattolici-ucraini-in-irlanda-vivono-una-settimana-storica\/","title":{"rendered":"I greco-cattolici ucraini in Irlanda vivono una settimana storica"},"content":{"rendered":"\n<p>Dal 10 al 13 ottobre, nella citt\u00e0 di Limerick (Irlanda), con la benedizione di mons. Kenneth Novakivskyi, Visitatore Apostolico per i Greco-cattolici ucraini in Irlanda e Irlanda del Nord, si svolger\u00e0 il primo ritiro spirituale dei sacerdoti dell&#8217;UGCC in Irlanda. Successivamente, il 14 ottobre, i fedeli dell&#8217;UGCC con il clero faranno un pellegrinaggio al principale centro di pellegrinaggio d&#8217;Irlanda, e il 15 avr\u00e0 luogo la consacrazione della prima chiesa per gli ucraini in questo Paese.<\/p>\n\n\n\n<p>I greco-cattolici ucraini in Irlanda stanno vivendo una settimana storica Lo ha annunciato su Facebook il vescovo Kenneth Novakivskyi.<\/p>\n\n\n\n<figure class=\"wp-block-gallery columns-2 is-cropped\"><ul class=\"blocks-gallery-grid\"><li class=\"blocks-gallery-item\"><figure><a href=\"http:\/\/www.cssr.news\/wp-content\/uploads\/2023\/10\/387855055_702514395243801_3666883550578698972_n.jpg\"><img src=\"http:\/\/www.cssr.news\/wp-content\/uploads\/2023\/10\/387855055_702514395243801_3666883550578698972_n.jpg\" alt=\"\" data-id=\"29076\" data-full-url=\"http:\/\/www.cssr.news\/wp-content\/uploads\/2023\/10\/387855055_702514395243801_3666883550578698972_n.jpg\" data-link=\"https:\/\/www.cssr.news\/?attachment_id=29076\" class=\"wp-image-29076\"\/><\/a><\/figure><\/li><li class=\"blocks-gallery-item\"><figure><a href=\"http:\/\/www.cssr.news\/wp-content\/uploads\/2023\/10\/387789432_702514381910469_3422728088511332681_n.jpg\"><img src=\"http:\/\/www.cssr.news\/wp-content\/uploads\/2023\/10\/387789432_702514381910469_3422728088511332681_n-1024x768.jpg\" alt=\"\" data-id=\"29075\" data-full-url=\"http:\/\/www.cssr.news\/wp-content\/uploads\/2023\/10\/387789432_702514381910469_3422728088511332681_n.jpg\" data-link=\"https:\/\/www.cssr.news\/?attachment_id=29075\" class=\"wp-image-29075\"\/><\/a><\/figure><\/li><\/ul><\/figure>\n\n\n\n<p>I ritiri per i sacerdoti si tengono nel monastero dei Padri Redentoristi di Sant&#8217;Alfonso, guidati da p. Roman Lagish, ZNI. Padre Roman \u00e8 venuto recentemente dall&#8217;Ucraina per iniziare un ministero pastorale per gli ucraini a Limerick. Ai ritiri partecipano: p. Vasyl Kornytskyi, parroco di Dublino, p. Taras Fedorenko, parroco di Sligo, p. Andrii Sovyak, parroco di Waterford, p. Roman Biletskyi, parroco di Cork. E anche p. Vitaly Fedun, vicario giudiziale della diocesi cattolica ucraina della Sacra Famiglia a Londra, e p. Andrii Malysh, cancelliere della diocesi. Dal vescovo Kenneth i pastori hanno ricevuto per la prima volta l&#8217;Antimension e la mirra, che sono stati consacrati dal Padre e Capo della UGCC Sua Beatitudine Sviatoslav per lo svolgimento dei servizi divini in Irlanda. Questo \u00e8 un simbolo importante dell&#8217;unit\u00e0 della nostra Chiesa in Irlanda con il Capo dell&#8217;UGCC.<\/p>\n\n\n\n<p>Sabato 14 ottobre avr\u00e0 luogo il pellegrinaggio panucraino alla citt\u00e0 di Knock, il principale centro di pellegrinaggio irlandese. Il pellegrinaggio inizier\u00e0 alle 13:00. nella Basilica principale della Vergine Immacolata, Regina d&#8217;Irlanda. La Divina Liturgia sar\u00e0 presieduta dal vescovo Kenneth Novakivskyi insieme al vescovo Grigoriy Komar, vescovo assistente della diocesi di Sambir-Drohobytsk, e al clero irlandese.<\/p>\n\n\n\n<p>Domenica 15 ottobre, nella citt\u00e0 di Waterford, avr\u00e0 luogo il rinnovamento della chiesa di San Francesco della Chiesa cattolica ucraina. Le celebrazioni inizieranno alle ore 10:00 con la Divina Liturgia Vescovile, che sar\u00e0 presieduta da Mons. Kenneth insieme a Mons. Gregory. Il rettore della Chiesa di San Francesco \u00e8 p. Andrii Sovyak, sacerdote dell&#8217;eparchia Sambir-Drohobytsky. Con la benedizione del vescovo Alphonse Cullinan, vescovo cattolico romano della diocesi di Waterford e Lismore, e gli sforzi di p. Ad Andria, la comunit\u00e0 ucraina di San Francesco a Waterford ha una propria chiesa per la preghiera. Questa \u00e8 la prima chiesa che la Chiesa cattolica ucraina ha ricevuto in Irlanda. Siamo felici di invitare tutti a prendere parte a questo evento storico.<\/p>\n\n\n\n<p>Cortesia:&nbsp;<a href=\"https:\/\/www.facebook.com\/UGCCIreland\">Facebook of UGCC Ireland<\/a><\/p>\n","protected":false},"excerpt":{"rendered":"<p>Dal 10 al 13 ottobre, nella citt\u00e0 di Limerick (Irlanda), con la benedizione di mons. Kenneth Novakivskyi, Visitatore Apostolico per i Greco-cattolici ucraini in Irlanda e Irlanda del Nord, si svolger\u00e0 il primo ritiro spirituale dei sacerdoti dell&#8217;UGCC in Irlanda. Successivamente, il 14 ottobre, i fedeli dell&#8217;UGCC con il clero faranno un pellegrinaggio al principale [&hellip;]<\/p>\n","protected":false},"author":3,"featured_media":23209,"comment_status":"closed","ping_status":"closed","sticky":false,"template":"","format":"standard","meta":{"_mi_skip_tracking":false},"categories":[2],"tags":[],"_links":{"self":[{"href":"https:\/\/www.cssr.news\/italian\/wp-json\/wp\/v2\/posts\/23208"}],"collection":[{"href":"https:\/\/www.cssr.news\/italian\/wp-json\/wp\/v2\/posts"}],"about":[{"href":"https:\/\/www.cssr.news\/italian\/wp-json\/wp\/v2\/types\/post"}],"author":[{"embeddable":true,"href":"https:\/\/www.cssr.news\/italian\/wp-json\/wp\/v2\/users\/3"}],"replies":[{"embeddable":true,"href":"https:\/\/www.cssr.news\/italian\/wp-json\/wp\/v2\/comments?post=23208"}],"version-history":[{"count":1,"href":"https:\/\/www.cssr.news\/italian\/wp-json\/wp\/v2\/posts\/23208\/revisions"}],"predecessor-version":[{"id":23210,"href":"https:\/\/www.cssr.news\/italian\/wp-json\/wp\/v2\/posts\/23208\/revisions\/23210"}],"wp:featuredmedia":[{"embeddable":true,"href":"https:\/\/www.cssr.news\/italian\/wp-json\/wp\/v2\/media\/23209"}],"wp:attachment":[{"href":"https:\/\/www.cssr.news\/italian\/wp-json\/wp\/v2\/media?parent=23208"}],"wp:term":[{"taxonomy":"category","embeddable":true,"href":"https:\/\/www.cssr.news\/italian\/wp-json\/wp\/v2\/categories?post=23208"},{"taxonomy":"post_tag","embeddable":true,"href":"https:\/\/www.cssr.news\/italian\/wp-json\/wp\/v2\/tags?post=23208"}],"curies":[{"name":"wp","href":"https:\/\/api.w.org\/{rel}","templated":true}]}}