{"id":23244,"date":"2023-10-17T00:38:35","date_gmt":"2023-10-16T22:38:35","guid":{"rendered":"https:\/\/www.cssr.news\/italian\/?p=23244"},"modified":"2023-10-17T00:38:36","modified_gmt":"2023-10-16T22:38:36","slug":"san-gerardo-ha-sempre-saputo-ascoltare-la-voce-e-fare-la-volonta-del-caro-dio-ed-essere-al-servizio-degli-altri","status":"publish","type":"post","link":"https:\/\/www.cssr.news\/italian\/2023\/10\/san-gerardo-ha-sempre-saputo-ascoltare-la-voce-e-fare-la-volonta-del-caro-dio-ed-essere-al-servizio-degli-altri\/","title":{"rendered":"San Gerardo ha sempre saputo ascoltare la voce e fare la volont\u00e0 del \u201ccaro Dio\u201d ed essere al servizio degli altri."},"content":{"rendered":"\n<p><strong>P. Rog\u00e9rio Gomes CSsR, Superiore Generale della Congregazione del Santissimo Redentore, ha partecipato alla celebrazione in onore di San Gerardo Maiella a Materdomini, il santuario di San Fratello Redentorista, il 16 ottobre, dove ha tenuto un&#8217;omelia.<\/strong><\/p>\n\n\n\n<p>Di seguito pubblichiamo il testo integrale dell&#8217;omelia del Padre Generale.<\/p>\n\n\n\n<p class=\"has-text-align-center\"><strong>OMELIA \u2013 FESTA DI SAN GERARDO<\/strong><\/p>\n\n\n\n<p>Carissimi Confratelli di questa Comunit\u00e0 di Materdomini,<\/p>\n\n\n\n<p>Cari fratelli e sorelle partecipante di questa Festa di San Gerardo e tutti voi che ci accompagno attraverso le reti sociali.&nbsp;<\/p>\n\n\n\n<ol type=\"1\"><li>Oggi, il 16 ottobre celebriamo la memoria del nostro caro Fratello Gerardo Majela, che un giorno scapp\u00f2 di casa con un unico scopo: essere santo. Questo obiettivo ha guidato tutta la sua vita e, anche di fronte alle difficolt\u00e0, non si \u00e8 perso d\u2019animo, perch\u00e9 ha sempre saputo ascoltare la voce e fare la volont\u00e0 del \u201ccaro Dio\u201d ed essere al servizio degli altri. \u201cIn San Gerardo ricordiamo la presenza abbondante e forte della grazia; siamo colpiti dalla sua intensa luminosit\u00e0, manifestata nel suo totale abbandono a Cristo e nella sua disponibilit\u00e0 gioiosa e giubilante a favore dei fratelli; percepiamo la profonda verit\u00e0 dei fatti prodigiosi trasmessi dalla memoria popolare. E per questo ci rimane un grande desiderio di conoscerlo di pi\u00f9 e meglio\u201d.<a href=\"applewebdata:\/\/A7C98197-3B95-4A28-9720-E218BE33BFE4#_ftn1\"><sup>[1]<\/sup><\/a><\/li><li>La devozione a San Gerardo Majella \u00e8 molto conosciuta e offre conforto e speranza a molte persone, specialmente a quelle che affrontano sfide legate alla gravidanza e alla maternit\u00e0 e alle famiglie. A causa della sua semplicit\u00e0 lui \u00e8 considerato un esempio di vita di santit\u00e0 e compassione verso i pi\u00f9 deboli, ed \u00e8 quindi una figura importante nella tradizione cattolica.<\/li><li>La preghiera del suo giorno recita<a>: <\/a>\u201cO Dio, che hai attiratto San Gerardo fin dalla sua giovinezza, e lo hai reso conforme all\u2019immagine del tuo Figlio crocifisso, fa\u2019 anche noi, seguendo l\u2019esempio della sua vita, siamo trasformati nella stessa immagine\u201d.<sup>[2]<\/sup>\u00a0\u00a0L\u2019immagine che conosciamo di questo nostro fratello \u00e8 quella in cui sta con la croce in braccio, che ci ricorda la consegna di Ges\u00f9 all\u2019umanit\u00e0 e la consegna di Gerardo al Redentore. Partendo dalla\u00a0<em>kenosi\u00a0<\/em>del Redentore, anche Gerardo la fa sua lasciandosi andare. In questo modo, la sua vita richiama valori importanti per la nostra consacrazione: l\u2019intimit\u00e0 con Dio, la semplicit\u00e0 di vita, il\u00a0<em>distacco<\/em>, la gioia di servire, la vita fraterna e un\u2019intensa vita apostolica.<\/li><li>Il cammino di Gerardo verso la santit\u00e0 \u00e8 costruito sulla quotidianit\u00e0 e sulla semplicit\u00e0 della sua vita. Intorno al suo personaggio sono stati creati tanti fatti che ne hanno fatto un \u201csanto che fa miracoli\u201d o, a volte, un personaggio\u00a0<em>sui generis<\/em>, addirittura fuori dalla realt\u00e0. Questo tipo di letteratura va intesa come frutto di un\u2019epoca, ma mette in evidenza la vicinanza di Gerardo al popolo. \u201cIl Signore lo favor\u00ec di carismi, tra cui la profezia, l\u2019intelligenza dei cuori e il doni dei miracoli\u201d.<a href=\"applewebdata:\/\/A7C98197-3B95-4A28-9720-E218BE33BFE4#_ftn3\"><sup>[3]<\/sup><\/a>\u00a0\u00a0Come tale, \u00e8 una persona che pu\u00f2 essere toccata, invocata nelle pi\u00f9 diverse situazioni della vita. Per questo \u00e8 un uomo che si incarna nella realt\u00e0 delle persone pi\u00f9 semplici, da quelle che vanno in convento a chiedere il pane a quelle che gli chiedono consiglio e guida spirituale, come si legge nel suo epistolario. Questo \u00e8 possibile perch\u00e9 il \u201ccaro Dio\u201d di cui parla Majella \u00e8 il Verbo incarnato che si \u00e8 svuotato e si \u00e8 fatto compagno di viaggio sulle strade della vita. \u00c8 cos\u00ec vicino che, secondo uno dei racconti, per trovare la chiave caduta nel pozzo, lega un\u2019immagine di Ges\u00f9 bambino e la riporta indietro&#8230; La sua intimit\u00e0 e amicizia con Dio gli permette di fare questo. Questo dimostra una spiritualit\u00e0 della tenerezza.<\/li><li>Questo modo di essere ha permeato la sua vita personale e consacrata. Non ha fatto nulla di straordinario, se non la cosa pi\u00f9 difficile: amare. Solo l\u2019amore ci rende santi, perch\u00e9 \u201cDio \u00e8 amore\u201d (1Gv 4,8) e noi siamo sua immagine e somiglianza (Gen 1,27). Anche se parlassimo il linguaggio degli angeli e degli uomini, senza l\u2019amore non saremmo nulla (cf. 1Cor 13,1). Quindi l\u2019amore \u00e8 il luogo in cui il divino e l\u2019umano si incontrano, si manifestano e generano vita e bellezza nel senso pi\u00f9 ampio del termine. Chi non ama cammina nella solitudine e nella morte e non trova s\u00e9 stesso. Donandosi totalmente a Dio, Gerardo si \u00e8 donato anche al prossimo, soprattutto ai pi\u00f9 poveri e abbandonati.<\/li><li>Gerardo ha consacrato la sua breve vita a Dio nella Congregazione del Santissimo Redentore. Ha scelto di essere il Fratello Gerardo. Qui sta la bellezza della Vita Consacrata Redentorista, che comprende questi due modi di essere e di realizzare la propria vocazione nella Chiesa: essere un Fratello religioso o un sacerdote religioso. Entrambi hanno un nucleo comune: la consacrazione al Signore e l\u2019essere fratello. Il nostro ministero \u00e8 diverso e questo non deve essere motivo di distanza tra noi; al contrario, poich\u00e9 siamo tutti consacrati e fratelli, dobbiamo camminare insieme, con la diversit\u00e0 e la bellezza dei nostri talenti personali, e applicarli a favore del bene pi\u00f9 grande, l\u2019annuncio esplicito del Vangelo a tutti gli uomini (cf. Cost. 1-5). \u201cOgni consacrazione religiosa manifesta ai fedeli che il mistero di Cristo Salvatore\u00a0<em>si<\/em>\u00a0<em>compie ora e qui<\/em>, in questo mondo e per mezzo della Chiesa di oggi. In ogni tempo e luogo le persone consacrate rivelano ai loro contemporanei i tratti di Ges\u00f9, con i quali Egli mostrava che il mistero del Regno di Dio aveva gi\u00e0 fatto irruzione nella storia\u201d.<sup>\u00a0<a href=\"applewebdata:\/\/A7C98197-3B95-4A28-9720-E218BE33BFE4#_ftn4\"><sup>[4]<\/sup><\/a><\/sup>\u00a0\u00a0\u00a0Questa \u00e8 la nostra missione!<\/li><li>La devozione di San Gerardo Majella alla Madonna \u00e8 un elemento chiave della sua vita e della sua spiritualit\u00e0. San Gerardo era noto per la sua profonda devozione alla Vergine Maria, e la considerava una guida e un rifugio nelle difficolt\u00e0 e nelle sfide della vita. La sua devozione alla Madonna riflette l\u2019importanza della figura di Maria nella tradizione cattolica e l\u2019insegnamento della Chiesa sulla sua intercessione materna. Molte persone si rivolgono a San Gerardo e alla Madonna in momenti di difficolt\u00e0, sperando di ricevere conforto, guida e protezione.\u00a0<\/li><li>Che San Gerardo susciti nel cuore di molti giovani il desiderio di consacrarsi a Dio come fratelli e ci aiuti a essere veramente fratelli tra di noi e a vivere con gioia la nostra vocazione missionaria, seguendo il Redentore che ci chiama ogni giorno. Cos\u00ec sia. Amen!<\/li><\/ol>\n\n\n\n<hr class=\"wp-block-separator\"\/>\n\n\n\n<p><a href=\"applewebdata:\/\/A7C98197-3B95-4A28-9720-E218BE33BFE4#_ftnref1\"><sup>[1]<\/sup><\/a>&nbsp;MAJORANO, Sabatino. Cartas e outros escritos de S\u00e3o Geraldo. In: UNI\u00c3O DOS REDENTORISTAS DO BRASIL.&nbsp;<em>Espiritualidade Redentorista<\/em>&nbsp;6: Escritos e Espiritualidade de S\u00e3o Geraldo Majela. Aparecida: Santu\u00e1rio, 1995, p. 242.<\/p>\n\n\n\n<p><a href=\"applewebdata:\/\/A7C98197-3B95-4A28-9720-E218BE33BFE4#_ftnref2\"><sup>[2]<\/sup><\/a>&nbsp;Missale Redentorista, p. 87.<\/p>\n\n\n\n<p><a href=\"applewebdata:\/\/A7C98197-3B95-4A28-9720-E218BE33BFE4#_ftnref3\"><sup>[3]<\/sup><\/a>&nbsp;Missale Redentorista, p. 47.<\/p>\n\n\n\n<p><a href=\"applewebdata:\/\/A7C98197-3B95-4A28-9720-E218BE33BFE4#_ftnref4\"><sup>[4]<\/sup><\/a>&nbsp;CONGREGA\u00c7\u00c3O PARA OS INSTITUTOS DE VIDA CONSAGRADA E AS SOCIEDADES DE VIDA APOST\u00d3LICA.&nbsp;<em>Identidade e Miss\u00e3o do Religioso Irm\u00e3o na Igreja<\/em>. Lisboa: Paulus, 2015, p. 27.<\/p>\n","protected":false},"excerpt":{"rendered":"<p>P. Rog\u00e9rio Gomes CSsR, Superiore Generale della Congregazione del Santissimo Redentore, ha partecipato alla celebrazione in onore di San Gerardo Maiella a Materdomini, il santuario di San Fratello Redentorista, il 16 ottobre, dove ha tenuto un&#8217;omelia. Di seguito pubblichiamo il testo integrale dell&#8217;omelia del Padre Generale. OMELIA \u2013 FESTA DI SAN GERARDO Carissimi Confratelli di [&hellip;]<\/p>\n","protected":false},"author":23,"featured_media":23245,"comment_status":"closed","ping_status":"closed","sticky":false,"template":"","format":"standard","meta":{"_mi_skip_tracking":false},"categories":[46],"tags":[],"_links":{"self":[{"href":"https:\/\/www.cssr.news\/italian\/wp-json\/wp\/v2\/posts\/23244"}],"collection":[{"href":"https:\/\/www.cssr.news\/italian\/wp-json\/wp\/v2\/posts"}],"about":[{"href":"https:\/\/www.cssr.news\/italian\/wp-json\/wp\/v2\/types\/post"}],"author":[{"embeddable":true,"href":"https:\/\/www.cssr.news\/italian\/wp-json\/wp\/v2\/users\/23"}],"replies":[{"embeddable":true,"href":"https:\/\/www.cssr.news\/italian\/wp-json\/wp\/v2\/comments?post=23244"}],"version-history":[{"count":1,"href":"https:\/\/www.cssr.news\/italian\/wp-json\/wp\/v2\/posts\/23244\/revisions"}],"predecessor-version":[{"id":23246,"href":"https:\/\/www.cssr.news\/italian\/wp-json\/wp\/v2\/posts\/23244\/revisions\/23246"}],"wp:featuredmedia":[{"embeddable":true,"href":"https:\/\/www.cssr.news\/italian\/wp-json\/wp\/v2\/media\/23245"}],"wp:attachment":[{"href":"https:\/\/www.cssr.news\/italian\/wp-json\/wp\/v2\/media?parent=23244"}],"wp:term":[{"taxonomy":"category","embeddable":true,"href":"https:\/\/www.cssr.news\/italian\/wp-json\/wp\/v2\/categories?post=23244"},{"taxonomy":"post_tag","embeddable":true,"href":"https:\/\/www.cssr.news\/italian\/wp-json\/wp\/v2\/tags?post=23244"}],"curies":[{"name":"wp","href":"https:\/\/api.w.org\/{rel}","templated":true}]}}