{"id":23250,"date":"2023-10-17T17:53:54","date_gmt":"2023-10-17T15:53:54","guid":{"rendered":"https:\/\/www.cssr.news\/italian\/?p=23250"},"modified":"2023-10-17T17:53:55","modified_gmt":"2023-10-17T15:53:55","slug":"incontro-online-dei-superiori-locali","status":"publish","type":"post","link":"https:\/\/www.cssr.news\/italian\/2023\/10\/incontro-online-dei-superiori-locali\/","title":{"rendered":"Incontro online dei superiori locali"},"content":{"rendered":"\n<p>\u00c8 la prima volta nella storia della nostra Congregazione, che il Governo Generale avr\u00e0 un incontro con tutti i superiori locali delle comunit\u00e0 redentoriste. Ci\u00f2 \u00e8 possibile grazie al progresso delle tecnologie dell&#8217;informazione, che permettono questi spazi di fraternit\u00e0 e di accompagnamento nell&#8217;animazione dei nostri diversi apostolati.<\/p>\n\n\n\n<p>Per motivi tecnici e linguistici, ci saranno due incontri dei superiori locali:<\/p>\n\n\n\n<ul><li><strong>Gioved\u00ec 19 ottobre, ore 13.30 (Roma):<\/strong> lingua ufficiale, inglese. Altre lingue: polacco e vietnamita.<\/li><li><strong>Venerd\u00ec 20 ottobre, ore 13.30 (Roma):<\/strong> lingua ufficiale, spagnolo. Altre lingue: italiano, portoghese e francese.<\/li><\/ul>\n\n\n\n<p>Chiediamo gentilmente ai superiori (vice)provinciali di comunicare questa attivit\u00e0 ai rispettivi responsabili inviando il link dello zoom precedentemente inviato ai loro indirizzi e-mail. Invitiamo tutta la famiglia redentorista a pregare per lo sviluppo di questa attivit\u00e0.<\/p>\n\n\n\n<p>P. Edward Juli\u00e1n CHAC\u00d3N D\u00cdAZ, C.SS.R.<br>Segretario generale<\/p>\n","protected":false},"excerpt":{"rendered":"<p>\u00c8 la prima volta nella storia della nostra Congregazione, che il Governo Generale avr\u00e0 un incontro con tutti i superiori locali delle comunit\u00e0 redentoriste. Ci\u00f2 \u00e8 possibile grazie al progresso delle tecnologie dell&#8217;informazione, che permettono questi spazi di fraternit\u00e0 e di accompagnamento nell&#8217;animazione dei nostri diversi apostolati. Per motivi tecnici e linguistici, ci saranno due [&hellip;]<\/p>\n","protected":false},"author":21,"featured_media":23251,"comment_status":"closed","ping_status":"closed","sticky":false,"template":"","format":"standard","meta":{"_mi_skip_tracking":false},"categories":[5],"tags":[],"_links":{"self":[{"href":"https:\/\/www.cssr.news\/italian\/wp-json\/wp\/v2\/posts\/23250"}],"collection":[{"href":"https:\/\/www.cssr.news\/italian\/wp-json\/wp\/v2\/posts"}],"about":[{"href":"https:\/\/www.cssr.news\/italian\/wp-json\/wp\/v2\/types\/post"}],"author":[{"embeddable":true,"href":"https:\/\/www.cssr.news\/italian\/wp-json\/wp\/v2\/users\/21"}],"replies":[{"embeddable":true,"href":"https:\/\/www.cssr.news\/italian\/wp-json\/wp\/v2\/comments?post=23250"}],"version-history":[{"count":1,"href":"https:\/\/www.cssr.news\/italian\/wp-json\/wp\/v2\/posts\/23250\/revisions"}],"predecessor-version":[{"id":23252,"href":"https:\/\/www.cssr.news\/italian\/wp-json\/wp\/v2\/posts\/23250\/revisions\/23252"}],"wp:featuredmedia":[{"embeddable":true,"href":"https:\/\/www.cssr.news\/italian\/wp-json\/wp\/v2\/media\/23251"}],"wp:attachment":[{"href":"https:\/\/www.cssr.news\/italian\/wp-json\/wp\/v2\/media?parent=23250"}],"wp:term":[{"taxonomy":"category","embeddable":true,"href":"https:\/\/www.cssr.news\/italian\/wp-json\/wp\/v2\/categories?post=23250"},{"taxonomy":"post_tag","embeddable":true,"href":"https:\/\/www.cssr.news\/italian\/wp-json\/wp\/v2\/tags?post=23250"}],"curies":[{"name":"wp","href":"https:\/\/api.w.org\/{rel}","templated":true}]}}