{"id":23260,"date":"2023-10-18T15:35:43","date_gmt":"2023-10-18T13:35:43","guid":{"rendered":"https:\/\/www.cssr.news\/italian\/?p=23260"},"modified":"2023-10-18T15:35:44","modified_gmt":"2023-10-18T13:35:44","slug":"ryvm-bangalore-ha-animato-un-incontro-di-due-giorni-per-i-promotori-vocazionali-e-i-coordinatori-dei-giovani","status":"publish","type":"post","link":"https:\/\/www.cssr.news\/italian\/2023\/10\/ryvm-bangalore-ha-animato-un-incontro-di-due-giorni-per-i-promotori-vocazionali-e-i-coordinatori-dei-giovani\/","title":{"rendered":"RYVM Bangalore ha animato un incontro di due giorni per i promotori vocazionali e i coordinatori dei giovani"},"content":{"rendered":"\n<p>L&#8217;incontro dei promotori vocazionali e dei coordinatori giovanili \u00e8 stato organizzato dal segretariato RYVM della provincia di Bangalore presso NSK il 13 e 14 ottobre 2023. Abbiamo avuto una buona rappresentanza di membri provenienti da diverse zone di missione della provincia di Bangalore. Siamo stati felici anche di aver avuto la collaborazione e la presenza dei membri della PGVR della Vice Provincia della Majella. Cinque membri hanno rappresentato la viceprovincia della Majella in questo incontro. Complessivamente sono stati 19 i confratelli che hanno partecipato all&#8217;incontro della PGVR, nel 2023. Il programma di due giorni \u00e8 stato animato dai membri della segreteria della PGVR, Rev. P. Sanjay Kujur C.Ss. R. (Il Presidente), Rev. P. Peter. B C.Ss.R. (Il Segretario RYM) Rev. P. Sandeep Menezes C.Ss.R (Il segretario RVM), Rev. P. Kaspar C.Ss.R. (membro RYVM) e il Rev. p. Ginu Cleetus C.Ss.R. (membro RYVM).<\/p>\n\n\n\n<p>I due giorni del programma sono iniziati con la Santa Eucaristia celebrata dal Rev. P. Sanjay Kujur, presidente della RYVM il primo giorno e dal Rev. P. Prem Cutinha della PGVR Majella il secondo giorno. La Messa \u00e8 stata offerta per le intenzioni dei giovani delle nostre parrocchie e per le vocazioni alla Famiglia Redentorista. La prima giornata intera \u00e8 stata dedicata alla pastorale giovanile e la seconda alla promozione vocazionale. L&#8217;incontro RYVM ha avuto come fattore guida LSPP (Apprendimento, Condivisione, Preghiera e Pianificazione). Come parte del nostro apprendimento, abbiamo studiato le linee guida generali RYVM, la bozza delle linee guida RYVM indiane e, cosa molto importante, le linee guida generali per RYVM. Abbiamo anche avuto la signora Mercy James, una consulente qualificata, per presentare il suo punto di vista sui problemi che i giovani di oggi devono affrontare. Abbiamo avuto una serie di condivisioni sulla pastorale giovanile, sulla crisi vocazionale, sulle strategie creative di promozione vocazionale, sulle sfide e sulle soluzioni per la promozione vocazionale nella provincia. Abbiamo trascorso del tempo prezioso pregando e pianificando il quadriennio. Nel programma di due giorni si \u00e8 discusso seriamente dei progressi del ministero PGVR nella provincia.<\/p>\n\n\n\n<figure class=\"wp-block-gallery columns-3 is-cropped\"><ul class=\"blocks-gallery-grid\"><li class=\"blocks-gallery-item\"><figure><a href=\"http:\/\/www.cssr.news\/wp-content\/uploads\/2023\/10\/WhatsApp-Image-2023-10-18-at-09.05.41.jpeg\"><img src=\"http:\/\/www.cssr.news\/wp-content\/uploads\/2023\/10\/WhatsApp-Image-2023-10-18-at-09.05.41-828x1024.jpeg\" alt=\"\" data-id=\"29177\" data-full-url=\"http:\/\/www.cssr.news\/wp-content\/uploads\/2023\/10\/WhatsApp-Image-2023-10-18-at-09.05.41.jpeg\" data-link=\"https:\/\/www.cssr.news\/?attachment_id=29177\" class=\"wp-image-29177\"\/><\/a><\/figure><\/li><li class=\"blocks-gallery-item\"><figure><a href=\"http:\/\/www.cssr.news\/wp-content\/uploads\/2023\/10\/WhatsApp-Image-2023-10-18-at-09.10.33.jpeg\"><img src=\"http:\/\/www.cssr.news\/wp-content\/uploads\/2023\/10\/WhatsApp-Image-2023-10-18-at-09.10.33-1024x576.jpeg\" alt=\"\" data-id=\"29176\" data-full-url=\"http:\/\/www.cssr.news\/wp-content\/uploads\/2023\/10\/WhatsApp-Image-2023-10-18-at-09.10.33.jpeg\" data-link=\"https:\/\/www.cssr.news\/?attachment_id=29176\" class=\"wp-image-29176\"\/><\/a><\/figure><\/li><li class=\"blocks-gallery-item\"><figure><a href=\"http:\/\/www.cssr.news\/wp-content\/uploads\/2023\/10\/WhatsApp-Image-2023-10-18-at-09.10.30.jpeg\"><img src=\"http:\/\/www.cssr.news\/wp-content\/uploads\/2023\/10\/WhatsApp-Image-2023-10-18-at-09.10.30-1024x576.jpeg\" alt=\"\" data-id=\"29178\" data-full-url=\"http:\/\/www.cssr.news\/wp-content\/uploads\/2023\/10\/WhatsApp-Image-2023-10-18-at-09.10.30.jpeg\" data-link=\"https:\/\/www.cssr.news\/?attachment_id=29178\" class=\"wp-image-29178\"\/><\/a><\/figure><\/li><\/ul><\/figure>\n\n\n\n<p>Il primo giorno abbiamo riflettuto sulla necessit\u00e0 di un piano redentorista organizzato per la pastorale giovanile. Sebbene noi, come provincia di Bangalore, siamo coinvolti nel ministero RYVM da oltre trent&#8217;anni, non abbiamo ancora un nostro Gruppo Giovanile Redentorista. Abbiamo gruppi di giovani nelle nostre parrocchie. Ma possiamo chiamarli la nostra giovent\u00f9 redentorista? E cos\u00ec, i coordinatori PGVR di questo quadriennio hanno raccolto la sfida di avviare un gruppo giovanile redentorista nella Provincia.<\/p>\n\n\n\n<p>Il secondo giorno, abbiamo riflettuto sull\u2019appello urgente rivolto dal XVIII Capitolo Provinciale a noi Redentoristi in India a promuovere pi\u00f9 vocazioni nella Congregazione. Studiando le linee guida e le procedure esistenti per la promozione vocazionale, ci siamo resi conto della necessit\u00e0 di pi\u00f9 vocazioni senza compromettere processi robusti che garantiscano che i giovani che si uniscono a noi prendano una decisione matura e libera di dedicarsi e impegnarsi nella Missione della nostra Congregazione. Abbiamo avuto ampi e vivaci dibattiti sul ruolo dei promotori vocazionali in contrapposizione al ruolo dei direttori della formazione. Abbiamo riflettuto su come entrambi operano per il bene della Congregazione, ma in modi diversi. Infine, in risposta all\u2019appello del XVIII Capitolo Provinciale e alle nostre riflessioni, abbiamo deciso di considerare la pastorale vocazionale come la massima priorit\u00e0 e di pianificare e lavorare per attuare strategie di promozione vocazionale pi\u00f9 efficaci nella comunit\u00e0, nella Zona di Missione e livello (V) provinciale.<\/p>\n\n\n\n<p>I due giorni di incontro hanno avuto anche un momento di allegra musica, canti e convivialit\u00e0 la sera prima della cena. Ci\u00f2 ha reso il nostro incontro davvero un gioioso incontro dei fratelli Redentoristi. Abbiamo concluso i due giorni di fruttuoso incontro PGVR offrendo il nostro ministero nelle mani di Maria nostra Madre chiedendo la sua protezione e intercessione, cantando Salve Regina.<\/p>\n\n\n\n<p>P. Peter. B., C.Ss.R.<\/p>\n","protected":false},"excerpt":{"rendered":"<p>L&#8217;incontro dei promotori vocazionali e dei coordinatori giovanili \u00e8 stato organizzato dal segretariato RYVM della provincia di Bangalore presso NSK il 13 e 14 ottobre 2023. Abbiamo avuto una buona rappresentanza di membri provenienti da diverse zone di missione della provincia di Bangalore. Siamo stati felici anche di aver avuto la collaborazione e la presenza [&hellip;]<\/p>\n","protected":false},"author":3,"featured_media":23261,"comment_status":"closed","ping_status":"closed","sticky":false,"template":"","format":"standard","meta":{"_mi_skip_tracking":false},"categories":[33],"tags":[],"_links":{"self":[{"href":"https:\/\/www.cssr.news\/italian\/wp-json\/wp\/v2\/posts\/23260"}],"collection":[{"href":"https:\/\/www.cssr.news\/italian\/wp-json\/wp\/v2\/posts"}],"about":[{"href":"https:\/\/www.cssr.news\/italian\/wp-json\/wp\/v2\/types\/post"}],"author":[{"embeddable":true,"href":"https:\/\/www.cssr.news\/italian\/wp-json\/wp\/v2\/users\/3"}],"replies":[{"embeddable":true,"href":"https:\/\/www.cssr.news\/italian\/wp-json\/wp\/v2\/comments?post=23260"}],"version-history":[{"count":1,"href":"https:\/\/www.cssr.news\/italian\/wp-json\/wp\/v2\/posts\/23260\/revisions"}],"predecessor-version":[{"id":23262,"href":"https:\/\/www.cssr.news\/italian\/wp-json\/wp\/v2\/posts\/23260\/revisions\/23262"}],"wp:featuredmedia":[{"embeddable":true,"href":"https:\/\/www.cssr.news\/italian\/wp-json\/wp\/v2\/media\/23261"}],"wp:attachment":[{"href":"https:\/\/www.cssr.news\/italian\/wp-json\/wp\/v2\/media?parent=23260"}],"wp:term":[{"taxonomy":"category","embeddable":true,"href":"https:\/\/www.cssr.news\/italian\/wp-json\/wp\/v2\/categories?post=23260"},{"taxonomy":"post_tag","embeddable":true,"href":"https:\/\/www.cssr.news\/italian\/wp-json\/wp\/v2\/tags?post=23260"}],"curies":[{"name":"wp","href":"https:\/\/api.w.org\/{rel}","templated":true}]}}