{"id":23327,"date":"2023-10-26T07:43:00","date_gmt":"2023-10-26T05:43:00","guid":{"rendered":"https:\/\/www.cssr.news\/italian\/?p=23327"},"modified":"2023-10-26T07:43:01","modified_gmt":"2023-10-26T05:43:01","slug":"colombia-due-redentoristi-ordinati-sacerdoti","status":"publish","type":"post","link":"https:\/\/www.cssr.news\/italian\/2023\/10\/colombia-due-redentoristi-ordinati-sacerdoti\/","title":{"rendered":"Colombia: due redentoristi ordinati sacerdoti"},"content":{"rendered":"\n<p>Lo scorso 16 ottobre, memoria di San Gerardo Mayela, \u00e8 stata celebrata l&#8217;ordinazione sacerdotale di: Sergio Andr\u00e9s Guerrero Buitrago e Juan Sebasti\u00e1n Criollo Puentes, nella Parrocchia San Alfonso di Bogot\u00e1; i quali, il 3 marzo, avevano professato perpetuo per la Congregazione e il giorno dopo avevano ricevuto l&#8217;ordinazione diaconale. La cerimonia \u00e8 stata presieduta da Mons. \u00c1lvaro Mon P\u00e9rez C.Ss.R., Vicario Apostolico di Puerto Carre\u00f1o, Vichada.<\/p>\n\n\n\n<p>Con il canto: \u201cPrima che tu fossi formato\u201d cantato dal coro del Seminario San Alfonso, inizia questa solenne Eucaristia nella quale i diaconi ricevono il ministero sacerdotale mediante l&#8217;imposizione delle mani e l&#8217;unzione con il santo crisma. I genitori dei neopresbiteri sono stati felici di portare tra le mani gli ornamenti con cui avrebbero vestito i loro figli e, oltre a ci\u00f2, hanno espresso anche la gioia di ricevere la prima benedizione sacerdotale da parte dei sacerdoti Sergio e Juan.<\/p>\n\n\n\n<p>Monsignor \u00c1lvaro Mon, ha espresso nella sua omelia di non dimenticare mai questi missionari, per essere stati i suoi primi sacerdoti ordinati, ha anche espresso la sua gratitudine alla Provincia Redentorista di Bogot\u00e1, per il loro fraterno invito ad essere vescovo ordinante e per tutto il sostegno che hanno fornito nel suo servizio episcopale.<\/p>\n\n\n\n<figure class=\"wp-block-gallery columns-3 is-cropped\"><ul class=\"blocks-gallery-grid\"><li class=\"blocks-gallery-item\"><figure><a href=\"http:\/\/www.cssr.news\/wp-content\/uploads\/2023\/10\/sn2023-1025_Colombia-orinazioni26.jpg\"><img src=\"http:\/\/www.cssr.news\/wp-content\/uploads\/2023\/10\/sn2023-1025_Colombia-orinazioni26.jpg\" alt=\"\" data-id=\"29272\" data-full-url=\"http:\/\/www.cssr.news\/wp-content\/uploads\/2023\/10\/sn2023-1025_Colombia-orinazioni26.jpg\" data-link=\"https:\/\/www.cssr.news\/?attachment_id=29272\" class=\"wp-image-29272\"\/><\/a><\/figure><\/li><li class=\"blocks-gallery-item\"><figure><a href=\"http:\/\/www.cssr.news\/wp-content\/uploads\/2023\/10\/sn2023-1025_Colombia-orinazioni23.jpg\"><img src=\"http:\/\/www.cssr.news\/wp-content\/uploads\/2023\/10\/sn2023-1025_Colombia-orinazioni23.jpg\" alt=\"\" data-id=\"29269\" data-full-url=\"http:\/\/www.cssr.news\/wp-content\/uploads\/2023\/10\/sn2023-1025_Colombia-orinazioni23.jpg\" data-link=\"https:\/\/www.cssr.news\/?attachment_id=29269\" class=\"wp-image-29269\"\/><\/a><\/figure><\/li><li class=\"blocks-gallery-item\"><figure><a href=\"http:\/\/www.cssr.news\/wp-content\/uploads\/2023\/10\/sn2023-1025_Colombia-orinazioni22.jpg\"><img src=\"http:\/\/www.cssr.news\/wp-content\/uploads\/2023\/10\/sn2023-1025_Colombia-orinazioni22.jpg\" alt=\"\" data-id=\"29268\" data-full-url=\"http:\/\/www.cssr.news\/wp-content\/uploads\/2023\/10\/sn2023-1025_Colombia-orinazioni22.jpg\" data-link=\"https:\/\/www.cssr.news\/?attachment_id=29268\" class=\"wp-image-29268\"\/><\/a><\/figure><\/li><\/ul><\/figure>\n\n\n\n<p>Questi sacerdoti saranno gli ultimi ad essere ordinati sotto la Provincia di Bogot\u00e1; e come segno di speranza, sono anche considerati la prima della prossima Unit\u00e0 dei Caraibi andini, che unir\u00e0 i Redentoristi di Colombia, Ecuador e Venezuela. Ci\u00f2 \u00e8 stato evidenziato da Padre Luis Carlos Jaime Murillo C.Ss.R., animatore provinciale di Bogot\u00e0.<\/p>\n\n\n\n<p>Al termine della cerimonia, tutti gli ospiti e i familiari dei nuovi sacerdoti si sono trasferiti al Seminario San Alfonso, dove \u00e8 stato preparato per loro un festoso ricevimento dalla comunit\u00e0 formativa e dai seminaristi. Padre Superiore Luis Alberto Roballo C.Ss.R. ha detto che questa celebrazione chiude magistralmente le celebrazioni dei 60 anni del Seminario e dell&#8217;opera della Provincia di Bogot\u00e0, dando il via alla riconfigurazione.<\/p>\n\n\n\n<figure class=\"wp-block-gallery columns-3 is-cropped\"><ul class=\"blocks-gallery-grid\"><li class=\"blocks-gallery-item\"><figure><a href=\"http:\/\/www.cssr.news\/wp-content\/uploads\/2023\/10\/sn2023-1025_Colombia-orinazioni21.jpg\"><img src=\"http:\/\/www.cssr.news\/wp-content\/uploads\/2023\/10\/sn2023-1025_Colombia-orinazioni21.jpg\" alt=\"\" data-id=\"29267\" data-full-url=\"http:\/\/www.cssr.news\/wp-content\/uploads\/2023\/10\/sn2023-1025_Colombia-orinazioni21.jpg\" data-link=\"https:\/\/www.cssr.news\/?attachment_id=29267\" class=\"wp-image-29267\"\/><\/a><\/figure><\/li><li class=\"blocks-gallery-item\"><figure><a href=\"http:\/\/www.cssr.news\/wp-content\/uploads\/2023\/10\/sn2023-1025_Colombia-orinazioni24.jpg\"><img src=\"http:\/\/www.cssr.news\/wp-content\/uploads\/2023\/10\/sn2023-1025_Colombia-orinazioni24.jpg\" alt=\"\" data-id=\"29270\" data-full-url=\"http:\/\/www.cssr.news\/wp-content\/uploads\/2023\/10\/sn2023-1025_Colombia-orinazioni24.jpg\" data-link=\"https:\/\/www.cssr.news\/?attachment_id=29270\" class=\"wp-image-29270\"\/><\/a><\/figure><\/li><li class=\"blocks-gallery-item\"><figure><a href=\"http:\/\/www.cssr.news\/wp-content\/uploads\/2023\/10\/sn2023-1025_Colombia-orinazioni25.jpg\"><img src=\"http:\/\/www.cssr.news\/wp-content\/uploads\/2023\/10\/sn2023-1025_Colombia-orinazioni25.jpg\" alt=\"\" data-id=\"29271\" data-full-url=\"http:\/\/www.cssr.news\/wp-content\/uploads\/2023\/10\/sn2023-1025_Colombia-orinazioni25.jpg\" data-link=\"https:\/\/www.cssr.news\/?attachment_id=29271\" class=\"wp-image-29271\"\/><\/a><\/figure><\/li><\/ul><\/figure>\n\n\n\n<p>Riguardo le destinazioni dei nuovi sacerdoti, sappiamo che Padre Juan Sebasti\u00e1n Criollo C.Ss.R. \u00e8 stato destinato a svolgere il suo ministero nella parrocchia San Gerardo Mayela di Bogot\u00e1, mentre il Padre Sergio Guerrero C.Ss.R. proseguir\u00e0 presso il Seminario San Alfonso come vicario della Parrocchia del Santissimo Redentore. L&#8217;invito \u00e8 a continuare a pregare per i nuovi sacerdoti della Chiesa, affinch\u00e9 perseverino come missionari di speranza, sulle orme del Redentore.<\/p>\n\n\n\n<p>Dixon \u00c1lvarez, Junior.<\/p>\n\n\n\n<p class=\"has-text-align-right\"><em>\u201cLa dignit\u00e0 sacerdotale \u00e8 una delle grazie pi\u00f9 grandi che Dio pu\u00f2 concedere all\u2019uomo\u201d<\/em><br>Sant&#8217;Alfonso<\/p>\n","protected":false},"excerpt":{"rendered":"<p>Lo scorso 16 ottobre, memoria di San Gerardo Mayela, \u00e8 stata celebrata l&#8217;ordinazione sacerdotale di: Sergio Andr\u00e9s Guerrero Buitrago e Juan Sebasti\u00e1n Criollo Puentes, nella Parrocchia San Alfonso di Bogot\u00e1; i quali, il 3 marzo, avevano professato perpetuo per la Congregazione e il giorno dopo avevano ricevuto l&#8217;ordinazione diaconale. La cerimonia \u00e8 stata presieduta da [&hellip;]<\/p>\n","protected":false},"author":3,"featured_media":23328,"comment_status":"closed","ping_status":"closed","sticky":false,"template":"","format":"standard","meta":{"_mi_skip_tracking":false},"categories":[13],"tags":[],"_links":{"self":[{"href":"https:\/\/www.cssr.news\/italian\/wp-json\/wp\/v2\/posts\/23327"}],"collection":[{"href":"https:\/\/www.cssr.news\/italian\/wp-json\/wp\/v2\/posts"}],"about":[{"href":"https:\/\/www.cssr.news\/italian\/wp-json\/wp\/v2\/types\/post"}],"author":[{"embeddable":true,"href":"https:\/\/www.cssr.news\/italian\/wp-json\/wp\/v2\/users\/3"}],"replies":[{"embeddable":true,"href":"https:\/\/www.cssr.news\/italian\/wp-json\/wp\/v2\/comments?post=23327"}],"version-history":[{"count":1,"href":"https:\/\/www.cssr.news\/italian\/wp-json\/wp\/v2\/posts\/23327\/revisions"}],"predecessor-version":[{"id":23329,"href":"https:\/\/www.cssr.news\/italian\/wp-json\/wp\/v2\/posts\/23327\/revisions\/23329"}],"wp:featuredmedia":[{"embeddable":true,"href":"https:\/\/www.cssr.news\/italian\/wp-json\/wp\/v2\/media\/23328"}],"wp:attachment":[{"href":"https:\/\/www.cssr.news\/italian\/wp-json\/wp\/v2\/media?parent=23327"}],"wp:term":[{"taxonomy":"category","embeddable":true,"href":"https:\/\/www.cssr.news\/italian\/wp-json\/wp\/v2\/categories?post=23327"},{"taxonomy":"post_tag","embeddable":true,"href":"https:\/\/www.cssr.news\/italian\/wp-json\/wp\/v2\/tags?post=23327"}],"curies":[{"name":"wp","href":"https:\/\/api.w.org\/{rel}","templated":true}]}}