{"id":23484,"date":"2023-11-08T09:55:42","date_gmt":"2023-11-08T07:55:42","guid":{"rendered":"https:\/\/www.cssr.news\/italian\/?p=23484"},"modified":"2023-11-08T09:55:43","modified_gmt":"2023-11-08T07:55:43","slug":"la-redenzione-nella-formazione-dellidentita-del-missionario-redentorista","status":"publish","type":"post","link":"https:\/\/www.cssr.news\/italian\/2023\/11\/la-redenzione-nella-formazione-dellidentita-del-missionario-redentorista\/","title":{"rendered":"La redenzione nella formazione dell\u2019identit\u00e0 del missionario redentorista"},"content":{"rendered":"\n<p class=\"has-text-align-center\"><strong><em>Ritiro del Collegio Maggiore Sant&#8217;Alfonso<\/em><\/strong><\/p>\n\n\n\n<p>Nei giorni 3, 4 e 5 novembre, i missionari Redentoristi, che risiedono presso il Collegio Maggiore Sant\u2019Alfonso, a Roma, per proseguire gli studi nel grado accademico di licenza e dottorato, hanno vissuto il ritiro spirituale annuale, che si \u00e8 svolto presso la Casa di Esercizi Spirituali dei SS. Giovanni e Paolo, situata nel centro storico di Roma, predicato da P. Joseph Ivel Mendanha, C.Ss.R, membro del consiglio generale. L\u2019ambiente, con una storia immemorabile ben conservata e strutture accoglienti, ha fornito loro un\u2019atmosfera adatta per una pausa dagli studi, riposo e riflessione sull\u2019essere redentorista.<\/p>\n\n\n\n<p>Il ritiro ha avuto come punto di partenza il documento finale del XXVI Capitolo Generale di 2022. Seguendo la struttura interna del documento, <em>Identit\u00e0 Redentorista<\/em>, <em>Missione Redentorista<\/em>, <em>Vita Consacrata Redentorista<\/em>, <em>Formazione per la Missione<\/em> e <em>Leadership Redentorista<\/em>, alla luce della Parola di Dio e delle Costituzioni, il predicatore, utilizzando il metodo espositivo-riflessivo, ha cercato di individuare e esplicitare il nucleo centrale della spiritualit\u00e0 redentorista intrinsecamente legata alla missione apostolica della Congregazione. Le proposizioni e i questionamenti fatti favorirono ai membri del Collegio Maggiore una revisione della propria identit\u00e0 in quanto missionario redentorista e del loro percorso vocazionale.<\/p>\n\n\n\n<p>Tra gli argomenti trattati, il tema dell\u2019identit\u00e0 redentorista ha permeato tutte le conferenze. In un contesto in continuo cambiamento, il concetto di \u2018identit\u00e0\u2019 appare ambivalente. Per caratterizzarlo viene in genere evidenziato il fine e l\u2019obiettivo della Congregazione. Seguire questa strada, per\u00f2, significa correre il rischio di rimanere in una prospettiva teorica. Il punto di partenza non deve essere il fine in s\u00e9, inteso come azione apostolica, ma il principio, cio\u00e8 la ragione dell\u2019essere Redentorista. In questa prospettiva, la persona di Ges\u00f9 occupa il centro della vocazione e della missione redentorista. \u00c8 Lui che chiama e forma il discepolo (cfr. Mt 4,18-22). Il Redentorista ha la sua identit\u00e0 forgiata nell\u2019esperienza esistenziale con il Redentore. Cos\u00ec, l\u2019atto di <em>seguire il Redentore<\/em> (Cost. 1) si configura come annuncio esplicito e tacito, non di un\u2019idea teologica, ma di un incontro reale con una persona concreta \u2013 il Cristo.<\/p>\n\n\n\n<figure class=\"wp-block-image size-large\"><a href=\"http:\/\/www.cssr.news\/italian\/wp-content\/uploads\/sites\/2\/2023\/11\/sn2023-1107-Collegio-Maggiore-Roma1s.jpg\"><img width=\"1024\" height=\"576\" src=\"http:\/\/www.cssr.news\/italian\/wp-content\/uploads\/sites\/2\/2023\/11\/sn2023-1107-Collegio-Maggiore-Roma1s-1024x576.jpg\" alt=\"\" class=\"wp-image-23477\" srcset=\"https:\/\/www.cssr.news\/italian\/wp-content\/uploads\/sites\/2\/2023\/11\/sn2023-1107-Collegio-Maggiore-Roma1s-1024x576.jpg 1024w, https:\/\/www.cssr.news\/italian\/wp-content\/uploads\/sites\/2\/2023\/11\/sn2023-1107-Collegio-Maggiore-Roma1s-300x169.jpg 300w, https:\/\/www.cssr.news\/italian\/wp-content\/uploads\/sites\/2\/2023\/11\/sn2023-1107-Collegio-Maggiore-Roma1s-768x432.jpg 768w, https:\/\/www.cssr.news\/italian\/wp-content\/uploads\/sites\/2\/2023\/11\/sn2023-1107-Collegio-Maggiore-Roma1s-696x392.jpg 696w, https:\/\/www.cssr.news\/italian\/wp-content\/uploads\/sites\/2\/2023\/11\/sn2023-1107-Collegio-Maggiore-Roma1s-1068x601.jpg 1068w, https:\/\/www.cssr.news\/italian\/wp-content\/uploads\/sites\/2\/2023\/11\/sn2023-1107-Collegio-Maggiore-Roma1s-747x420.jpg 747w, https:\/\/www.cssr.news\/italian\/wp-content\/uploads\/sites\/2\/2023\/11\/sn2023-1107-Collegio-Maggiore-Roma1s.jpg 1280w\" sizes=\"(max-width: 1024px) 100vw, 1024px\" \/><\/a><\/figure>\n\n\n\n<p>Durante i suoi interventi, P. Joseph Ivel ha ricordato anche l\u2019esperienza redentrice e missionaria dei Santi e Beati Redentoristi, evidenziando la fedelt\u00e0 della Congregazione a Cristo. Nel terreno fertile della storia, diversi missionari redentoristi, uomini talentuosi, intelligenti, dotati di zelo instancabile, consapevoli della loro umanit\u00e0, si sono lasciati conformare la loro vita a Cristo, continuando cos\u00ec la sua opera redentrice. La santit\u00e0 raggiunta e l\u2019eredit\u00e0 lasciata da questi uomini audaci porta con s\u00e9 un principio fondamentale della vita religiosa consacrata \u2013 la <em>Fedelt\u00e0 Creativa<\/em>. Furono grandi uomini apostolici e divennero santi perch\u00e9 furono fedeli al Vangelo, alla Chiesa e alla Congregazione, aprendo cos\u00ec gli occhi, il cuore e le braccia all\u2019azione creatrice dello Spirito Santo (cfr. Lc 24,31).<\/p>\n\n\n\n<p>Altro tema affrontato fu quello della vita comunitaria, inteso come cuore della vita consacrata e di realizzazione della dimensione trinitaria della fede. Per il Redentorista, vivere in comunit\u00e0 \u00e8 una <em>conditio sine qua non<\/em> per svolgere il lavoro missionario (Cost. 21). In un contesto in cui si sottolinea l\u2019individualismo come imperativo delle relazioni umane, la vita comunitaria si rivela un segno profetico per il mondo. La comunit\u00e0 si presenta cos\u00ec come un ambiente fecondo per esperienze di redenzione, perch\u00e9 \u00e8 spazio di condivisione, di cura, di accoglienza, di rispetto, di perdono e di sacrificio. La confluenza di sogni, talenti, debolezze e ansie nella comunit\u00e0 invita il Redentorista ad aprirsi al discepolato e a riconoscere il Santissimo Redentore come suo unico maestro e Signore.<\/p>\n\n\n\n<p>Per concludere, fu affrontato la <em>Leadership Redentorista<\/em>, tema di grande importanza nel XXVI Capitolo Generale. La complessit\u00e0 del contesto attuale sfida il Redentorista a scoprire e formare un nuovo modello di <em>leadership<\/em>, il cui fondamento deve essere il Redentore. Opponendosi alle malsane manifestazioni di potere, clericale o no, la nuova <em>leadership redentorista<\/em> si pone su un piano orizzontale di corresponsabilit\u00e0, dialogo, modestia, compassione, ottimismo e unzione per la missione (cfr. Is 42,1-5). Come insiste il Papa Francesco, questa deve essere la <em>leadership <\/em>di pastore, cio\u00e8 di un <em>leader <\/em>che cammina davanti per guidare, in mezzo per ascoltare e sentire, dietro per sostenere i pi\u00f9 deboli.<\/p>\n\n\n\n<p>Domenica, durante la celebrazione eucaristica, P. Joseph Ivel, nella sua omelia, ha riassunto le sue riflessioni, sottolineando l\u2019importanza della formazione continua nella vita del missionario redentorista. Nelle sue parole, \u201ci membri del Collegio Maggiore Sant&#8217;Alfonso saranno i nuovi <em>leader<\/em> della Congregazione e, per questo, \u00e8 necessario prepararsi ad una <em>leadership <\/em>che si identifichi come servizio agli altri, e non come potere\u201d. Poi, come gesto concreto, tutti sono stati invitati ad andare davanti all\u2019altare e a lavarsi le mani uno degli altri. Cos\u00ec, il ritiro si \u00e8 concluso come un\u2019esperienza di incontro con Dio e con s\u00e9 stessi, lasciando esplicito che il Redentorista deve essere un uomo di discepolato, aperto all\u2019esperienza creativa della redenzione nella propria storia.<\/p>\n\n\n\n<p class=\"has-text-align-right\"><em>P. Rimar C\u00e9sar Diniz, C.Ss.R.<\/em><\/p>\n","protected":false},"excerpt":{"rendered":"<p>Ritiro del Collegio Maggiore Sant&#8217;Alfonso Nei giorni 3, 4 e 5 novembre, i missionari Redentoristi, che risiedono presso il Collegio Maggiore Sant\u2019Alfonso, a Roma, per proseguire gli studi nel grado accademico di licenza e dottorato, hanno vissuto il ritiro spirituale annuale, che si \u00e8 svolto presso la Casa di Esercizi Spirituali dei SS. Giovanni e [&hellip;]<\/p>\n","protected":false},"author":3,"featured_media":23478,"comment_status":"closed","ping_status":"closed","sticky":false,"template":"","format":"standard","meta":{"_mi_skip_tracking":false},"categories":[2],"tags":[],"_links":{"self":[{"href":"https:\/\/www.cssr.news\/italian\/wp-json\/wp\/v2\/posts\/23484"}],"collection":[{"href":"https:\/\/www.cssr.news\/italian\/wp-json\/wp\/v2\/posts"}],"about":[{"href":"https:\/\/www.cssr.news\/italian\/wp-json\/wp\/v2\/types\/post"}],"author":[{"embeddable":true,"href":"https:\/\/www.cssr.news\/italian\/wp-json\/wp\/v2\/users\/3"}],"replies":[{"embeddable":true,"href":"https:\/\/www.cssr.news\/italian\/wp-json\/wp\/v2\/comments?post=23484"}],"version-history":[{"count":1,"href":"https:\/\/www.cssr.news\/italian\/wp-json\/wp\/v2\/posts\/23484\/revisions"}],"predecessor-version":[{"id":23489,"href":"https:\/\/www.cssr.news\/italian\/wp-json\/wp\/v2\/posts\/23484\/revisions\/23489"}],"wp:featuredmedia":[{"embeddable":true,"href":"https:\/\/www.cssr.news\/italian\/wp-json\/wp\/v2\/media\/23478"}],"wp:attachment":[{"href":"https:\/\/www.cssr.news\/italian\/wp-json\/wp\/v2\/media?parent=23484"}],"wp:term":[{"taxonomy":"category","embeddable":true,"href":"https:\/\/www.cssr.news\/italian\/wp-json\/wp\/v2\/categories?post=23484"},{"taxonomy":"post_tag","embeddable":true,"href":"https:\/\/www.cssr.news\/italian\/wp-json\/wp\/v2\/tags?post=23484"}],"curies":[{"name":"wp","href":"https:\/\/api.w.org\/{rel}","templated":true}]}}