{"id":23493,"date":"2023-11-09T11:25:34","date_gmt":"2023-11-09T09:25:34","guid":{"rendered":"https:\/\/www.cssr.news\/italian\/?p=23493"},"modified":"2023-11-09T11:33:37","modified_gmt":"2023-11-09T09:33:37","slug":"giornata-annuale-per-la-promozione-della-vocazione-missionaria-redentorista","status":"publish","type":"post","link":"https:\/\/www.cssr.news\/italian\/2023\/11\/giornata-annuale-per-la-promozione-della-vocazione-missionaria-redentorista\/","title":{"rendered":"Giornata annuale per la promozione della vocazione missionaria redentorista"},"content":{"rendered":"\n<p>Cari confratelli e partner laici della nostra missione.<strong><\/strong><\/p>\n\n\n\n<p>Domenica 12 novembre 2023, l&#8217;intera Congregazione celebra l&#8217;annuale Giornata di Promozione Vocazionale Redentorista. In questo giorno, da diversi angoli del mondo, ci uniamo per commemorare la nostra chiamata a seguire il Redentore. Siamo invitati a rinnovare il nostro carisma e a chiedere con preghiera al Signore di inviare missionari che, vivendo in comunit\u00e0, portino la Buona Novella del Vangelo.<\/p>\n\n\n\n<p>Questa chiamata ci ricorda l&#8217;essenza dell&#8217;essere missionari apostolici che, vivendo in comunit\u00e0, formano un unico corpo, collaborando come partner con Ges\u00f9 Cristo nell&#8217;opera di redenzione. Come Redentoristi, siamo sfidati e messi alla prova dalla difficile realt\u00e0 del nostro mondo. Pertanto, lo Spirito Santo ci incoraggia ad andare in missione. Siamo una comunit\u00e0 di seguaci di Ges\u00f9, rafforzati nella fede, pieni di speranza, ferventi nella carit\u00e0, infiammati dallo zelo, umili e sempre dediti alla preghiera (Cost. 20).<\/p>\n\n\n\n<p>In questa giornata siamo invitati a fare una colletta per il Fondo di Solidariet\u00e0, che finanzia la formazione iniziale in Africa e Madagascar, America Latina e Caraibi, Europa e Asia, alcune borse di studio per gli studenti del Collegio, i soccorsi in caso di calamit\u00e0 e altri progetti pastorali della Congregazione. Siamo quindi invitati a rafforzare lo spirito di solidariet\u00e0 tra le Unit\u00e0 della Congregazione del Santissimo Redentore. Sebbene gli ultimi Capitoli Generali ci abbiano chiamato alla solidariet\u00e0, la risposta non \u00e8 stata quella sperata, \u00e8 importante che tutti contribuiamo a questo scopo.<\/p>\n\n\n\n<p>Nelle nostre vene scorre sangue redentorista; portiamo il Redentore e annunciamo la Buona Novella ai poveri, essendo veri discepoli di Sant&#8217;Alfonso. Seguiamo con gioia Cristo Redentore, partecipiamo al suo ministero, lo annunciamo con semplicit\u00e0 di vita e di linguaggio e siamo sempre disponibili anche nei luoghi e nelle situazioni pi\u00f9 difficili. Siamo chiamati a fare della semplicit\u00e0 quotidiana il luogo in cui Dio ci incontra, per portare al mondo una redenzione abbondante.<\/p>\n\n\n\n<p>Che Maria, nostra Madre del Perpetuo Soccorso, ci accompagni in questa missione e che Sant&#8217;Alfonso e tutti i nostri santi, martiri e beati continuino a benedirci affinch\u00e9, come comunit\u00e0, possiamo continuare a portare la Buona Novella al mondo!<\/p>\n\n\n\n<p>P. <em>Rog\u00e9rio Gomes, C.Ss.R.&nbsp; &nbsp;&nbsp;&nbsp;&nbsp;&nbsp;&nbsp;&nbsp;&nbsp;&nbsp;&nbsp;&nbsp;&nbsp;&nbsp;&nbsp; P. Paul Vinh, C.Ss.R.<\/em><br>Superiore generale&nbsp;&nbsp;&nbsp;&nbsp;&nbsp;&nbsp;&nbsp;&nbsp;&nbsp;&nbsp;&nbsp;&nbsp;&nbsp;   &nbsp;&nbsp;&nbsp;&nbsp;&nbsp; Consigliere generale&nbsp;<\/p>\n\n\n\n<p>P. Gerardo Hernandez, C.Ss.R.<br>Segreteria generale per la formazione<\/p>\n\n\n\n<figure class=\"wp-block-image size-large\"><a href=\"http:\/\/www.cssr.news\/italian\/wp-content\/uploads\/sites\/2\/2023\/11\/sn2023-1109-vocazione-cssr1-1.jpg\"><img width=\"1024\" height=\"1024\" src=\"http:\/\/www.cssr.news\/italian\/wp-content\/uploads\/sites\/2\/2023\/11\/sn2023-1109-vocazione-cssr1-1-1024x1024.jpg\" alt=\"\" class=\"wp-image-23511\" srcset=\"https:\/\/www.cssr.news\/italian\/wp-content\/uploads\/sites\/2\/2023\/11\/sn2023-1109-vocazione-cssr1-1.jpg 1024w, https:\/\/www.cssr.news\/italian\/wp-content\/uploads\/sites\/2\/2023\/11\/sn2023-1109-vocazione-cssr1-1-300x300.jpg 300w, https:\/\/www.cssr.news\/italian\/wp-content\/uploads\/sites\/2\/2023\/11\/sn2023-1109-vocazione-cssr1-1-150x150.jpg 150w, https:\/\/www.cssr.news\/italian\/wp-content\/uploads\/sites\/2\/2023\/11\/sn2023-1109-vocazione-cssr1-1-768x768.jpg 768w, https:\/\/www.cssr.news\/italian\/wp-content\/uploads\/sites\/2\/2023\/11\/sn2023-1109-vocazione-cssr1-1-696x696.jpg 696w, https:\/\/www.cssr.news\/italian\/wp-content\/uploads\/sites\/2\/2023\/11\/sn2023-1109-vocazione-cssr1-1-420x420.jpg 420w\" sizes=\"(max-width: 1024px) 100vw, 1024px\" \/><\/a><\/figure>\n\n\n\n<h1>Preghiera per le vocazioni redentoriste<\/h1>\n\n\n\n<p>Signore Ges\u00f9,<br>Tu hai voluto che collaborassimo con Te<br>nella salvezza del mondo.<\/p>\n\n\n\n<p>La messe \u00e8 abbondante<br>ma gli operai sono pochi.<br>Il nostro popolo ha bisogno di uomini e donne<br>impegnati nel Vangelo;<br>ha bisogno di giovani<br>che siano disposti a dare la loro vita<br>per un&#8217;abbondante redenzione.<\/p>\n\n\n\n<p>Ti chiediamo, per intercessione di Nostra Madre del Perpetuo Soccorso,<br>che tra le nostre famiglie<br>susciti giovani<br>che consacrino la loro vita<br>a coloro che sono pi\u00f9 bisognosi.<\/p>\n\n\n\n<p>Concedi che i nostri giovani,<br>come Maria,<br>non solo ascoltino la tua chiamata<br>ma che sappiano anche<br>rispondere a te con generosit\u00e0.<br>Manda, o Signore<br>al tuo popolo<br>matrimoni cristiani forti,<br>single che si mettano al servizio della comunit\u00e0,<br>religiosi e sacerdoti alla tua Chiesa,<br>in particolare alla nostra Congregazione Redentorista.<\/p>\n\n\n\n<p>Te lo chiediamo,<br>che vivi e regni<br>per tutti i secoli dei secoli. Amen.<\/p>\n\n\n\n<p><a href=\"https:\/\/drive.google.com\/drive\/folders\/1Y81J68yodXbOQduImKtRyjjOD2U92DFL?usp=drive_link\">Materiali grafici in varie lingue da scaricare<\/a><\/p>\n","protected":false},"excerpt":{"rendered":"<p>Cari confratelli e partner laici della nostra missione. Domenica 12 novembre 2023, l&#8217;intera Congregazione celebra l&#8217;annuale Giornata di Promozione Vocazionale Redentorista. In questo giorno, da diversi angoli del mondo, ci uniamo per commemorare la nostra chiamata a seguire il Redentore. Siamo invitati a rinnovare il nostro carisma e a chiedere con preghiera al Signore di [&hellip;]<\/p>\n","protected":false},"author":3,"featured_media":23492,"comment_status":"closed","ping_status":"closed","sticky":false,"template":"","format":"standard","meta":{"_mi_skip_tracking":false},"categories":[33],"tags":[],"_links":{"self":[{"href":"https:\/\/www.cssr.news\/italian\/wp-json\/wp\/v2\/posts\/23493"}],"collection":[{"href":"https:\/\/www.cssr.news\/italian\/wp-json\/wp\/v2\/posts"}],"about":[{"href":"https:\/\/www.cssr.news\/italian\/wp-json\/wp\/v2\/types\/post"}],"author":[{"embeddable":true,"href":"https:\/\/www.cssr.news\/italian\/wp-json\/wp\/v2\/users\/3"}],"replies":[{"embeddable":true,"href":"https:\/\/www.cssr.news\/italian\/wp-json\/wp\/v2\/comments?post=23493"}],"version-history":[{"count":5,"href":"https:\/\/www.cssr.news\/italian\/wp-json\/wp\/v2\/posts\/23493\/revisions"}],"predecessor-version":[{"id":23512,"href":"https:\/\/www.cssr.news\/italian\/wp-json\/wp\/v2\/posts\/23493\/revisions\/23512"}],"wp:featuredmedia":[{"embeddable":true,"href":"https:\/\/www.cssr.news\/italian\/wp-json\/wp\/v2\/media\/23492"}],"wp:attachment":[{"href":"https:\/\/www.cssr.news\/italian\/wp-json\/wp\/v2\/media?parent=23493"}],"wp:term":[{"taxonomy":"category","embeddable":true,"href":"https:\/\/www.cssr.news\/italian\/wp-json\/wp\/v2\/categories?post=23493"},{"taxonomy":"post_tag","embeddable":true,"href":"https:\/\/www.cssr.news\/italian\/wp-json\/wp\/v2\/tags?post=23493"}],"curies":[{"name":"wp","href":"https:\/\/api.w.org\/{rel}","templated":true}]}}