{"id":23502,"date":"2023-11-09T10:38:00","date_gmt":"2023-11-09T08:38:00","guid":{"rendered":"https:\/\/www.cssr.news\/italian\/?p=23502"},"modified":"2023-11-09T08:46:23","modified_gmt":"2023-11-09T06:46:23","slug":"la-nuova-provincia-di-pedro-donders-composta-da-argentina-paraguay-cile-e-uruguay-nel-capitolo-elettivo","status":"publish","type":"post","link":"https:\/\/www.cssr.news\/italian\/2023\/11\/la-nuova-provincia-di-pedro-donders-composta-da-argentina-paraguay-cile-e-uruguay-nel-capitolo-elettivo\/","title":{"rendered":"La nuova Provincia di Pedro Donders, composta da: Argentina, Paraguay, Cile e Uruguay nel Capitolo elettivo"},"content":{"rendered":"\n<p>Dal 6 novembre presso la Casa di Ritiri \u201cSan Alfonso Mar\u00eda de Liguori\u201d della Provincia di Buenos Aires, situata in Villa Allende nella citt\u00e0 di C\u00f3rdoba-Argentina, si \u00e8 celebrato il I Capitolo di elezione della nuova Provincia Pedro Donders, composta delle ex Province di: Buenos Aires, Asunci\u00f3n-Paraguay, Santiago del Cile, della Vice Provincia di Resistencia e della missione dell&#8217;Uruguay.<\/p>\n\n\n\n<p>All&#8217;assemblea sono presenti 48 Missionari Redentoristi delle vecchie unit\u00e0, P. Francois Stanula, Vicario Generale, P. Jairo D\u00edaz, Consigliere Generale e P. Marcelo Ara\u00fajo, Coordinatore della Conferenza dell&#8217;America Latina e dei Caraibi.<\/p>\n\n\n\n<p>Ciascuna delle attivit\u00e0 e delle sessioni di questo I Capitolo elettivo sono state caratterizzate da un clima di unit\u00e0, gioia e attesa. Nella sessione di apertura, padre Fran\u00e7ois Stanula ha esortato ciascuno dei partecipanti a vivere questo momento storico con apertura allo Spirito, con speranza e senza paura delle nuove realt\u00e0 che come Congregazione si portano avanti.<\/p>\n\n\n\n<p>La cerimonia di apertura ha avuto come attivit\u00e0 principale la celebrazione dell&#8217;Eucaristia presieduta da padre Marcelo Ara\u00fajo, che ha evidenziato il cammino compiuto dalla Conferenza dell&#8217;America Latina e dei Caraibi nel processo di ristrutturazione e riconfigurazione delle unit\u00e0 presenti in questo Primo Capitolo elettivo. Ha invitato tutti i partecipanti ad obbedire alla voce di Dio, ascoltando responsabilmente ci\u00f2 che lo Spirito di Dio ci dice oggi come Congregazione e come Unit\u00e0 riconfigurata.<\/p>\n\n\n\n<figure class=\"wp-block-gallery columns-3 is-cropped\"><ul class=\"blocks-gallery-grid\"><li class=\"blocks-gallery-item\"><figure><a href=\"http:\/\/www.cssr.news\/spanish\/wp-content\/uploads\/sites\/3\/2023\/11\/pdonders2023-11-08-at-12.45.25.jpeg\"><img src=\"http:\/\/www.cssr.news\/spanish\/wp-content\/uploads\/sites\/3\/2023\/11\/pdonders2023-11-08-at-12.45.25-1024x768.jpeg\" alt=\"\" data-id=\"22337\" data-full-url=\"http:\/\/www.cssr.news\/spanish\/wp-content\/uploads\/sites\/3\/2023\/11\/pdonders2023-11-08-at-12.45.25.jpeg\" data-link=\"https:\/\/www.cssr.news\/spanish\/?attachment_id=22337\" class=\"wp-image-22337\"\/><\/a><\/figure><\/li><li class=\"blocks-gallery-item\"><figure><a href=\"http:\/\/www.cssr.news\/spanish\/wp-content\/uploads\/sites\/3\/2023\/11\/pdonders2023-11-08-at-12.45.25-1.jpeg\"><img src=\"http:\/\/www.cssr.news\/spanish\/wp-content\/uploads\/sites\/3\/2023\/11\/pdonders2023-11-08-at-12.45.25-1-1024x576.jpeg\" alt=\"\" data-id=\"22336\" data-full-url=\"http:\/\/www.cssr.news\/spanish\/wp-content\/uploads\/sites\/3\/2023\/11\/pdonders2023-11-08-at-12.45.25-1.jpeg\" data-link=\"https:\/\/www.cssr.news\/spanish\/?attachment_id=22336\" class=\"wp-image-22336\"\/><\/a><\/figure><\/li><li class=\"blocks-gallery-item\"><figure><a href=\"http:\/\/www.cssr.news\/spanish\/wp-content\/uploads\/sites\/3\/2023\/11\/pdonders2023-11-08-at-12.45.48.jpeg\"><img src=\"http:\/\/www.cssr.news\/spanish\/wp-content\/uploads\/sites\/3\/2023\/11\/pdonders2023-11-08-at-12.45.48-1024x714.jpeg\" alt=\"\" data-id=\"22333\" data-full-url=\"http:\/\/www.cssr.news\/spanish\/wp-content\/uploads\/sites\/3\/2023\/11\/pdonders2023-11-08-at-12.45.48.jpeg\" data-link=\"https:\/\/www.cssr.news\/spanish\/?attachment_id=22333\" class=\"wp-image-22333\"\/><\/a><\/figure><\/li><li class=\"blocks-gallery-item\"><figure><a href=\"http:\/\/www.cssr.news\/spanish\/wp-content\/uploads\/sites\/3\/2023\/11\/pdonders2023-11-08-at-12.45.53.jpeg\"><img src=\"http:\/\/www.cssr.news\/spanish\/wp-content\/uploads\/sites\/3\/2023\/11\/pdonders2023-11-08-at-12.45.53-1024x673.jpeg\" alt=\"\" data-id=\"22332\" data-full-url=\"http:\/\/www.cssr.news\/spanish\/wp-content\/uploads\/sites\/3\/2023\/11\/pdonders2023-11-08-at-12.45.53.jpeg\" data-link=\"https:\/\/www.cssr.news\/spanish\/?attachment_id=22332\" class=\"wp-image-22332\"\/><\/a><\/figure><\/li><li class=\"blocks-gallery-item\"><figure><a href=\"http:\/\/www.cssr.news\/spanish\/wp-content\/uploads\/sites\/3\/2023\/11\/pdonders2023-11-08-at-12.45.33.jpeg\"><img src=\"http:\/\/www.cssr.news\/spanish\/wp-content\/uploads\/sites\/3\/2023\/11\/pdonders2023-11-08-at-12.45.33-1024x576.jpeg\" alt=\"\" data-id=\"22334\" data-full-url=\"http:\/\/www.cssr.news\/spanish\/wp-content\/uploads\/sites\/3\/2023\/11\/pdonders2023-11-08-at-12.45.33.jpeg\" data-link=\"https:\/\/www.cssr.news\/spanish\/?attachment_id=22334\" class=\"wp-image-22334\"\/><\/a><\/figure><\/li><li class=\"blocks-gallery-item\"><figure><a href=\"http:\/\/www.cssr.news\/spanish\/wp-content\/uploads\/sites\/3\/2023\/11\/pdonders2023-11-08-at-12.46.01.jpeg\"><img src=\"http:\/\/www.cssr.news\/spanish\/wp-content\/uploads\/sites\/3\/2023\/11\/pdonders2023-11-08-at-12.46.01-576x1024.jpeg\" alt=\"\" data-id=\"22331\" data-full-url=\"http:\/\/www.cssr.news\/spanish\/wp-content\/uploads\/sites\/3\/2023\/11\/pdonders2023-11-08-at-12.46.01.jpeg\" data-link=\"https:\/\/www.cssr.news\/spanish\/?attachment_id=22331\" class=\"wp-image-22331\"\/><\/a><\/figure><\/li><li class=\"blocks-gallery-item\"><figure><a href=\"http:\/\/www.cssr.news\/spanish\/wp-content\/uploads\/sites\/3\/2023\/11\/pdonders2023-11-08-at-12.52.54.jpeg\"><img src=\"http:\/\/www.cssr.news\/spanish\/wp-content\/uploads\/sites\/3\/2023\/11\/pdonders2023-11-08-at-12.52.54-1024x576.jpeg\" alt=\"\" data-id=\"22330\" data-full-url=\"http:\/\/www.cssr.news\/spanish\/wp-content\/uploads\/sites\/3\/2023\/11\/pdonders2023-11-08-at-12.52.54.jpeg\" data-link=\"https:\/\/www.cssr.news\/spanish\/?attachment_id=22330\" class=\"wp-image-22330\"\/><\/a><\/figure><\/li><li class=\"blocks-gallery-item\"><figure><a href=\"http:\/\/www.cssr.news\/spanish\/wp-content\/uploads\/sites\/3\/2023\/11\/pdonders2023-11-08-at-13.57.44.jpeg\"><img src=\"http:\/\/www.cssr.news\/spanish\/wp-content\/uploads\/sites\/3\/2023\/11\/pdonders2023-11-08-at-13.57.44-819x1024.jpeg\" alt=\"\" data-id=\"22329\" data-full-url=\"http:\/\/www.cssr.news\/spanish\/wp-content\/uploads\/sites\/3\/2023\/11\/pdonders2023-11-08-at-13.57.44.jpeg\" data-link=\"https:\/\/www.cssr.news\/spanish\/?attachment_id=22329\" class=\"wp-image-22329\"\/><\/a><\/figure><\/li><\/ul><\/figure>\n\n\n\n<p>Il secondo giorno si \u00e8 svolta una giornata di spiritualit\u00e0 guidata da padre Jairo D\u00edaz, una riflessione che ha avuto due momenti, il primo incentrato sulla necessit\u00e0 di essere protagonisti a partire dalla cura dell&#8217;altro, del fratello come manifestazione della sequela e dello stile di Ges\u00f9, nonch\u00e9 lasciare che lo Spirito di Dio agisca per scegliere coloro che possono servire, accompagnare, guidare e incoraggiare i fratelli nel progetto missionario della Nuova Unit\u00e0. Il secondo momento \u00e8 stato guidato dagli orientamenti del Governo Generale riguardo alla leadership nello stile di Ges\u00f9 e all&#8217;invito a collaborare come corpo missionario nel progetto di vita apostolica della Congregazione.<\/p>\n\n\n\n<p>Dopo questo momento di preghiera e riflessione, \u00e8 stata celebrata l&#8217;Eucaristia, presieduta da padre Fran\u00e7ois Stanula, con la proposta d&#8217;iniziare il cammino missionario della Nuova Unit\u00e0. Nell&#8217;omelia ha insistito nel ringraziare il cammino missionario percorso unitariamente, l&#8217;esperienza del presente, della ristrutturazione e della riconfigurazione, come possibilit\u00e0 di progettare con entusiasmo il futuro per il processo di rinnovamento della missione sotto l&#8217;ispirazione e sull&#8217;esempio di Beato Pedro Donders. .<\/p>\n\n\n\n<p>Nel pomeriggio sono iniziate le elezioni, prima per il Superiore Provinciale, e padre <strong>H\u00e9ctor Javier Machado \u00e8 stato eletto primo Provinciale<\/strong> della Nuova Unit\u00e0. Continua cos\u00ec il processo di ristrutturazione e riconfigurazione della missione nella Congregazione.<\/p>\n\n\n\n<p><strong>Scala News<\/strong><\/p>\n","protected":false},"excerpt":{"rendered":"<p>Dal 6 novembre presso la Casa di Ritiri \u201cSan Alfonso Mar\u00eda de Liguori\u201d della Provincia di Buenos Aires, situata in Villa Allende nella citt\u00e0 di C\u00f3rdoba-Argentina, si \u00e8 celebrato il I Capitolo di elezione della nuova Provincia Pedro Donders, composta delle ex Province di: Buenos Aires, Asunci\u00f3n-Paraguay, Santiago del Cile, della Vice Provincia di Resistencia [&hellip;]<\/p>\n","protected":false},"author":3,"featured_media":23503,"comment_status":"closed","ping_status":"closed","sticky":false,"template":"","format":"standard","meta":{"_mi_skip_tracking":false},"categories":[9],"tags":[],"_links":{"self":[{"href":"https:\/\/www.cssr.news\/italian\/wp-json\/wp\/v2\/posts\/23502"}],"collection":[{"href":"https:\/\/www.cssr.news\/italian\/wp-json\/wp\/v2\/posts"}],"about":[{"href":"https:\/\/www.cssr.news\/italian\/wp-json\/wp\/v2\/types\/post"}],"author":[{"embeddable":true,"href":"https:\/\/www.cssr.news\/italian\/wp-json\/wp\/v2\/users\/3"}],"replies":[{"embeddable":true,"href":"https:\/\/www.cssr.news\/italian\/wp-json\/wp\/v2\/comments?post=23502"}],"version-history":[{"count":1,"href":"https:\/\/www.cssr.news\/italian\/wp-json\/wp\/v2\/posts\/23502\/revisions"}],"predecessor-version":[{"id":23504,"href":"https:\/\/www.cssr.news\/italian\/wp-json\/wp\/v2\/posts\/23502\/revisions\/23504"}],"wp:featuredmedia":[{"embeddable":true,"href":"https:\/\/www.cssr.news\/italian\/wp-json\/wp\/v2\/media\/23503"}],"wp:attachment":[{"href":"https:\/\/www.cssr.news\/italian\/wp-json\/wp\/v2\/media?parent=23502"}],"wp:term":[{"taxonomy":"category","embeddable":true,"href":"https:\/\/www.cssr.news\/italian\/wp-json\/wp\/v2\/categories?post=23502"},{"taxonomy":"post_tag","embeddable":true,"href":"https:\/\/www.cssr.news\/italian\/wp-json\/wp\/v2\/tags?post=23502"}],"curies":[{"name":"wp","href":"https:\/\/api.w.org\/{rel}","templated":true}]}}