{"id":23628,"date":"2023-11-25T09:54:00","date_gmt":"2023-11-25T07:54:00","guid":{"rendered":"https:\/\/www.cssr.news\/italian\/?p=23628"},"modified":"2023-11-23T09:58:21","modified_gmt":"2023-11-23T07:58:21","slug":"a-89-anni-tra-internet-radio-e-opuscoli-lesperienza-missionaria-di-mons-alemany","status":"publish","type":"post","link":"https:\/\/www.cssr.news\/italian\/2023\/11\/a-89-anni-tra-internet-radio-e-opuscoli-lesperienza-missionaria-di-mons-alemany\/","title":{"rendered":"A 89 anni, tra internet, radio e opuscoli: l&#8217;esperienza missionaria di mons. Alemany"},"content":{"rendered":"\n<p><strong>Mons. Jos\u00e9 Ignacio Alemany Grau<\/strong>, <strong>CSsR<\/strong> vescovo emerito di Chachapoyas (Per\u00f9) \u00e8 un veterano missionario redentorista spagnolo, instancabile nell&#8217;apostolato dei media.<\/p>\n\n\n\n<p>Mons. Alemany Grau, ha 89 anni, da 71 anni \u00e8 redentorista, ha 64 anni di sacerdote e continua a scrivere e pubblicare su internet, come trasmettere alla radio. E&#8217; stato direttore di Radio Mar\u00eda Per\u00fa. Ora gestisce un nuovo blog su <em>Religi\u00f3n en Libertad<\/em> che unisce altre piattaforme dove predica o scrive.<\/p>\n\n\n\n<p>Scala News ha ricevuto la segnalazione di una lunga intervista, <a href=\"https:\/\/www.cssr.news\/spanish\/2023\/11\/con-89-anos-incansable-en-internet-radio-y-folletos-la-experiencia-misionera-del-obispo-alemany\/\" data-type=\"URL\" data-id=\"https:\/\/www.cssr.news\/spanish\/2023\/11\/con-89-anos-incansable-en-internet-radio-y-folletos-la-experiencia-misionera-del-obispo-alemany\/\" target=\"_blank\" rel=\"noreferrer noopener\">pubblicata completa nella nostra edizione in spagnolo,<\/a> dove spiega ai lettori la sua storia di vocazione ed evangelizzazione come missionario redentorista. Ecco alcune domande:<\/p>\n\n\n\n<ul><li><strong>Don Jos\u00e9 Ignacio, com&#8217;era la vita di fede nella tua famiglia e come sei entrato tra i Redentoristi?<\/strong><\/li><\/ul>\n\n\n\n<p>\u2013 Nella mia famiglia c\u2019era un grande amore per la Vergine del Perpetuo Soccorso. Avevo due zie religiose e mella mia famiglia se viveva un clima di preghiera quotidiana. Degli otto fratelli, tre si sono sposati in Chiesa e cinque di noi si sono consacrati al Signore come religiosi. Prima di compiere 6 anni ho ricevuto la prima comunione in una casa del paese. (La parrocchia, dopo la Guerra Civile, era stata fortemente danneggiata). Ricordo che a nome degli altri bambini, io ho rinnovato le promesse del battesimo. Per questo motivo una delle mie zie redentoriste mi ha inviato un bigliettino che conservo ancora. Diceva: &#8220;Chiedi a Ges\u00f9 di farti un piccolo missionario e di benedire tutti e la Spagna&#8221;.<\/p>\n\n\n\n<ul><li><strong>Cosa ti piace della spiritualit\u00e0 redentorista?<\/strong><\/li><\/ul>\n\n\n\n<p>\u2013 Mi \u00e8 piaciuto perch\u00e9 abbiamo avuto frequenti contatti con alcuni missionari redentoristi e la devozione alla Vergine del Perpetuo Soccorso. Poco dopo la Guerra Civile ci eravamo trasferiti vicino al suo Santuario a Madrid. Quando avevo 9 o 10 anni mi vestii da Redentorista per promuovere la congregazione. E a 11 anni sono entrato nel seminario minore redentorista.<\/p>\n\n\n\n<p>\u00bbPoi, \u200b\u200bnel corso degli anni, ho scoperto molte altre cose, l&#8217;amore filiale alla Vergine Maria, in particolare, come Perpetuo Soccorso e la vita missionaria del nostro fondatore Sant&#8217;Alfonso Maria dei Liguori. Si distinse per la profondit\u00e0 e la semplicit\u00e0 della sua predicazione e dei suoi scritti. Ho cercato di imitarlo in questo, nell&#8217;evangelizzazione e nelle mie pubblicazioni. Ero anche pieno del suo spirito missionario.<\/p>\n\n\n\n<ul><li><strong>Da quanti anni sei in missione?<\/strong><\/li><\/ul>\n\n\n\n<p>\u2013 Da quando sono arrivato in Per\u00f9, nel 1963, fino a quando sono stato nominato vescovo nel 1995, mi sono dedicato fondamentalmente alle missioni. Ho cercato sempre nuovi modi per evangelizzare meglio. Ad esempio, nel 1967, per la prima volta abbiamo incorporato donne laiche nella missione redentorista di Huancabamba, sui monti Piura.<\/p>\n\n\n\n<ul><li><strong>Come hai iniziato a interessarti ai media?<\/strong><\/li><\/ul>\n\n\n\n<p>\u2013 Volevo sfruttare tutti i mezzi per evangelizzare. Ho cominciato a pubblicare la \u201cRiflessione omiletica domenicale\u201d nel 1965 in uno dei giornali della citt\u00e0 di Piura, in Per\u00f9. Poi l&#8217;ho pubblicato sui giornali di Chiclayo, Trujillo e Arequipa. E da allora continuo a farlo tutte le domeniche, fino ad oggi, \u00e8 solo mancato in alcuni casi in cui l&#8217;invio \u201cvia fax\u201d  \u00e8 fallito.<\/p>\n\n\n\n<p><a href=\"https:\/\/www.cssr.news\/spanish\/2023\/11\/con-89-anos-incansable-en-internet-radio-y-folletos-la-experiencia-misionera-del-obispo-alemany\/\" data-type=\"URL\" data-id=\"https:\/\/www.cssr.news\/spanish\/2023\/11\/con-89-anos-incansable-en-internet-radio-y-folletos-la-experiencia-misionera-del-obispo-alemany\/\" target=\"_blank\" rel=\"noreferrer noopener\">Qui si pu\u00f2 leggere la testimonianza completa del lavoro missionario di Mons. Alemany<\/a><\/p>\n\n\n\n<p><\/p>\n","protected":false},"excerpt":{"rendered":"<p>Mons. Jos\u00e9 Ignacio Alemany Grau, CSsR vescovo emerito di Chachapoyas (Per\u00f9) \u00e8 un veterano missionario redentorista spagnolo, instancabile nell&#8217;apostolato dei media. Mons. Alemany Grau, ha 89 anni, da 71 anni \u00e8 redentorista, ha 64 anni di sacerdote e continua a scrivere e pubblicare su internet, come trasmettere alla radio. E&#8217; stato direttore di Radio Mar\u00eda [&hellip;]<\/p>\n","protected":false},"author":3,"featured_media":23629,"comment_status":"closed","ping_status":"closed","sticky":false,"template":"","format":"standard","meta":{"_mi_skip_tracking":false},"categories":[13],"tags":[],"_links":{"self":[{"href":"https:\/\/www.cssr.news\/italian\/wp-json\/wp\/v2\/posts\/23628"}],"collection":[{"href":"https:\/\/www.cssr.news\/italian\/wp-json\/wp\/v2\/posts"}],"about":[{"href":"https:\/\/www.cssr.news\/italian\/wp-json\/wp\/v2\/types\/post"}],"author":[{"embeddable":true,"href":"https:\/\/www.cssr.news\/italian\/wp-json\/wp\/v2\/users\/3"}],"replies":[{"embeddable":true,"href":"https:\/\/www.cssr.news\/italian\/wp-json\/wp\/v2\/comments?post=23628"}],"version-history":[{"count":2,"href":"https:\/\/www.cssr.news\/italian\/wp-json\/wp\/v2\/posts\/23628\/revisions"}],"predecessor-version":[{"id":23631,"href":"https:\/\/www.cssr.news\/italian\/wp-json\/wp\/v2\/posts\/23628\/revisions\/23631"}],"wp:featuredmedia":[{"embeddable":true,"href":"https:\/\/www.cssr.news\/italian\/wp-json\/wp\/v2\/media\/23629"}],"wp:attachment":[{"href":"https:\/\/www.cssr.news\/italian\/wp-json\/wp\/v2\/media?parent=23628"}],"wp:term":[{"taxonomy":"category","embeddable":true,"href":"https:\/\/www.cssr.news\/italian\/wp-json\/wp\/v2\/categories?post=23628"},{"taxonomy":"post_tag","embeddable":true,"href":"https:\/\/www.cssr.news\/italian\/wp-json\/wp\/v2\/tags?post=23628"}],"curies":[{"name":"wp","href":"https:\/\/api.w.org\/{rel}","templated":true}]}}