{"id":23632,"date":"2023-11-23T16:10:19","date_gmt":"2023-11-23T14:10:19","guid":{"rendered":"https:\/\/www.cssr.news\/italian\/?p=23632"},"modified":"2023-11-23T16:10:20","modified_gmt":"2023-11-23T14:10:20","slug":"prima-visita-di-mons-amarante-a-pagani-come-arcivescovo","status":"publish","type":"post","link":"https:\/\/www.cssr.news\/italian\/2023\/11\/prima-visita-di-mons-amarante-a-pagani-come-arcivescovo\/","title":{"rendered":"Prima visita di Mons. Amarante a Pagani come arcivescovo"},"content":{"rendered":"\n<p><strong>Sabato 18 novembre 2023, nella basilica di Sant&#8217;Alfonso de Liguori, in una concelebrazione che ha visto la presenza di Mons. Giuseppe Giudice, vescovo della diocesi di Nocera-Sarno e del vescovo Redentorista di Teggiano-Policastro, Mons. Antonio De Luca, la comunit\u00e0 di Pagani ha festeggiato la scelta di Papa Francesco di nominare Padre Amarante gi\u00e0 Preside della Pontificia Accademia Alfonsiana come arcivescovo e Rettore Magnifico della Universit\u00e0 Lateranense.<\/strong><\/p>\n\n\n\n<p>\u201c<em>Il potere nella Chiesa dei vescovi \u00e8 quello del servizio e, soprattutto, \u00e8 la custodia del gregge di Dio che Lui stesso gli affida<\/em>\u201d. Con queste parole il Superiore della comunit\u00e0 Redentorista di Pagani, Padre Gennaro Sorrentino ha accolto l\u2019Arcivescovo Amarante, in Basilica sabato 18 novembre.<\/p>\n\n\n\n<p>Nel consegnargli all\u2019inizio della concelebrazione Eucaristica in dono un pastorale a nome della parrocchia, Padre Sorrentino citando Sant\u2019Ambrogio gli ha detto: \u201c<em>il pastorale deve essere: in alto, ricurvo per radunare gli smarriti; nel mezzo, diritto per condurre i deboli; al fondo, appuntito per spronare i pigri\u201d.<br><br><\/em>Centinaia di fedeli hanno gremito la Basilica di sant\u2019Alfonso per salutare P. Amarante Alfonso Vincenzo Redentorista, nominato Rettore Magnifico della Universit\u00e0 Lateranense ed elevato a dignit\u00e0 Arcivescovile da Papa Francesco, proprio nella solennit\u00e0 liturgica di sant\u2019Alfonso il 1 Agosto 2023.<\/p>\n\n\n\n<p>Padre Alfonso \u00e8 nato a Pagani, ha mosso i suoi passi nella fede in questa comunit\u00e0 parrocchiale all\u2019ombra di sant\u2019Alfonso de Liguori. Qui in un cammino di discernimento, sostenuto da tanti, ha fatto la sua scelta di consacrarsi al Signore per la via dei consigli evangelici ed infine ordinato sacerdote ha cominciato a muovere i suoi passi da missionario e da accademico.<\/p>\n\n\n\n<p>La gioia che il Santo Padre Papa Francesco abbia pensato ad un Redentorista per un servizio cos\u00ec importante non ci ha lasciato un attimo. Un riconoscimento non solo del lavoro svolto in questi anni da Padre Amarante come Preside della Pontificia Accademia Alfonsiana, ma anche perch\u00e9 un figlio di sant\u2019Alfonso \u00e8 stato scelto per guidare l\u2019Universit\u00e0 del Papa.<\/p>\n\n\n\n<p><strong>La celebrazione, quella di sabato 18 novembre \u00e8 stata avvolta da un\u2019atmosfera di festa e di gioia<\/strong>, ma anche da tanta commozione, che ha visto concelebranti il vescovo della nostra diocesi Mons. Giuseppe Giudice e dal vescovo Redentorista di Teggiano-Policastro, Mons. Antonio De Luca.<br><br>In Basilica erano presenti non solo sacerdoti Redentoristi giunti dalle comunit\u00e0 vicine e sacerdoti della diocesi di Nocera-Sarno, ma anche il pap\u00e0, la mamma e la famiglia di Mons. Amarante, insieme a tante autorit\u00e0 civili e militari e ad un innumerevole coro di amici.<\/p>\n\n\n\n<p>Il Padre provinciale dei Redentoristi Padre Fiore Serafino, al termine della messa nel salutare Mons. Amarante ha riportato una citazione di sant\u2019Alfonso dalle riflessioni utili ai vescovi: <em>\u201cOgni vescovo in ricevere la mitra si addossa gran pesi sulla coscienza, onde se vuol salvarsi \u00e8 necessario che si risolva in entrate a suo governo di abbracciare una vita non agiata n\u00e9 di riposo ma una vita di croci di stento e di fatiche\u201d.<br><\/em><br>Siamo certi che Mons. Amarante<em> chiamato <\/em>alla missione di reggere e di pascere il gregge di Dio sapr\u00e0 attingere dall\u2019amore totale e incondizionato di Cristo Signore la forza che sgorga dalla morte redentrice del Figlio di Dio.<\/p>\n\n\n\n<p><em>p. Gennaro Sorrentino CSsR<\/em><\/p>\n\n\n\n<figure class=\"wp-block-gallery columns-3 is-cropped\"><ul class=\"blocks-gallery-grid\"><li class=\"blocks-gallery-item\"><figure><a href=\"http:\/\/www.cssr.news\/italian\/wp-content\/uploads\/sites\/2\/2023\/11\/sn2023-1123-Pagani-mons-Amarante3_scaled.jpg\"><img width=\"1024\" height=\"682\" src=\"http:\/\/www.cssr.news\/italian\/wp-content\/uploads\/sites\/2\/2023\/11\/sn2023-1123-Pagani-mons-Amarante3_scaled.jpg\" alt=\"\" data-id=\"23642\" data-full-url=\"http:\/\/www.cssr.news\/italian\/wp-content\/uploads\/sites\/2\/2023\/11\/sn2023-1123-Pagani-mons-Amarante3_scaled.jpg\" data-link=\"https:\/\/www.cssr.news\/italian\/?attachment_id=23642\" class=\"wp-image-23642\" srcset=\"https:\/\/www.cssr.news\/italian\/wp-content\/uploads\/sites\/2\/2023\/11\/sn2023-1123-Pagani-mons-Amarante3_scaled.jpg 1024w, https:\/\/www.cssr.news\/italian\/wp-content\/uploads\/sites\/2\/2023\/11\/sn2023-1123-Pagani-mons-Amarante3_scaled-300x200.jpg 300w, https:\/\/www.cssr.news\/italian\/wp-content\/uploads\/sites\/2\/2023\/11\/sn2023-1123-Pagani-mons-Amarante3_scaled-768x512.jpg 768w, https:\/\/www.cssr.news\/italian\/wp-content\/uploads\/sites\/2\/2023\/11\/sn2023-1123-Pagani-mons-Amarante3_scaled-696x464.jpg 696w, https:\/\/www.cssr.news\/italian\/wp-content\/uploads\/sites\/2\/2023\/11\/sn2023-1123-Pagani-mons-Amarante3_scaled-631x420.jpg 631w\" sizes=\"(max-width: 1024px) 100vw, 1024px\" \/><\/a><\/figure><\/li><li class=\"blocks-gallery-item\"><figure><a href=\"http:\/\/www.cssr.news\/italian\/wp-content\/uploads\/sites\/2\/2023\/11\/sn2023-1123-Pagani-mons-Amarante2_scaled.jpg\"><img width=\"1024\" height=\"682\" src=\"http:\/\/www.cssr.news\/italian\/wp-content\/uploads\/sites\/2\/2023\/11\/sn2023-1123-Pagani-mons-Amarante2_scaled.jpg\" alt=\"\" data-id=\"23643\" data-full-url=\"http:\/\/www.cssr.news\/italian\/wp-content\/uploads\/sites\/2\/2023\/11\/sn2023-1123-Pagani-mons-Amarante2_scaled.jpg\" data-link=\"https:\/\/www.cssr.news\/italian\/?attachment_id=23643\" class=\"wp-image-23643\" srcset=\"https:\/\/www.cssr.news\/italian\/wp-content\/uploads\/sites\/2\/2023\/11\/sn2023-1123-Pagani-mons-Amarante2_scaled.jpg 1024w, https:\/\/www.cssr.news\/italian\/wp-content\/uploads\/sites\/2\/2023\/11\/sn2023-1123-Pagani-mons-Amarante2_scaled-300x200.jpg 300w, https:\/\/www.cssr.news\/italian\/wp-content\/uploads\/sites\/2\/2023\/11\/sn2023-1123-Pagani-mons-Amarante2_scaled-768x512.jpg 768w, https:\/\/www.cssr.news\/italian\/wp-content\/uploads\/sites\/2\/2023\/11\/sn2023-1123-Pagani-mons-Amarante2_scaled-696x464.jpg 696w, https:\/\/www.cssr.news\/italian\/wp-content\/uploads\/sites\/2\/2023\/11\/sn2023-1123-Pagani-mons-Amarante2_scaled-631x420.jpg 631w\" sizes=\"(max-width: 1024px) 100vw, 1024px\" \/><\/a><\/figure><\/li><li class=\"blocks-gallery-item\"><figure><a href=\"http:\/\/www.cssr.news\/italian\/wp-content\/uploads\/sites\/2\/2023\/11\/sn2023-1123-Pagani-mons-Amarante4_scaled.jpg\"><img width=\"682\" height=\"1024\" src=\"http:\/\/www.cssr.news\/italian\/wp-content\/uploads\/sites\/2\/2023\/11\/sn2023-1123-Pagani-mons-Amarante4_scaled.jpg\" alt=\"\" data-id=\"23644\" data-full-url=\"http:\/\/www.cssr.news\/italian\/wp-content\/uploads\/sites\/2\/2023\/11\/sn2023-1123-Pagani-mons-Amarante4_scaled.jpg\" data-link=\"https:\/\/www.cssr.news\/italian\/?attachment_id=23644\" class=\"wp-image-23644\" srcset=\"https:\/\/www.cssr.news\/italian\/wp-content\/uploads\/sites\/2\/2023\/11\/sn2023-1123-Pagani-mons-Amarante4_scaled.jpg 682w, https:\/\/www.cssr.news\/italian\/wp-content\/uploads\/sites\/2\/2023\/11\/sn2023-1123-Pagani-mons-Amarante4_scaled-200x300.jpg 200w, https:\/\/www.cssr.news\/italian\/wp-content\/uploads\/sites\/2\/2023\/11\/sn2023-1123-Pagani-mons-Amarante4_scaled-280x420.jpg 280w\" sizes=\"(max-width: 682px) 100vw, 682px\" \/><\/a><\/figure><\/li><li class=\"blocks-gallery-item\"><figure><a href=\"http:\/\/www.cssr.news\/italian\/wp-content\/uploads\/sites\/2\/2023\/11\/sn2023_pagani_amarante02.jpg\"><img width=\"1010\" height=\"646\" src=\"http:\/\/www.cssr.news\/italian\/wp-content\/uploads\/sites\/2\/2023\/11\/sn2023_pagani_amarante02.jpg\" alt=\"\" data-id=\"23635\" data-full-url=\"http:\/\/www.cssr.news\/italian\/wp-content\/uploads\/sites\/2\/2023\/11\/sn2023_pagani_amarante02.jpg\" data-link=\"https:\/\/www.cssr.news\/italian\/?attachment_id=23635\" class=\"wp-image-23635\" srcset=\"https:\/\/www.cssr.news\/italian\/wp-content\/uploads\/sites\/2\/2023\/11\/sn2023_pagani_amarante02.jpg 1010w, https:\/\/www.cssr.news\/italian\/wp-content\/uploads\/sites\/2\/2023\/11\/sn2023_pagani_amarante02-300x192.jpg 300w, https:\/\/www.cssr.news\/italian\/wp-content\/uploads\/sites\/2\/2023\/11\/sn2023_pagani_amarante02-768x491.jpg 768w, https:\/\/www.cssr.news\/italian\/wp-content\/uploads\/sites\/2\/2023\/11\/sn2023_pagani_amarante02-696x445.jpg 696w, https:\/\/www.cssr.news\/italian\/wp-content\/uploads\/sites\/2\/2023\/11\/sn2023_pagani_amarante02-657x420.jpg 657w\" sizes=\"(max-width: 1010px) 100vw, 1010px\" \/><\/a><\/figure><\/li><\/ul><\/figure>\n","protected":false},"excerpt":{"rendered":"<p>Sabato 18 novembre 2023, nella basilica di Sant&#8217;Alfonso de Liguori, in una concelebrazione che ha visto la presenza di Mons. Giuseppe Giudice, vescovo della diocesi di Nocera-Sarno e del vescovo Redentorista di Teggiano-Policastro, Mons. Antonio De Luca, la comunit\u00e0 di Pagani ha festeggiato la scelta di Papa Francesco di nominare Padre Amarante gi\u00e0 Preside della [&hellip;]<\/p>\n","protected":false},"author":3,"featured_media":23641,"comment_status":"closed","ping_status":"closed","sticky":false,"template":"","format":"standard","meta":{"_mi_skip_tracking":false},"categories":[13],"tags":[],"_links":{"self":[{"href":"https:\/\/www.cssr.news\/italian\/wp-json\/wp\/v2\/posts\/23632"}],"collection":[{"href":"https:\/\/www.cssr.news\/italian\/wp-json\/wp\/v2\/posts"}],"about":[{"href":"https:\/\/www.cssr.news\/italian\/wp-json\/wp\/v2\/types\/post"}],"author":[{"embeddable":true,"href":"https:\/\/www.cssr.news\/italian\/wp-json\/wp\/v2\/users\/3"}],"replies":[{"embeddable":true,"href":"https:\/\/www.cssr.news\/italian\/wp-json\/wp\/v2\/comments?post=23632"}],"version-history":[{"count":5,"href":"https:\/\/www.cssr.news\/italian\/wp-json\/wp\/v2\/posts\/23632\/revisions"}],"predecessor-version":[{"id":23645,"href":"https:\/\/www.cssr.news\/italian\/wp-json\/wp\/v2\/posts\/23632\/revisions\/23645"}],"wp:featuredmedia":[{"embeddable":true,"href":"https:\/\/www.cssr.news\/italian\/wp-json\/wp\/v2\/media\/23641"}],"wp:attachment":[{"href":"https:\/\/www.cssr.news\/italian\/wp-json\/wp\/v2\/media?parent=23632"}],"wp:term":[{"taxonomy":"category","embeddable":true,"href":"https:\/\/www.cssr.news\/italian\/wp-json\/wp\/v2\/categories?post=23632"},{"taxonomy":"post_tag","embeddable":true,"href":"https:\/\/www.cssr.news\/italian\/wp-json\/wp\/v2\/tags?post=23632"}],"curies":[{"name":"wp","href":"https:\/\/api.w.org\/{rel}","templated":true}]}}