{"id":23658,"date":"2023-11-28T10:10:00","date_gmt":"2023-11-28T08:10:00","guid":{"rendered":"https:\/\/www.cssr.news\/italian\/?p=23658"},"modified":"2023-11-29T10:30:37","modified_gmt":"2023-11-29T08:30:37","slug":"riunione-del-segretariato-generale-per-la-formazione-per-pregare-insieme-discutere-insieme-stare-insieme","status":"publish","type":"post","link":"https:\/\/www.cssr.news\/italian\/2023\/11\/riunione-del-segretariato-generale-per-la-formazione-per-pregare-insieme-discutere-insieme-stare-insieme\/","title":{"rendered":"Riunione del Segretariato Generale per la Formazione per pregare insieme, discutere insieme, stare insieme"},"content":{"rendered":"\n<p><strong>Dal 20 al 24 novembre, presso la Casa Generalizia a Roma, il Segretariato Generale della Formazione ha trascorso una settimana di preghiera, confronto e condivisione. Si \u00e8 trattato del primo incontro in presenza del neo nominato Segretario Generale.<\/strong><\/p>\n\n\n\n<p>Il Segretariato \u00e8 composto da Redentoristi e collaboratori laici provenienti da tutto il mondo. I membri del Segretariato sono: P. Paul Luu Quang Bao Vinh, C.Ss.R. (Consulore Generale), P. Gerardo Hern\u00e1ndez Carrasquillo, C.Ss.R. (Segretaria esecutiva per la Formazione), sr. Theodora Shulak, M.Ss.R., Sig.ra Roksan Latorre, P. Paulo J\u00fanior Silva Le\u00e0o, C.Ss.R., p. R\u00e9mi H\u00e9bert, C.Ss.R. e il fratello Benjam\u00edn Posco, C.Ss.R. (chi non ha potuto partecipare).<\/p>\n\n\n\n<figure class=\"wp-block-gallery columns-3 is-cropped\"><ul class=\"blocks-gallery-grid\"><li class=\"blocks-gallery-item\"><figure><a href=\"http:\/\/www.cssr.news\/wp-content\/uploads\/2023\/11\/2023-1122_General-Sec-Formation@hd75-0188_scaled-1.jpg\"><img src=\"http:\/\/www.cssr.news\/wp-content\/uploads\/2023\/11\/2023-1122_General-Sec-Formation@hd75-0188_scaled-1.jpg\" alt=\"\" data-id=\"29749\" data-full-url=\"http:\/\/www.cssr.news\/wp-content\/uploads\/2023\/11\/2023-1122_General-Sec-Formation@hd75-0188_scaled-1.jpg\" data-link=\"https:\/\/www.cssr.news\/?attachment_id=29749\" class=\"wp-image-29749\"\/><\/a><\/figure><\/li><li class=\"blocks-gallery-item\"><figure><a href=\"http:\/\/www.cssr.news\/wp-content\/uploads\/2023\/11\/2023-1122_General-Sec-Formation@hd75-0204_scaled-1.jpg\"><img src=\"http:\/\/www.cssr.news\/wp-content\/uploads\/2023\/11\/2023-1122_General-Sec-Formation@hd75-0204_scaled-1.jpg\" alt=\"\" data-id=\"29747\" data-full-url=\"http:\/\/www.cssr.news\/wp-content\/uploads\/2023\/11\/2023-1122_General-Sec-Formation@hd75-0204_scaled-1.jpg\" data-link=\"https:\/\/www.cssr.news\/?attachment_id=29747\" class=\"wp-image-29747\"\/><\/a><\/figure><\/li><li class=\"blocks-gallery-item\"><figure><a href=\"http:\/\/www.cssr.news\/wp-content\/uploads\/2023\/11\/2023-1122_General-Sec-Formation@hd75-0186_scaled-1.jpg\"><img src=\"http:\/\/www.cssr.news\/wp-content\/uploads\/2023\/11\/2023-1122_General-Sec-Formation@hd75-0186_scaled-1.jpg\" alt=\"\" data-id=\"29730\" data-full-url=\"http:\/\/www.cssr.news\/wp-content\/uploads\/2023\/11\/2023-1122_General-Sec-Formation@hd75-0186_scaled-1.jpg\" data-link=\"https:\/\/www.cssr.news\/?attachment_id=29730\" class=\"wp-image-29730\"\/><\/a><\/figure><\/li><li class=\"blocks-gallery-item\"><figure><a href=\"http:\/\/www.cssr.news\/wp-content\/uploads\/2023\/11\/2023-1122_General-Sec-Formation@hd75-0187_scaled-1.jpg\"><img src=\"http:\/\/www.cssr.news\/wp-content\/uploads\/2023\/11\/2023-1122_General-Sec-Formation@hd75-0187_scaled-1.jpg\" alt=\"\" data-id=\"29732\" data-full-url=\"http:\/\/www.cssr.news\/wp-content\/uploads\/2023\/11\/2023-1122_General-Sec-Formation@hd75-0187_scaled-1.jpg\" data-link=\"https:\/\/www.cssr.news\/?attachment_id=29732\" class=\"wp-image-29732\"\/><\/a><\/figure><\/li><li class=\"blocks-gallery-item\"><figure><a href=\"http:\/\/www.cssr.news\/wp-content\/uploads\/2023\/11\/2023-1122_General-Sec-Formation@hd75-0191_scaled-1.jpg\"><img src=\"http:\/\/www.cssr.news\/wp-content\/uploads\/2023\/11\/2023-1122_General-Sec-Formation@hd75-0191_scaled-1.jpg\" alt=\"\" data-id=\"29733\" data-full-url=\"http:\/\/www.cssr.news\/wp-content\/uploads\/2023\/11\/2023-1122_General-Sec-Formation@hd75-0191_scaled-1.jpg\" data-link=\"https:\/\/www.cssr.news\/?attachment_id=29733\" class=\"wp-image-29733\"\/><\/a><\/figure><\/li><li class=\"blocks-gallery-item\"><figure><a href=\"http:\/\/www.cssr.news\/wp-content\/uploads\/2023\/11\/2023-1122_General-Sec-Formation@hd75-0208_scaled.jpg\"><img src=\"http:\/\/www.cssr.news\/wp-content\/uploads\/2023\/11\/2023-1122_General-Sec-Formation@hd75-0208_scaled.jpg\" alt=\"\" data-id=\"29731\" data-full-url=\"http:\/\/www.cssr.news\/wp-content\/uploads\/2023\/11\/2023-1122_General-Sec-Formation@hd75-0208_scaled.jpg\" data-link=\"https:\/\/www.cssr.news\/?attachment_id=29731\" class=\"wp-image-29731\"\/><\/a><\/figure><\/li><li class=\"blocks-gallery-item\"><figure><a href=\"http:\/\/www.cssr.news\/wp-content\/uploads\/2023\/11\/2023-1122_General-Sec-Formation@hd75-0195_scaled-1.jpg\"><img src=\"http:\/\/www.cssr.news\/wp-content\/uploads\/2023\/11\/2023-1122_General-Sec-Formation@hd75-0195_scaled-1.jpg\" alt=\"\" data-id=\"29736\" data-full-url=\"http:\/\/www.cssr.news\/wp-content\/uploads\/2023\/11\/2023-1122_General-Sec-Formation@hd75-0195_scaled-1.jpg\" data-link=\"https:\/\/www.cssr.news\/?attachment_id=29736\" class=\"wp-image-29736\"\/><\/a><\/figure><\/li><\/ul><\/figure>\n\n\n\n<p>Iniziamo luned\u00ec 20 novembre con la Messa. Questo ci ha dato il tono per pregare insieme durante tutta la settimana. Con l\u2019agenda in mano, avevamo del lavoro da fare.<\/p>\n\n\n\n<p>Gran parte del nostro tempo insieme \u00e8 stato speso discutendo e fornendo input e approfondimenti sui questionari di valutazione della formazione redentorista. Questi questionari saranno inviati ai diversi livelli di formazione: Conferenze, Unit\u00e0, Formatori, studenti e tutti i confratelli in formazione permanente. Le risposte ci aiuteranno a comprendere meglio la situazione attuale della formazione e come possiamo rispondere meglio ai bisogni formativi per la missione della Congregazione.<\/p>\n\n\n\n<p>Abbiamo discusso alcune delle sfide che dobbiamo affrontare ed \u00e8 necessario lavorare per rafforzare la formazione redentorista. Abbiamo imparato l&#8217;importanza della formazione permanente, soprattutto per i giovani confratelli nei primi dieci anni di ministero. Lo sviluppo umano, il senso di appartenenza, la vita comunitaria consacrata e l&#8217;identit\u00e0 redentorista sono aspetti che devono non solo essere coltivati \u200b\u200bma anche accompagnati.<\/p>\n\n\n\n<p>In particolare abbiamo ascoltato il P. Generale Rog\u00e9rio Gomes condividere le sue preoccupazioni e alcune linee guida per la formazione della Congregazione. Il P. Jairo D\u00edaz Rodr\u00edguez e il Fratello Laurence J. Luj\u00e1n hanno parlato di come gestire le nostre scuole o centri di formazione con il carisma redentorista e della formazione dei Fratelli nel contesto della Ristrutturazione e delle Priorit\u00e0 Apostoliche Missionarie delle Conferenze e Unit\u00e0.<\/p>\n\n\n\n<p>Pi\u00f9 ci riunivamo e crescevamo come comunit\u00e0, pi\u00f9 apprezzavamo coloro che hanno prestato servizio nel Segretariato prima di noi. Abbiamo ereditato risorse meravigliose come la Ratio Formationis Generalis, (2020), il Manuale Formatorum (2009), il Documento finale e il Messaggio, Decisioni e Orientamenti del 26\u00b0 Capitolo Generale. Questi documenti ci ricordano che la Formazione \u00e8 per la missione e la formazione Redentorista \u00e8 costruita su cinque dimensioni: la Dimensione Umana, la Dimensione Spirituale, la Dimensione Comunitaria, la Dimensione Accademica e la Dimensione Pastorale-Missionaria.<\/p>\n\n\n\n<p>Per favore continuate ad avere nelle vostre preghiere il nostro compito della formazione e al gruppo dei formatori da tutto il mondo che accompagnano la generazione presente e futura di Missionari Redentoristi.<\/p>\n\n\n\n<p>P. R\u00e9mi H\u00e9bert, C.Ss.R.<\/p>\n","protected":false},"excerpt":{"rendered":"<p>Dal 20 al 24 novembre, presso la Casa Generalizia a Roma, il Segretariato Generale della Formazione ha trascorso una settimana di preghiera, confronto e condivisione. Si \u00e8 trattato del primo incontro in presenza del neo nominato Segretario Generale. Il Segretariato \u00e8 composto da Redentoristi e collaboratori laici provenienti da tutto il mondo. I membri del [&hellip;]<\/p>\n","protected":false},"author":3,"featured_media":23659,"comment_status":"closed","ping_status":"closed","sticky":false,"template":"","format":"standard","meta":{"_mi_skip_tracking":false},"categories":[14],"tags":[],"_links":{"self":[{"href":"https:\/\/www.cssr.news\/italian\/wp-json\/wp\/v2\/posts\/23658"}],"collection":[{"href":"https:\/\/www.cssr.news\/italian\/wp-json\/wp\/v2\/posts"}],"about":[{"href":"https:\/\/www.cssr.news\/italian\/wp-json\/wp\/v2\/types\/post"}],"author":[{"embeddable":true,"href":"https:\/\/www.cssr.news\/italian\/wp-json\/wp\/v2\/users\/3"}],"replies":[{"embeddable":true,"href":"https:\/\/www.cssr.news\/italian\/wp-json\/wp\/v2\/comments?post=23658"}],"version-history":[{"count":1,"href":"https:\/\/www.cssr.news\/italian\/wp-json\/wp\/v2\/posts\/23658\/revisions"}],"predecessor-version":[{"id":23660,"href":"https:\/\/www.cssr.news\/italian\/wp-json\/wp\/v2\/posts\/23658\/revisions\/23660"}],"wp:featuredmedia":[{"embeddable":true,"href":"https:\/\/www.cssr.news\/italian\/wp-json\/wp\/v2\/media\/23659"}],"wp:attachment":[{"href":"https:\/\/www.cssr.news\/italian\/wp-json\/wp\/v2\/media?parent=23658"}],"wp:term":[{"taxonomy":"category","embeddable":true,"href":"https:\/\/www.cssr.news\/italian\/wp-json\/wp\/v2\/categories?post=23658"},{"taxonomy":"post_tag","embeddable":true,"href":"https:\/\/www.cssr.news\/italian\/wp-json\/wp\/v2\/tags?post=23658"}],"curies":[{"name":"wp","href":"https:\/\/api.w.org\/{rel}","templated":true}]}}