{"id":23708,"date":"2023-12-04T08:42:53","date_gmt":"2023-12-04T06:42:53","guid":{"rendered":"https:\/\/www.cssr.news\/italian\/?p=23708"},"modified":"2023-12-04T08:48:29","modified_gmt":"2023-12-04T06:48:29","slug":"assemblea-elettiva-a-trois-epis-testimoniare-cristo-e-unavventura-di-confratelli","status":"publish","type":"post","link":"https:\/\/www.cssr.news\/italian\/2023\/12\/assemblea-elettiva-a-trois-epis-testimoniare-cristo-e-unavventura-di-confratelli\/","title":{"rendered":"Assemblea elettiva a Trois-\u00c9pis: \u201cTestimoniare Cristo \u00e8 un&#8217;avventura di confratelli\u201d"},"content":{"rendered":"\n<p>Dal 28 al 30 novembre 2023, ci siamo incontrati un totale di 45 Redentoristi delle Province di Madrid, Lisbona, Francia, Roma e Napoli, tra cui, su invito, erano anche p. Fran\u00e7ois Stanula (Vicario generale), Jos\u00e8 Carlos Linhares (Procuratore generale) e Johannes R\u00f6melt (Coordinatore di Europa). Ci siamo riuniti per vivere questo momento storico che precede l&#8217;unione che former\u00e0 la nuova provincia dell&#8217;Europa del Sud. Lo scopo di questo incontro era semplicemente l&#8217;elezione del nuovo governo provinciale.<\/p>\n\n\n\n<p>Abbiamo iniziato ufficialmente il nostro incontro la mattinata di marted\u00ec 28 novembre con l&#8217;Eucaristia dello Spirito Santo, presieduta dal p. Fran\u00e7ois Stanula, che ci ha predicato sull\u2019importanza di essere consapevoli del fatto che siamo nella stessa canoa in cui tutti remiamo. Successivamente siamo stati invitati a dedicare la giornata al discernimento e alla preghiera. Per questo, il p. Johannes ci ha presentato la storia del processo di ristrutturazione in Europa Sud fino a questo momento, nonch\u00e9 le decisioni del XXVI Capitolo Generale in materia di leadership. Successivamente abbiamo avuto un momento di preghiera e riflessione personale, insieme ad una preghiera comunitaria che ci ha invitato a sperimentare la presenza dello Spirito Santo in noi e ad aprire il nostro cuore alla volont\u00e0 di Dio. Allo stesso modo, p. Jos\u00e8 Linhares ci ha chiarito le questioni tecniche e canoniche di cui dovevamo tenere conto rispetto alla Legge Elettorale.<\/p>\n\n\n\n<p>Successivamente, dopo un giorno e mezzo di votazioni, \u00e8 stato formato il nostro nuovo governo provinciale per la futura Provincia dell\u2019Europa Sud, cos\u00ec composto:<\/p>\n\n\n\n<p><strong>&#8211; Provinciale: p. Gennaro Sorrentino (Napoli)<\/strong><\/p>\n\n\n\n<p><strong>&#8211; Vicario provinciale: p. Desir\u00e9 Zante (Francia)<\/strong><\/p>\n\n\n\n<p><strong>&#8211; Tre consiglieri ordinari: p. Massimiliano Guardini (Roma), p. Francisco Javier Caballero (Madrid), e p. Rui Santiago (Lisbona).<\/strong><\/p>\n\n\n\n<p><strong>&#8211; Due consiglieri straordinari: p. Alberto Eseverri (Madrid) e p. Raoul Peralta (Francia).<\/strong><\/p>\n\n\n\n<figure class=\"wp-block-gallery columns-3 is-cropped\"><ul class=\"blocks-gallery-grid\"><li class=\"blocks-gallery-item\"><figure><a href=\"http:\/\/www.cssr.news\/italian\/wp-content\/uploads\/sites\/2\/2023\/12\/sn2023-11-30_europasud05.jpg\"><img width=\"1024\" height=\"768\" src=\"http:\/\/www.cssr.news\/italian\/wp-content\/uploads\/sites\/2\/2023\/12\/sn2023-11-30_europasud05-1024x768.jpg\" alt=\"\" data-id=\"23713\" data-full-url=\"http:\/\/www.cssr.news\/italian\/wp-content\/uploads\/sites\/2\/2023\/12\/sn2023-11-30_europasud05.jpg\" data-link=\"https:\/\/www.cssr.news\/italian\/?attachment_id=23713\" class=\"wp-image-23713\" srcset=\"https:\/\/www.cssr.news\/italian\/wp-content\/uploads\/sites\/2\/2023\/12\/sn2023-11-30_europasud05-1024x768.jpg 1024w, https:\/\/www.cssr.news\/italian\/wp-content\/uploads\/sites\/2\/2023\/12\/sn2023-11-30_europasud05-300x225.jpg 300w, https:\/\/www.cssr.news\/italian\/wp-content\/uploads\/sites\/2\/2023\/12\/sn2023-11-30_europasud05-768x576.jpg 768w, https:\/\/www.cssr.news\/italian\/wp-content\/uploads\/sites\/2\/2023\/12\/sn2023-11-30_europasud05-80x60.jpg 80w, https:\/\/www.cssr.news\/italian\/wp-content\/uploads\/sites\/2\/2023\/12\/sn2023-11-30_europasud05-265x198.jpg 265w, https:\/\/www.cssr.news\/italian\/wp-content\/uploads\/sites\/2\/2023\/12\/sn2023-11-30_europasud05-696x522.jpg 696w, https:\/\/www.cssr.news\/italian\/wp-content\/uploads\/sites\/2\/2023\/12\/sn2023-11-30_europasud05-1068x801.jpg 1068w, https:\/\/www.cssr.news\/italian\/wp-content\/uploads\/sites\/2\/2023\/12\/sn2023-11-30_europasud05-560x420.jpg 560w, https:\/\/www.cssr.news\/italian\/wp-content\/uploads\/sites\/2\/2023\/12\/sn2023-11-30_europasud05.jpg 1440w\" sizes=\"(max-width: 1024px) 100vw, 1024px\" \/><\/a><\/figure><\/li><li class=\"blocks-gallery-item\"><figure><a href=\"http:\/\/www.cssr.news\/italian\/wp-content\/uploads\/sites\/2\/2023\/12\/sn2023-11-30_europasud03.jpg\"><img width=\"1024\" height=\"768\" src=\"http:\/\/www.cssr.news\/italian\/wp-content\/uploads\/sites\/2\/2023\/12\/sn2023-11-30_europasud03-1024x768.jpg\" alt=\"\" data-id=\"23711\" data-full-url=\"http:\/\/www.cssr.news\/italian\/wp-content\/uploads\/sites\/2\/2023\/12\/sn2023-11-30_europasud03.jpg\" data-link=\"https:\/\/www.cssr.news\/italian\/?attachment_id=23711\" class=\"wp-image-23711\" srcset=\"https:\/\/www.cssr.news\/italian\/wp-content\/uploads\/sites\/2\/2023\/12\/sn2023-11-30_europasud03-1024x768.jpg 1024w, https:\/\/www.cssr.news\/italian\/wp-content\/uploads\/sites\/2\/2023\/12\/sn2023-11-30_europasud03-300x225.jpg 300w, https:\/\/www.cssr.news\/italian\/wp-content\/uploads\/sites\/2\/2023\/12\/sn2023-11-30_europasud03-768x576.jpg 768w, https:\/\/www.cssr.news\/italian\/wp-content\/uploads\/sites\/2\/2023\/12\/sn2023-11-30_europasud03-80x60.jpg 80w, https:\/\/www.cssr.news\/italian\/wp-content\/uploads\/sites\/2\/2023\/12\/sn2023-11-30_europasud03-265x198.jpg 265w, https:\/\/www.cssr.news\/italian\/wp-content\/uploads\/sites\/2\/2023\/12\/sn2023-11-30_europasud03-696x522.jpg 696w, https:\/\/www.cssr.news\/italian\/wp-content\/uploads\/sites\/2\/2023\/12\/sn2023-11-30_europasud03-1068x801.jpg 1068w, https:\/\/www.cssr.news\/italian\/wp-content\/uploads\/sites\/2\/2023\/12\/sn2023-11-30_europasud03-560x420.jpg 560w, https:\/\/www.cssr.news\/italian\/wp-content\/uploads\/sites\/2\/2023\/12\/sn2023-11-30_europasud03.jpg 1440w\" sizes=\"(max-width: 1024px) 100vw, 1024px\" \/><\/a><\/figure><\/li><li class=\"blocks-gallery-item\"><figure><a href=\"http:\/\/www.cssr.news\/italian\/wp-content\/uploads\/sites\/2\/2023\/12\/sn2023-11-30_europasud04.jpg\"><img width=\"1024\" height=\"768\" src=\"http:\/\/www.cssr.news\/italian\/wp-content\/uploads\/sites\/2\/2023\/12\/sn2023-11-30_europasud04-1024x768.jpg\" alt=\"\" data-id=\"23712\" data-full-url=\"http:\/\/www.cssr.news\/italian\/wp-content\/uploads\/sites\/2\/2023\/12\/sn2023-11-30_europasud04.jpg\" data-link=\"https:\/\/www.cssr.news\/italian\/?attachment_id=23712\" class=\"wp-image-23712\" srcset=\"https:\/\/www.cssr.news\/italian\/wp-content\/uploads\/sites\/2\/2023\/12\/sn2023-11-30_europasud04-1024x768.jpg 1024w, https:\/\/www.cssr.news\/italian\/wp-content\/uploads\/sites\/2\/2023\/12\/sn2023-11-30_europasud04-300x225.jpg 300w, https:\/\/www.cssr.news\/italian\/wp-content\/uploads\/sites\/2\/2023\/12\/sn2023-11-30_europasud04-768x576.jpg 768w, https:\/\/www.cssr.news\/italian\/wp-content\/uploads\/sites\/2\/2023\/12\/sn2023-11-30_europasud04-1536x1152.jpg 1536w, https:\/\/www.cssr.news\/italian\/wp-content\/uploads\/sites\/2\/2023\/12\/sn2023-11-30_europasud04-80x60.jpg 80w, https:\/\/www.cssr.news\/italian\/wp-content\/uploads\/sites\/2\/2023\/12\/sn2023-11-30_europasud04-265x198.jpg 265w, https:\/\/www.cssr.news\/italian\/wp-content\/uploads\/sites\/2\/2023\/12\/sn2023-11-30_europasud04-696x522.jpg 696w, https:\/\/www.cssr.news\/italian\/wp-content\/uploads\/sites\/2\/2023\/12\/sn2023-11-30_europasud04-1068x801.jpg 1068w, https:\/\/www.cssr.news\/italian\/wp-content\/uploads\/sites\/2\/2023\/12\/sn2023-11-30_europasud04-560x420.jpg 560w, https:\/\/www.cssr.news\/italian\/wp-content\/uploads\/sites\/2\/2023\/12\/sn2023-11-30_europasud04.jpg 2048w\" sizes=\"(max-width: 1024px) 100vw, 1024px\" \/><\/a><\/figure><\/li><li class=\"blocks-gallery-item\"><figure><a href=\"http:\/\/www.cssr.news\/italian\/wp-content\/uploads\/sites\/2\/2023\/12\/sn2023-12-02_europasud01.jpg\"><img width=\"1024\" height=\"768\" src=\"http:\/\/www.cssr.news\/italian\/wp-content\/uploads\/sites\/2\/2023\/12\/sn2023-12-02_europasud01.jpg\" alt=\"\" data-id=\"23709\" data-full-url=\"http:\/\/www.cssr.news\/italian\/wp-content\/uploads\/sites\/2\/2023\/12\/sn2023-12-02_europasud01.jpg\" data-link=\"https:\/\/www.cssr.news\/italian\/?attachment_id=23709\" class=\"wp-image-23709\" srcset=\"https:\/\/www.cssr.news\/italian\/wp-content\/uploads\/sites\/2\/2023\/12\/sn2023-12-02_europasud01.jpg 1024w, https:\/\/www.cssr.news\/italian\/wp-content\/uploads\/sites\/2\/2023\/12\/sn2023-12-02_europasud01-300x225.jpg 300w, https:\/\/www.cssr.news\/italian\/wp-content\/uploads\/sites\/2\/2023\/12\/sn2023-12-02_europasud01-768x576.jpg 768w, https:\/\/www.cssr.news\/italian\/wp-content\/uploads\/sites\/2\/2023\/12\/sn2023-12-02_europasud01-80x60.jpg 80w, https:\/\/www.cssr.news\/italian\/wp-content\/uploads\/sites\/2\/2023\/12\/sn2023-12-02_europasud01-265x198.jpg 265w, https:\/\/www.cssr.news\/italian\/wp-content\/uploads\/sites\/2\/2023\/12\/sn2023-12-02_europasud01-696x522.jpg 696w, https:\/\/www.cssr.news\/italian\/wp-content\/uploads\/sites\/2\/2023\/12\/sn2023-12-02_europasud01-560x420.jpg 560w\" sizes=\"(max-width: 1024px) 100vw, 1024px\" \/><\/a><\/figure><\/li><\/ul><\/figure>\n\n\n\n<p>Dopo la chiusura ufficiale dell&#8217;assemblea, abbiamo potuto visitare insieme la cittadina di Colmar e, dopo ritornare a Trois-\u00c9pis, celebrare l&#8217;Eucaristia di ringraziamento presieduta dal neoeletto Superiore Provinciale, accompagnato dal suo consiglio. Padre Gennaro Sorrentino ci ha dedicato delle belle parole nella sua omelia: \u201cLa trasformazione avviene solo quando siamo disponibili al cambiamento; la nostra vita \u00e8 la missione e per essere missionari \u00e8 necessario lavorare in gruppo, poich\u00e9 la nostra missione non \u00e8 un lavoro individuale. Testimoniare Cristo \u00e8 un\u2019avventura di confratelli\u201d. A sua volta, ha rivolto alcune parole soprattutto a tutti i giovani, a quelli in formazione ed alle future vocazioni della nuova provincia, perch\u00e9 \u00abil Signore \u00e8 capace di tutto, ma ha bisogno di collaboratori, e questi sono e saranno gli strumenti su cui Dio conter\u00e0 nel futuro\u201d.<\/p>\n\n\n\n<p>Dopo avere ringraziato i nostri confratelli della Provincia di Francia per la generosa accoglienza e preparazione di questo incontro a Trois-\u00c9pis, abbiamo concluso la nostra assemblea elettiva avendo raggiunto non solo il nostro obiettivo principale: l&#8217;elezione del futuro governo provinciale, ma, a sua volta, cos\u00ec molti altri pi\u00f9 importanti: il (r)incontro tra fratelli, la fraternit\u00e0 gioiosa forgiata nei colloqui, nella mensa, nella preghiera, e l&#8217;esperienza di una piena speranza di fronte al cammino nuovo ed entusiasmante che si apre davanti a tutti noi: un nuovo progetto comune, una nuova Provincia, una nuova Missione insieme.<\/p>\n\n\n\n<p>P. Carlos A. Diego Guti\u00e9rrez, CSsR<\/p>\n","protected":false},"excerpt":{"rendered":"<p>Dal 28 al 30 novembre 2023, ci siamo incontrati un totale di 45 Redentoristi delle Province di Madrid, Lisbona, Francia, Roma e Napoli, tra cui, su invito, erano anche p. Fran\u00e7ois Stanula (Vicario generale), Jos\u00e8 Carlos Linhares (Procuratore generale) e Johannes R\u00f6melt (Coordinatore di Europa). Ci siamo riuniti per vivere questo momento storico che precede [&hellip;]<\/p>\n","protected":false},"author":3,"featured_media":23710,"comment_status":"closed","ping_status":"closed","sticky":false,"template":"","format":"standard","meta":{"_mi_skip_tracking":false},"categories":[9],"tags":[],"_links":{"self":[{"href":"https:\/\/www.cssr.news\/italian\/wp-json\/wp\/v2\/posts\/23708"}],"collection":[{"href":"https:\/\/www.cssr.news\/italian\/wp-json\/wp\/v2\/posts"}],"about":[{"href":"https:\/\/www.cssr.news\/italian\/wp-json\/wp\/v2\/types\/post"}],"author":[{"embeddable":true,"href":"https:\/\/www.cssr.news\/italian\/wp-json\/wp\/v2\/users\/3"}],"replies":[{"embeddable":true,"href":"https:\/\/www.cssr.news\/italian\/wp-json\/wp\/v2\/comments?post=23708"}],"version-history":[{"count":2,"href":"https:\/\/www.cssr.news\/italian\/wp-json\/wp\/v2\/posts\/23708\/revisions"}],"predecessor-version":[{"id":23716,"href":"https:\/\/www.cssr.news\/italian\/wp-json\/wp\/v2\/posts\/23708\/revisions\/23716"}],"wp:featuredmedia":[{"embeddable":true,"href":"https:\/\/www.cssr.news\/italian\/wp-json\/wp\/v2\/media\/23710"}],"wp:attachment":[{"href":"https:\/\/www.cssr.news\/italian\/wp-json\/wp\/v2\/media?parent=23708"}],"wp:term":[{"taxonomy":"category","embeddable":true,"href":"https:\/\/www.cssr.news\/italian\/wp-json\/wp\/v2\/categories?post=23708"},{"taxonomy":"post_tag","embeddable":true,"href":"https:\/\/www.cssr.news\/italian\/wp-json\/wp\/v2\/tags?post=23708"}],"curies":[{"name":"wp","href":"https:\/\/api.w.org\/{rel}","templated":true}]}}