{"id":23727,"date":"2023-12-05T16:24:09","date_gmt":"2023-12-05T14:24:09","guid":{"rendered":"https:\/\/www.cssr.news\/italian\/?p=23727"},"modified":"2023-12-05T16:24:10","modified_gmt":"2023-12-05T14:24:10","slug":"le-famiglie-redentoriste-partecipano-al-pellegrinaggio-e-agli-incontri-ad-aparecida","status":"publish","type":"post","link":"https:\/\/www.cssr.news\/italian\/2023\/12\/le-famiglie-redentoriste-partecipano-al-pellegrinaggio-e-agli-incontri-ad-aparecida\/","title":{"rendered":"Le famiglie redentoriste partecipano al pellegrinaggio e agli incontri ad Aparecida"},"content":{"rendered":"\n<p class=\"has-text-align-center\"><strong>Il pellegrinaggio e l&#8217;incontro offrono momenti di grande gioia, convivialit\u00e0, formazione e spiritualit\u00e0.<\/strong><\/p>\n\n\n\n<p>La famiglia \u00e8 la culla di ogni vocazione e il luogo dove si apprendono i primi valori. Per celebrare il sentimento speciale di avere una famiglia, la Provincia Nossa Senhora Aparecida ha organizzato la 41\u00aa edizione del Pellegrinaggio e Incontro dei membri della Famiglia Redentorista, dal 2 al 4 dicembre.<\/p>\n\n\n\n<p>Ogni anno, il pellegrinaggio che visita il Santuario Nazionale di Aparecida e l&#8217;incontro che riunisce le famiglie dei missionari redentoristi presso il Seminario Santo Afonso offrono un momento di grande gioia, convivialit\u00e0, formazione e spiritualit\u00e0. L&#8217;evento \u00e8 stato organizzato da padre Jos\u00e9 Luis Queimado, che ha animato l&#8217;evento, e da fratel Marco Lucas, che ha organizzato le attivit\u00e0 e accolto le famiglie.<\/p>\n\n\n\n<figure class=\"wp-block-gallery columns-3 is-cropped\"><ul class=\"blocks-gallery-grid\"><li class=\"blocks-gallery-item\"><figure><a href=\"http:\/\/www.cssr.news\/wp-content\/uploads\/2023\/12\/Screenshot-2023-12-05-121557.jpg\"><img src=\"http:\/\/www.cssr.news\/wp-content\/uploads\/2023\/12\/Screenshot-2023-12-05-121557.jpg\" alt=\"\" data-id=\"29855\" data-full-url=\"http:\/\/www.cssr.news\/wp-content\/uploads\/2023\/12\/Screenshot-2023-12-05-121557.jpg\" data-link=\"https:\/\/www.cssr.news\/?attachment_id=29855\" class=\"wp-image-29855\"\/><\/a><\/figure><\/li><li class=\"blocks-gallery-item\"><figure><a href=\"http:\/\/www.cssr.news\/wp-content\/uploads\/2023\/12\/Screenshot-2023-12-05-121529.jpg\"><img src=\"http:\/\/www.cssr.news\/wp-content\/uploads\/2023\/12\/Screenshot-2023-12-05-121529.jpg\" alt=\"\" data-id=\"29856\" data-full-url=\"http:\/\/www.cssr.news\/wp-content\/uploads\/2023\/12\/Screenshot-2023-12-05-121529.jpg\" data-link=\"https:\/\/www.cssr.news\/?attachment_id=29856\" class=\"wp-image-29856\"\/><\/a><\/figure><\/li><li class=\"blocks-gallery-item\"><figure><a href=\"http:\/\/www.cssr.news\/wp-content\/uploads\/2023\/12\/Screenshot-2023-12-05-122322.jpg\"><img src=\"http:\/\/www.cssr.news\/wp-content\/uploads\/2023\/12\/Screenshot-2023-12-05-122322.jpg\" alt=\"\" data-id=\"29854\" data-full-url=\"http:\/\/www.cssr.news\/wp-content\/uploads\/2023\/12\/Screenshot-2023-12-05-122322.jpg\" data-link=\"https:\/\/www.cssr.news\/?attachment_id=29854\" class=\"wp-image-29854\"\/><\/a><\/figure><\/li><\/ul><\/figure>\n\n\n\n<p>Nel 2023 hanno partecipato all&#8217;incontro e al pellegrinaggio circa 200 persone. La tradizionale manifestazione riserva momenti speciali. Tra questi, il Rosario Vocazionale celebrato questo venerd\u00ec (01) che ha ricordato la vocazione di Padre V\u00edtor Coelho. Sabato (02), l&#8217;incontro \u00e8 stato caratterizzato da una formazione guidata da padre Pedro Cunha, che ha riflettuto sui valori e sulle realt\u00e0 presenti nelle famiglie.<\/p>\n\n\n\n<p>Il pomeriggio \u00e8 proseguito con una rappresentazione teatrale e con le testimonianze delle famiglie sui loro familiari redentoristi. Alla fine della giornata, tutti si sono riuniti alle 18 per la Messa presso l&#8217;Altare Centrale del Santuario Nazionale.<\/p>\n\n\n\n<figure class=\"wp-block-gallery columns-2 is-cropped\"><ul class=\"blocks-gallery-grid\"><li class=\"blocks-gallery-item\"><figure><a href=\"http:\/\/www.cssr.news\/wp-content\/uploads\/2023\/12\/Screenshot-2023-12-05-121418.jpg\"><img src=\"http:\/\/www.cssr.news\/wp-content\/uploads\/2023\/12\/Screenshot-2023-12-05-121418-1024x525.jpg\" alt=\"\" data-id=\"29858\" data-full-url=\"http:\/\/www.cssr.news\/wp-content\/uploads\/2023\/12\/Screenshot-2023-12-05-121418.jpg\" data-link=\"https:\/\/www.cssr.news\/?attachment_id=29858\" class=\"wp-image-29858\"\/><\/a><\/figure><\/li><li class=\"blocks-gallery-item\"><figure><a href=\"http:\/\/www.cssr.news\/wp-content\/uploads\/2023\/12\/Screenshot-2023-12-05-121452.jpg\"><img src=\"http:\/\/www.cssr.news\/wp-content\/uploads\/2023\/12\/Screenshot-2023-12-05-121452.jpg\" alt=\"\" data-id=\"29857\" data-full-url=\"http:\/\/www.cssr.news\/wp-content\/uploads\/2023\/12\/Screenshot-2023-12-05-121452.jpg\" data-link=\"https:\/\/www.cssr.news\/?attachment_id=29857\" class=\"wp-image-29857\"\/><\/a><\/figure><\/li><\/ul><\/figure>\n\n\n\n<p>L&#8217;oblata redentorista Maria Helena Malta ha affermato che la presentazione dell&#8217;opera teatrale intitolata \u201cEsodo\u201d \u00e8 stata parte di tutto il secondo semestre di questo anno formativo dei seminaristi, attraverso il lavoro dell&#8217;insegnante di Espressione, Comunicazione e Vita.<\/p>\n\n\n\n<p>\u201cTutti noi abbiamo fatto una sorta di &#8216;uscita&#8217; in questa vita e, ispirandoci alle scene della storia delle persone che soffrirono la schiavit\u00f9 a Babilonia e durante la colonizzazione del Brasile, cos\u00ec come alle tappe fondamentali dei problemi quotidiani, della siccit\u00e0, la fame, le dipendenze che schiavizzano, la depressione, ecc., cerchiamo di ritrarre la sofferenza delle persone, con l&#8217;obiettivo di promuovere l&#8217;importanza della vita sociale, dell&#8217;empatia e dell&#8217;esercizio dei valori cristiani\u201d, afferma il seminarista Euler da Imaculada.<\/p>\n\n\n\n<p>A12.com<\/p>\n","protected":false},"excerpt":{"rendered":"<p>Il pellegrinaggio e l&#8217;incontro offrono momenti di grande gioia, convivialit\u00e0, formazione e spiritualit\u00e0. La famiglia \u00e8 la culla di ogni vocazione e il luogo dove si apprendono i primi valori. Per celebrare il sentimento speciale di avere una famiglia, la Provincia Nossa Senhora Aparecida ha organizzato la 41\u00aa edizione del Pellegrinaggio e Incontro dei membri [&hellip;]<\/p>\n","protected":false},"author":3,"featured_media":23731,"comment_status":"closed","ping_status":"closed","sticky":false,"template":"","format":"standard","meta":{"_mi_skip_tracking":false},"categories":[2],"tags":[],"_links":{"self":[{"href":"https:\/\/www.cssr.news\/italian\/wp-json\/wp\/v2\/posts\/23727"}],"collection":[{"href":"https:\/\/www.cssr.news\/italian\/wp-json\/wp\/v2\/posts"}],"about":[{"href":"https:\/\/www.cssr.news\/italian\/wp-json\/wp\/v2\/types\/post"}],"author":[{"embeddable":true,"href":"https:\/\/www.cssr.news\/italian\/wp-json\/wp\/v2\/users\/3"}],"replies":[{"embeddable":true,"href":"https:\/\/www.cssr.news\/italian\/wp-json\/wp\/v2\/comments?post=23727"}],"version-history":[{"count":1,"href":"https:\/\/www.cssr.news\/italian\/wp-json\/wp\/v2\/posts\/23727\/revisions"}],"predecessor-version":[{"id":23732,"href":"https:\/\/www.cssr.news\/italian\/wp-json\/wp\/v2\/posts\/23727\/revisions\/23732"}],"wp:featuredmedia":[{"embeddable":true,"href":"https:\/\/www.cssr.news\/italian\/wp-json\/wp\/v2\/media\/23731"}],"wp:attachment":[{"href":"https:\/\/www.cssr.news\/italian\/wp-json\/wp\/v2\/media?parent=23727"}],"wp:term":[{"taxonomy":"category","embeddable":true,"href":"https:\/\/www.cssr.news\/italian\/wp-json\/wp\/v2\/categories?post=23727"},{"taxonomy":"post_tag","embeddable":true,"href":"https:\/\/www.cssr.news\/italian\/wp-json\/wp\/v2\/tags?post=23727"}],"curies":[{"name":"wp","href":"https:\/\/api.w.org\/{rel}","templated":true}]}}