{"id":23733,"date":"2023-12-05T19:16:42","date_gmt":"2023-12-05T17:16:42","guid":{"rendered":"https:\/\/www.cssr.news\/italian\/?p=23733"},"modified":"2023-12-05T19:16:43","modified_gmt":"2023-12-05T17:16:43","slug":"polonia-32-anniversario-di-radio-maryja-a-torun","status":"publish","type":"post","link":"https:\/\/www.cssr.news\/italian\/2023\/12\/polonia-32-anniversario-di-radio-maryja-a-torun\/","title":{"rendered":"Polonia: 32\u00b0 anniversario di Radio Maryja a Toru\u0144"},"content":{"rendered":"\n<p>Sabato 2 dicembre 2023, Toru\u0144 ha celebrato il 32\u00b0 anniversario della fondazione di Radio Maryja. Il punto principale delle celebrazioni dell&#8217;anniversario \u00e8 stata la Santa Messa presieduta dall&#8217;arcivescovo Wac\u0142aw Depo, metropolita di Cz\u0119stochowa. L&#8217;evento \u00e8 stato trasmesso da TV Trwam e Radio Maryja.<\/p>\n\n\n\n<p>Gli ascoltatori che volevano ringraziare Dio per Radio Maryja sono arrivati a Toru\u0144 fin dal mattino. I pellegrini hanno visitato la sede della radio di Toru\u0144 in via \u017bwirki i Wigury, ma si sono anche recati al Santuario della Beata Vergine Maria Stella della Nuova Evangelizzazione e a San Giovanni Paolo II.<\/p>\n\n\n\n<p>&#8211; Radio Maryja \u00e8 tutta la mia vita. Ne ascolto una parte la sera da 32 anni, anche quando lavoravo in Bielorussia, fu una sorella di Poznan a chiamarmi e a dirmi: &#8220;Ascolta Radio Maryja&#8221;. Lo faccio con gioia. All&#8217;anniversario di Radio Maryja sono per la prima volta, ma da 32 anni ringrazio Dio per questo miracolo, il fenomeno della Madonna, di padre Tadeusz e dei Padri Redentoristi&#8221;, &#8211; ha detto suor J\u00f3zefa della congregazione delle Suore Missionarie di Cristo Re.<\/p>\n\n\n\n<p>Le celebrazioni principali del 32\u00b0 anniversario di Radio Maryja si sono svolte nella Sala dello Sport e dello Spettacolo a Torun. Alle 12.00 \u00e8 iniziata la meditazione in prima persona, seguita dalla recita del Rosario da parte dei fedeli. La preghiera del Rosario \u00e8 stata seguita da un concerto dell&#8217;Ensemble di canto e danza &#8220;Mazowsze&#8221;. Alle 15.00 i pellegrini hanno recitato la Coroncina della Divina Misericordia.<\/p>\n\n\n\n<p>Prima dell&#8217;inizio della Messa, il direttore di Radio Maryja, padre Tadeusz Rydzyk CSsR, si \u00e8 rivolto alle persone riunite. \u00c8 poi iniziata l&#8217;Eucaristia, presieduta dall&#8217;arcivescovo Wac\u0142aw Depo, metropolita di Cz\u0119stochowa.<\/p>\n\n\n\n<p>&#8211; Maria, stella della nuova evangelizzazione, alba del nuovo mondo, ti preghiamo con le parole di Giovanni Paolo II: &#8220;Concedi a tutti i credenti nel tuo Figlio di poter annunciare apertamente e coraggiosamente il Vangelo della Vita. Mostrati a noi come la madre della speranza incrollabile e veglia su tutti noi. Maria, con te diciamo: &#8220;Vieni, Signore Ges\u00f9!&#8221; &#8211; ha indicato l&#8217;arcivescovo Wac\u0142aw Depo nella sua omelia.<\/p>\n\n\n\n<p>Il Presidente Andrzej Duda ha indirizzato una lettera ai partecipanti alle celebrazioni del 32\u00b0 anniversario di Radio Maryja, che \u00e8 stata letta dal Capo della Cancelleria del Presidente della Repubblica di Polonia. Anche Mons. Wies\u0142aw \u015amigiel, vescovo della diocesi di Toru\u0144, si \u00e8 rivolto all&#8217;assemblea con la sua parola. <\/p>\n\n\n\n<p>&#8211; I media cattolici sono uno dei garanti del pluralismo e della ricerca della verit\u00e0 sull&#8217;uomo, sul mondo e sulla Chiesa. Nel suo insegnamento, Papa Francesco mette in guardia l&#8217;uomo moderno da varie forme di totalitarismo e colonizzazione ideologica, che cercano di appiattire la realt\u00e0 e privare l&#8217;uomo di una fede viva in Dio. La cura per questo mondo \u00e8 la ricerca coraggiosa della verit\u00e0, la discussione con argomenti, evitando l&#8217;aggressione, la menzogna, l&#8217;odio e cercando di costruire ponti piuttosto che accendere costantemente lo spirito di guerra e di vendetta. Purtroppo il mondo moderno \u00e8 pieno di tensioni, conflitti, guerre violente. Vorremmo tanto che nella nostra patria, che si chiama Polonia, regnassero la pace e uno spirito di prudente preoccupazione per il bene comune. I media cattolici dovrebbero aiutare in questo senso, poich\u00e9 sono guidati dal principio del servizio a Dio, alla Patria e all&#8217;uomo&#8221;, &#8211; ha indicato l&#8217;Ordinario della diocesi di Toru\u0144.<\/p>\n\n\n\n<p>Al termine dell&#8217;Eucaristia, Padre Dariusz Paszy\u0144ski CSsR, Superiore della Provincia di Varsavia dei Redentoristi, ha rivolto una parola ai pellegrini, ringraziandoli per il loro impegno nell&#8217;opera di evangelizzazione e incoraggiandoli a lavorare insieme per il bene comune.<\/p>\n\n\n\n<p>(radiomaryja.pl \/ redemptor.pl)<\/p>\n","protected":false},"excerpt":{"rendered":"<p>Sabato 2 dicembre 2023, Toru\u0144 ha celebrato il 32\u00b0 anniversario della fondazione di Radio Maryja. Il punto principale delle celebrazioni dell&#8217;anniversario \u00e8 stata la Santa Messa presieduta dall&#8217;arcivescovo Wac\u0142aw Depo, metropolita di Cz\u0119stochowa. L&#8217;evento \u00e8 stato trasmesso da TV Trwam e Radio Maryja. Gli ascoltatori che volevano ringraziare Dio per Radio Maryja sono arrivati a [&hellip;]<\/p>\n","protected":false},"author":23,"featured_media":23734,"comment_status":"closed","ping_status":"closed","sticky":false,"template":"","format":"standard","meta":{"_mi_skip_tracking":false},"categories":[26],"tags":[],"_links":{"self":[{"href":"https:\/\/www.cssr.news\/italian\/wp-json\/wp\/v2\/posts\/23733"}],"collection":[{"href":"https:\/\/www.cssr.news\/italian\/wp-json\/wp\/v2\/posts"}],"about":[{"href":"https:\/\/www.cssr.news\/italian\/wp-json\/wp\/v2\/types\/post"}],"author":[{"embeddable":true,"href":"https:\/\/www.cssr.news\/italian\/wp-json\/wp\/v2\/users\/23"}],"replies":[{"embeddable":true,"href":"https:\/\/www.cssr.news\/italian\/wp-json\/wp\/v2\/comments?post=23733"}],"version-history":[{"count":1,"href":"https:\/\/www.cssr.news\/italian\/wp-json\/wp\/v2\/posts\/23733\/revisions"}],"predecessor-version":[{"id":23735,"href":"https:\/\/www.cssr.news\/italian\/wp-json\/wp\/v2\/posts\/23733\/revisions\/23735"}],"wp:featuredmedia":[{"embeddable":true,"href":"https:\/\/www.cssr.news\/italian\/wp-json\/wp\/v2\/media\/23734"}],"wp:attachment":[{"href":"https:\/\/www.cssr.news\/italian\/wp-json\/wp\/v2\/media?parent=23733"}],"wp:term":[{"taxonomy":"category","embeddable":true,"href":"https:\/\/www.cssr.news\/italian\/wp-json\/wp\/v2\/categories?post=23733"},{"taxonomy":"post_tag","embeddable":true,"href":"https:\/\/www.cssr.news\/italian\/wp-json\/wp\/v2\/tags?post=23733"}],"curies":[{"name":"wp","href":"https:\/\/api.w.org\/{rel}","templated":true}]}}